{"id":8444,"date":"2018-08-09T15:21:06","date_gmt":"2018-08-09T18:21:06","guid":{"rendered":"http:\/\/www.sinprofaz.org.br\/?p=8444"},"modified":"2018-08-10T08:49:54","modified_gmt":"2018-08-10T11:49:54","slug":"presidente-do-sinprofaz-leva-pleitos-da-carreira-para-debate-em-reuniao-na-pgfn","status":"publish","type":"post","link":"https:\/\/sinprofaz.org.br\/2024\/noticias\/presidente-do-sinprofaz-leva-pleitos-da-carreira-para-debate-em-reuniao-na-pgfn\/","title":{"rendered":"PRESIDENTE DO SINPROFAZ LEVA PLEITOS DA CARREIRA PARA DEBATE EM REUNI\u00c3O NA PGFN"},"content":{"rendered":"<p>O SINPROFAZ, representado pelo presidente Achilles Frias, esteve reunido nesta quinta-feira (9) com o procurador-geral da Fazenda Nacional, Fabr\u00edcio Da Soller. A reuni\u00e3o, realizada em Bras\u00edlia\/DF, contou com as presen\u00e7as dos diretores substitutos da Diretoria do Departamento de Gest\u00e3o Corporativa da PGFN, Ronaldo Baptista e Jersilene Moura, respectivamente coordenador de Desenvolvimento Institucional (CODIN) e coordenadora de Gest\u00e3o de Pessoas (COGEP).<\/p>\n<p>Achilles Frias iniciou a reuni\u00e3o postulando pelo imediato esgotamento da lista do concurso para procurador da Fazenda Nacional, com a nomea\u00e7\u00e3o de todos os aprovados, tendo recebido, ent\u00e3o, uma boa not\u00edcia. Segundo a equipe de Gest\u00e3o Corporativa, vencidos os tr\u00e2mites burocr\u00e1ticos, o processo retornar\u00e1 ao Minist\u00e9rio da Fazenda, o qual deve efetivar as novas nomea\u00e7\u00f5es ainda neste m\u00eas de agosto.<\/p>\n<p>Outro importante tema debatido foi o do preterimento da Procuradoria-Geral da Fazenda Nacional em rela\u00e7\u00e3o aos demais \u00f3rg\u00e3os da AGU no que se refere ao recebimento de servidores cedidos pela Infraero. Na presen\u00e7a de Fabr\u00edcio Da Soller, o presidente do SINPROFAZ requereu a redistribui\u00e7\u00e3o dos empregados da Estatal isonomicamente entre todos os \u00f3rg\u00e3os da Advocacia-Geral da Uni\u00e3o. Sens\u00edvel \u00e0 quest\u00e3o, o procurador-geral informou que a PGFN j\u00e1 fez pleitos nesse sentido junto \u00e0 ministra Grace Mendon\u00e7a. Diante do impasse, o SINPROFAZ solicitar\u00e1 novo encontro com a advogada-geral para discutir o assunto, incluindo na pauta a possibilidade de cess\u00e3o de servidores dos Correios, dentre outras empresas p\u00fablicas.<\/p>\n<p>O SINPROFAZ ainda protocolou, a pedido de filiados, of\u00edcio no qual requereu a interlocu\u00e7\u00e3o do procurador-geral com o Minist\u00e9rio do Planejamento a fim de que seja efetivado, at\u00e9 o pr\u00f3ximo m\u00eas de outubro, o pagamento retroativo das vantagens pecuni\u00e1rias decorrentes da promo\u00e7\u00e3o 2017\/1, evitando-se, assim, a judicializa\u00e7\u00e3o da quest\u00e3o pelo Sindicato. Ciente, ent\u00e3o, do tema, Fabr\u00edcio Da Soller confirmou ao SINPROFAZ que intervir\u00e1 para solucionamento da quest\u00e3o em benef\u00edcio dos PFNs. <a href=\"https:\/\/www.sinprofaz.org.br\/pdfs\/oficio-073-pgfn.pdf\" rel=\"noopener\" target=\"_blank\">Confira aqui<\/a> o Of\u00edcio n\u00ba 73\/2018 protocolado.<\/p>\n<p>Quest\u00f5es espec\u00edficas de certas unidades, reportadas diariamente \u00e0 diretoria do SINPROFAZ, tamb\u00e9m foram levadas ao procurador-geral. Entre elas, estiveram preocupa\u00e7\u00f5es de filiados lotados em Cuiab\u00e1\/MT e em Presidente Prudente\/SP sendo, esta \u00faltima, relativa ao im\u00f3vel atualmente ocupado pela Procuradoria Seccional da Fazenda Nacional.<\/p>\n\n\t\t<style type=\"text\/css\">\n\t\t\t#gallery-1 {\n\t\t\t\tmargin: auto;\n\t\t\t}\n\t\t\t#gallery-1 .gallery-item {\n\t\t\t\tfloat: left;\n\t\t\t\tmargin-top: 10px;\n\t\t\t\ttext-align: center;\n\t\t\t\twidth: 33%;\n\t\t\t}\n\t\t\t#gallery-1 img {\n\t\t\t\tborder: 2px solid #cfcfcf;\n\t\t\t}\n\t\t\t#gallery-1 .gallery-caption {\n\t\t\t\tmargin-left: 0;\n\t\t\t}\n\t\t\t\/* see gallery_shortcode() in wp-includes\/media.php *\/\n\t\t<\/style>\n\t\t<div id='gallery-1' class='gallery galleryid-8444 gallery-columns-3 gallery-size-thumbnail'><dl class='gallery-item'>\n\t\t\t<dt class='gallery-icon landscape'>\n\t\t\t\t<a href='https:\/\/sinprofaz.org.br\/2024\/wp-content\/uploads\/2018\/08\/023.jpg'><img loading=\"lazy\" decoding=\"async\" width=\"150\" height=\"150\" src=\"https:\/\/sinprofaz.org.br\/2024\/wp-content\/uploads\/2018\/08\/023-150x150.jpg\" class=\"attachment-thumbnail size-thumbnail\" alt=\"\" \/><\/a>\n\t\t\t<\/dt><\/dl><dl class='gallery-item'>\n\t\t\t<dt class='gallery-icon landscape'>\n\t\t\t\t<a href='https:\/\/sinprofaz.org.br\/2024\/wp-content\/uploads\/2018\/08\/031.jpg'><img loading=\"lazy\" decoding=\"async\" width=\"150\" height=\"150\" src=\"https:\/\/sinprofaz.org.br\/2024\/wp-content\/uploads\/2018\/08\/031-150x150.jpg\" class=\"attachment-thumbnail size-thumbnail\" alt=\"\" \/><\/a>\n\t\t\t<\/dt><\/dl><dl class='gallery-item'>\n\t\t\t<dt class='gallery-icon landscape'>\n\t\t\t\t<a href='https:\/\/sinprofaz.org.br\/2024\/wp-content\/uploads\/2018\/08\/04.jpg'><img loading=\"lazy\" decoding=\"async\" width=\"150\" height=\"150\" src=\"https:\/\/sinprofaz.org.br\/2024\/wp-content\/uploads\/2018\/08\/04-150x150.jpg\" class=\"attachment-thumbnail size-thumbnail\" alt=\"\" \/><\/a>\n\t\t\t<\/dt><\/dl><br style=\"clear: both\" \/>\n\t\t<\/div>\n\n","protected":false},"excerpt":{"rendered":"<p>O SINPROFAZ, representado pelo presidente Achilles Frias, esteve reunido nesta quinta-feira (9) com o procurador-geral da Fazenda Nacional, Fabr\u00edcio Da Soller. A reuni\u00e3o contou com as presen\u00e7as de Ronaldo Baptista e Jersilene Moura.<\/p>\n","protected":false},"author":2,"featured_media":8445,"comment_status":"open","ping_status":"open","sticky":false,"template":"","format":"standard","meta":{"footnotes":""},"categories":[8],"tags":[32,44,25],"featured_image_url":"https:\/\/sinprofaz.org.br\/2024\/wp-content\/uploads\/2018\/08\/012-800x198.jpg","character_count":1435,"formatted_date":"09\/08\/2018 - 15:21","contentNovo":"O SINPROFAZ, representado pelo presidente Achilles Frias, esteve reunido nesta quinta-feira (9) com o procurador-geral da Fazenda Nacional, Fabr\u00edcio Da Soller. A reuni\u00e3o, realizada em Bras\u00edlia\/DF, contou com as presen\u00e7as dos diretores substitutos da Diretoria do Departamento de Gest\u00e3o Corporativa da PGFN, Ronaldo Baptista e Jersilene Moura, respectivamente coordenador de Desenvolvimento Institucional (CODIN) e coordenadora de Gest\u00e3o de Pessoas (COGEP).\r\n\r\nAchilles Frias iniciou a reuni\u00e3o postulando pelo imediato esgotamento da lista do concurso para procurador da Fazenda Nacional, com a nomea\u00e7\u00e3o de todos os aprovados, tendo recebido, ent\u00e3o, uma boa not\u00edcia. Segundo a equipe de Gest\u00e3o Corporativa, vencidos os tr\u00e2mites burocr\u00e1ticos, o processo retornar\u00e1 ao Minist\u00e9rio da Fazenda, o qual deve efetivar as novas nomea\u00e7\u00f5es ainda neste m\u00eas de agosto.\r\n\r\nOutro importante tema debatido foi o do preterimento da Procuradoria-Geral da Fazenda Nacional em rela\u00e7\u00e3o aos demais \u00f3rg\u00e3os da AGU no que se refere ao recebimento de servidores cedidos pela Infraero. Na presen\u00e7a de Fabr\u00edcio Da Soller, o presidente do SINPROFAZ requereu a redistribui\u00e7\u00e3o dos empregados da Estatal isonomicamente entre todos os \u00f3rg\u00e3os da Advocacia-Geral da Uni\u00e3o. Sens\u00edvel \u00e0 quest\u00e3o, o procurador-geral informou que a PGFN j\u00e1 fez pleitos nesse sentido junto \u00e0 ministra Grace Mendon\u00e7a. Diante do impasse, o SINPROFAZ solicitar\u00e1 novo encontro com a advogada-geral para discutir o assunto, incluindo na pauta a possibilidade de cess\u00e3o de servidores dos Correios, dentre outras empresas p\u00fablicas.\r\n\r\nO SINPROFAZ ainda protocolou, a pedido de filiados, of\u00edcio no qual requereu a interlocu\u00e7\u00e3o do procurador-geral com o Minist\u00e9rio do Planejamento a fim de que seja efetivado, at\u00e9 o pr\u00f3ximo m\u00eas de outubro, o pagamento retroativo das vantagens pecuni\u00e1rias decorrentes da promo\u00e7\u00e3o 2017\/1, evitando-se, assim, a judicializa\u00e7\u00e3o da quest\u00e3o pelo Sindicato. Ciente, ent\u00e3o, do tema, Fabr\u00edcio Da Soller confirmou ao SINPROFAZ que intervir\u00e1 para solucionamento da quest\u00e3o em benef\u00edcio dos PFNs. <a href=\"https:\/\/www.sinprofaz.org.br\/pdfs\/oficio-073-pgfn.pdf\" rel=\"noopener\" target=\"_blank\">Confira aqui<\/a> o Of\u00edcio n\u00ba 73\/2018 protocolado.\r\n\r\nQuest\u00f5es espec\u00edficas de certas unidades, reportadas diariamente \u00e0 diretoria do SINPROFAZ, tamb\u00e9m foram levadas ao procurador-geral. Entre elas, estiveram preocupa\u00e7\u00f5es de filiados lotados em Cuiab\u00e1\/MT e em Presidente Prudente\/SP sendo, esta \u00faltima, relativa ao im\u00f3vel atualmente ocupado pela Procuradoria Seccional da Fazenda Nacional.\r\n\r\n[gallery link=\"file\" ids=\"8446,8447,8448\"]","_links":{"self":[{"href":"https:\/\/sinprofaz.org.br\/2024\/wp-json\/wp\/v2\/posts\/8444"}],"collection":[{"href":"https:\/\/sinprofaz.org.br\/2024\/wp-json\/wp\/v2\/posts"}],"about":[{"href":"https:\/\/sinprofaz.org.br\/2024\/wp-json\/wp\/v2\/types\/post"}],"author":[{"embeddable":true,"href":"https:\/\/sinprofaz.org.br\/2024\/wp-json\/wp\/v2\/users\/2"}],"replies":[{"embeddable":true,"href":"https:\/\/sinprofaz.org.br\/2024\/wp-json\/wp\/v2\/comments?post=8444"}],"version-history":[{"count":1,"href":"https:\/\/sinprofaz.org.br\/2024\/wp-json\/wp\/v2\/posts\/8444\/revisions"}],"predecessor-version":[{"id":8449,"href":"https:\/\/sinprofaz.org.br\/2024\/wp-json\/wp\/v2\/posts\/8444\/revisions\/8449"}],"wp:featuredmedia":[{"embeddable":true,"href":"https:\/\/sinprofaz.org.br\/2024\/wp-json\/wp\/v2\/media\/8445"}],"wp:attachment":[{"href":"https:\/\/sinprofaz.org.br\/2024\/wp-json\/wp\/v2\/media?parent=8444"}],"wp:term":[{"taxonomy":"category","embeddable":true,"href":"https:\/\/sinprofaz.org.br\/2024\/wp-json\/wp\/v2\/categories?post=8444"},{"taxonomy":"post_tag","embeddable":true,"href":"https:\/\/sinprofaz.org.br\/2024\/wp-json\/wp\/v2\/tags?post=8444"}],"curies":[{"name":"wp","href":"https:\/\/api.w.org\/{rel}","templated":true}]}}