{"id":8436,"date":"2018-08-09T08:55:41","date_gmt":"2018-08-09T11:55:41","guid":{"rendered":"http:\/\/www.sinprofaz.org.br\/?p=8436"},"modified":"2018-08-09T08:55:41","modified_gmt":"2018-08-09T11:55:41","slug":"primeiro-diagnostico-da-carreira-conta-com-macica-participacao-dos-filiados","status":"publish","type":"post","link":"https:\/\/sinprofaz.org.br\/2024\/noticias\/primeiro-diagnostico-da-carreira-conta-com-macica-participacao-dos-filiados\/","title":{"rendered":"PRIMEIRO DIAGN\u00d3STICO DA CARREIRA CONTA COM MACI\u00c7A PARTICIPA\u00c7\u00c3O DOS FILIADOS"},"content":{"rendered":"<p>A participa\u00e7\u00e3o dos filiados no Primeiro Diagn\u00f3stico da Carreira de Procurador da Fazenda Nacional superou as expectativas!<\/p>\n<p>A partir da an\u00e1lise das opini\u00f5es dos PFNs, o SINPROFAZ conseguir\u00e1 tra\u00e7ar um amplo panorama da Carreira, identificando as percep\u00e7\u00f5es coletivas a respeito das Condi\u00e7\u00f5es de Vida e de Trabalho, Identidade Profissional, Desempenho das Procuradorias e Representatividade Sindical. O Diagn\u00f3stico nortear\u00e1 n\u00e3o apenas a atua\u00e7\u00e3o do SINPROFAZ em defesa dos filiados, como pode tamb\u00e9m orientar as medidas tomadas no \u00e2mbito da Administra\u00e7\u00e3o pela PGFN.<\/p>\n<p>Reiteramos que todas as respostas \u00e0 pesquisa ser\u00e3o mantidas sob estrita guarda da empresa respons\u00e1vel pelo Diagn\u00f3stico, a qual est\u00e1 contratualmente impedida de revelar tal conte\u00fado ou fazer qualquer esp\u00e9cie de compartilhamento.<\/p>\n<p>O SINPROFAZ agradece a maci\u00e7a participa\u00e7\u00e3o dos filiados e lembra: na pr\u00f3xima segunda-feira, a Diretoria realizar\u00e1 os sorteios de um iPhone 8 e de um MacBook. Se voc\u00ea \u00e9 filiado e respondeu ao Diagn\u00f3stico, j\u00e1 est\u00e1 concorrendo. Boa sorte!<\/p>\n","protected":false},"excerpt":{"rendered":"<p>O SINPROFAZ agradece a maci\u00e7a participa\u00e7\u00e3o dos filiados e lembra: na pr\u00f3xima segunda-feira, a Diretoria realizar\u00e1 os sorteios de um iPhone 8 e de um MacBook. Se voc\u00ea \u00e9 filiado e respondeu ao Diagn\u00f3stico, j\u00e1 est\u00e1 concorrendo. Boa sorte!<\/p>\n","protected":false},"author":2,"featured_media":8193,"comment_status":"open","ping_status":"open","sticky":false,"template":"","format":"standard","meta":{"footnotes":""},"categories":[8],"tags":[32,130,25],"featured_image_url":"https:\/\/sinprofaz.org.br\/2024\/wp-content\/uploads\/2018\/06\/banner_site_noticias_dignostico3-1-300x198.png","character_count":532,"formatted_date":"09\/08\/2018 - 08:55","contentNovo":"A participa\u00e7\u00e3o dos filiados no Primeiro Diagn\u00f3stico da Carreira de Procurador da Fazenda Nacional superou as expectativas!\r\n\r\nA partir da an\u00e1lise das opini\u00f5es dos PFNs, o SINPROFAZ conseguir\u00e1 tra\u00e7ar um amplo panorama da Carreira, identificando as percep\u00e7\u00f5es coletivas a respeito das Condi\u00e7\u00f5es de Vida e de Trabalho, Identidade Profissional, Desempenho das Procuradorias e Representatividade Sindical. O Diagn\u00f3stico nortear\u00e1 n\u00e3o apenas a atua\u00e7\u00e3o do SINPROFAZ em defesa dos filiados, como pode tamb\u00e9m orientar as medidas tomadas no \u00e2mbito da Administra\u00e7\u00e3o pela PGFN.\r\n\r\nReiteramos que todas as respostas \u00e0 pesquisa ser\u00e3o mantidas sob estrita guarda da empresa respons\u00e1vel pelo Diagn\u00f3stico, a qual est\u00e1 contratualmente impedida de revelar tal conte\u00fado ou fazer qualquer esp\u00e9cie de compartilhamento.\r\n\r\nO SINPROFAZ agradece a maci\u00e7a participa\u00e7\u00e3o dos filiados e lembra: na pr\u00f3xima segunda-feira, a Diretoria realizar\u00e1 os sorteios de um iPhone 8 e de um MacBook. Se voc\u00ea \u00e9 filiado e respondeu ao Diagn\u00f3stico, j\u00e1 est\u00e1 concorrendo. Boa sorte!","_links":{"self":[{"href":"https:\/\/sinprofaz.org.br\/2024\/wp-json\/wp\/v2\/posts\/8436"}],"collection":[{"href":"https:\/\/sinprofaz.org.br\/2024\/wp-json\/wp\/v2\/posts"}],"about":[{"href":"https:\/\/sinprofaz.org.br\/2024\/wp-json\/wp\/v2\/types\/post"}],"author":[{"embeddable":true,"href":"https:\/\/sinprofaz.org.br\/2024\/wp-json\/wp\/v2\/users\/2"}],"replies":[{"embeddable":true,"href":"https:\/\/sinprofaz.org.br\/2024\/wp-json\/wp\/v2\/comments?post=8436"}],"version-history":[{"count":1,"href":"https:\/\/sinprofaz.org.br\/2024\/wp-json\/wp\/v2\/posts\/8436\/revisions"}],"predecessor-version":[{"id":8437,"href":"https:\/\/sinprofaz.org.br\/2024\/wp-json\/wp\/v2\/posts\/8436\/revisions\/8437"}],"wp:featuredmedia":[{"embeddable":true,"href":"https:\/\/sinprofaz.org.br\/2024\/wp-json\/wp\/v2\/media\/8193"}],"wp:attachment":[{"href":"https:\/\/sinprofaz.org.br\/2024\/wp-json\/wp\/v2\/media?parent=8436"}],"wp:term":[{"taxonomy":"category","embeddable":true,"href":"https:\/\/sinprofaz.org.br\/2024\/wp-json\/wp\/v2\/categories?post=8436"},{"taxonomy":"post_tag","embeddable":true,"href":"https:\/\/sinprofaz.org.br\/2024\/wp-json\/wp\/v2\/tags?post=8436"}],"curies":[{"name":"wp","href":"https:\/\/api.w.org\/{rel}","templated":true}]}}