{"id":8424,"date":"2018-08-08T17:22:34","date_gmt":"2018-08-08T20:22:34","guid":{"rendered":"http:\/\/www.sinprofaz.org.br\/?p=8424"},"modified":"2018-08-09T08:56:47","modified_gmt":"2018-08-09T11:56:47","slug":"sinprofaz-participa-de-debate-sobre-sonegacao-fiscal-em-porto-alegre","status":"publish","type":"post","link":"https:\/\/sinprofaz.org.br\/2024\/noticias\/sinprofaz-participa-de-debate-sobre-sonegacao-fiscal-em-porto-alegre\/","title":{"rendered":"SINPROFAZ PARTICIPA DE DEBATE SOBRE SONEGA\u00c7\u00c3O FISCAL EM PORTO ALEGRE"},"content":{"rendered":"<p>O SINPROFAZ, representado pelo presidente Achilles Frias, comp\u00f4s na ter\u00e7a-feira (7) a mesa de painelistas do 17\u00ba SEFAZ Debate, realizado na Assembleia Legislativa do Rio Grande do Sul. O evento \u00e9 promovido anualmente pelo Afocefe Sindicato, entidade representativa dos t\u00e9cnicos tribut\u00e1rios da Receita Estadual do Rio Grande do Sul. Com o tema &#8220;Sonega\u00e7\u00e3o Fiscal &#8211; A sociedade \u00e9 conivente?&#8221;, o 17\u00ba SEFAZ se prop\u00f4s a refletir sobre os preju\u00edzos da cultura da sonega\u00e7\u00e3o e a desconstruir o discurso de que a pr\u00e1tica \u00e9 leg\u00edtima defesa contra a alta carga tribut\u00e1ria e a car\u00eancia de servi\u00e7os p\u00fablicos de qualidade.<\/p>\n<p>Em exposi\u00e7\u00e3o aos presentes, Achilles Frias destacou que a atua\u00e7\u00e3o dos procuradores da Fazenda Nacional vai al\u00e9m da cobran\u00e7a da d\u00edvida ativa da Uni\u00e3o, sendo fundamental, especialmente, ao combate \u00e0 sonega\u00e7\u00e3o e \u00e0 corrup\u00e7\u00e3o. De acordo com o presidente do SINPROFAZ, o estoque da d\u00edvida ativa \u00e9, atualmente, superior a R$ 1,8 trilh\u00e3o, sendo quase R$ 500 bilh\u00f5es apenas de d\u00edvida previdenci\u00e1ria. &#8220;A despeito dos exorbitantes valores, de tempos em tempos, o governo promove parcelamentos generosos, os conhecidos Refis, que representam uma grande desonestidade com o bom pagador&#8221;, alertou em discurso ao p\u00fablico.<\/p>\n<p>O evento foi prestigiado pela diretora do SINPROFAZ Iolanda Guindani, por Renata Valle, membro do Conselho Fiscal do Sindicato, e por Jos\u00e9 Carlos Loch e Rafael Colembergue, delegados sindicais no Rio Grande do Sul.<\/p>\n<p><strong>Soneg\u00f4metro RS<\/strong><br \/>\nInspirado pelo SINPROFAZ, o Afocefe Sindicato lan\u00e7ou o Soneg\u00f4metro RS, placar que mede o quanto o Rio Grande do Sul deixa de arrecadar com a sonega\u00e7\u00e3o do principal tributo estadual, o Imposto sobre Circula\u00e7\u00e3o de Mercadorias e Servi\u00e7o (ICMS). Conforme o placar, hospedado no site <a href=\"http:\/\/www.afocefe.org.br\/#sonega\" target=\"_blank\">www.afocefe.org.br\/#sonega<\/a>, o Estado perdeu, desde o dia 1\u00ba de janeiro, mais de R$ 5,4 bilh\u00f5es em decorr\u00eancia da evas\u00e3o fiscal.<\/p>\n\n\t\t<style type=\"text\/css\">\n\t\t\t#gallery-1 {\n\t\t\t\tmargin: auto;\n\t\t\t}\n\t\t\t#gallery-1 .gallery-item {\n\t\t\t\tfloat: left;\n\t\t\t\tmargin-top: 10px;\n\t\t\t\ttext-align: center;\n\t\t\t\twidth: 33%;\n\t\t\t}\n\t\t\t#gallery-1 img {\n\t\t\t\tborder: 2px solid #cfcfcf;\n\t\t\t}\n\t\t\t#gallery-1 .gallery-caption {\n\t\t\t\tmargin-left: 0;\n\t\t\t}\n\t\t\t\/* see gallery_shortcode() in wp-includes\/media.php *\/\n\t\t<\/style>\n\t\t<div id='gallery-1' class='gallery galleryid-8424 gallery-columns-3 gallery-size-thumbnail'><dl class='gallery-item'>\n\t\t\t<dt class='gallery-icon landscape'>\n\t\t\t\t<a href='https:\/\/sinprofaz.org.br\/2024\/wp-content\/uploads\/2018\/08\/021.jpg'><img loading=\"lazy\" decoding=\"async\" width=\"150\" height=\"150\" src=\"https:\/\/sinprofaz.org.br\/2024\/wp-content\/uploads\/2018\/08\/021-150x150.jpg\" class=\"attachment-thumbnail size-thumbnail\" alt=\"\" \/><\/a>\n\t\t\t<\/dt><\/dl><dl class='gallery-item'>\n\t\t\t<dt class='gallery-icon landscape'>\n\t\t\t\t<a href='https:\/\/sinprofaz.org.br\/2024\/wp-content\/uploads\/2018\/08\/03.jpg'><img loading=\"lazy\" decoding=\"async\" width=\"150\" height=\"150\" src=\"https:\/\/sinprofaz.org.br\/2024\/wp-content\/uploads\/2018\/08\/03-150x150.jpg\" class=\"attachment-thumbnail size-thumbnail\" alt=\"\" \/><\/a>\n\t\t\t<\/dt><\/dl><dl class='gallery-item'>\n\t\t\t<dt class='gallery-icon landscape'>\n\t\t\t\t<a href='https:\/\/sinprofaz.org.br\/2024\/wp-content\/uploads\/2018\/08\/004.jpg'><img loading=\"lazy\" decoding=\"async\" width=\"150\" height=\"150\" src=\"https:\/\/sinprofaz.org.br\/2024\/wp-content\/uploads\/2018\/08\/004-150x150.jpg\" class=\"attachment-thumbnail size-thumbnail\" alt=\"\" \/><\/a>\n\t\t\t<\/dt><\/dl><br style=\"clear: both\" \/>\n\t\t<\/div>\n\n","protected":false},"excerpt":{"rendered":"<p>O SINPROFAZ, representado pelo presidente Achilles Frias, comp\u00f4s na ter\u00e7a-feira (7) a mesa de painelistas do 17\u00ba SEFAZ Debate, realizado na Assembleia Legislativa do Rio Grande do Sul. O evento \u00e9 promovido anualmente pelo Afocefe Sindicato.<\/p>\n","protected":false},"author":2,"featured_media":8425,"comment_status":"open","ping_status":"open","sticky":false,"template":"","format":"standard","meta":{"footnotes":""},"categories":[8],"tags":[32,25],"featured_image_url":"https:\/\/sinprofaz.org.br\/2024\/wp-content\/uploads\/2018\/08\/011-800x198.jpg","character_count":1158,"formatted_date":"08\/08\/2018 - 17:22","contentNovo":"O SINPROFAZ, representado pelo presidente Achilles Frias, comp\u00f4s na ter\u00e7a-feira (7) a mesa de painelistas do 17\u00ba SEFAZ Debate, realizado na Assembleia Legislativa do Rio Grande do Sul. O evento \u00e9 promovido anualmente pelo Afocefe Sindicato, entidade representativa dos t\u00e9cnicos tribut\u00e1rios da Receita Estadual do Rio Grande do Sul. Com o tema \"Sonega\u00e7\u00e3o Fiscal - A sociedade \u00e9 conivente?\", o 17\u00ba SEFAZ se prop\u00f4s a refletir sobre os preju\u00edzos da cultura da sonega\u00e7\u00e3o e a desconstruir o discurso de que a pr\u00e1tica \u00e9 leg\u00edtima defesa contra a alta carga tribut\u00e1ria e a car\u00eancia de servi\u00e7os p\u00fablicos de qualidade.\r\n\r\nEm exposi\u00e7\u00e3o aos presentes, Achilles Frias destacou que a atua\u00e7\u00e3o dos procuradores da Fazenda Nacional vai al\u00e9m da cobran\u00e7a da d\u00edvida ativa da Uni\u00e3o, sendo fundamental, especialmente, ao combate \u00e0 sonega\u00e7\u00e3o e \u00e0 corrup\u00e7\u00e3o. De acordo com o presidente do SINPROFAZ, o estoque da d\u00edvida ativa \u00e9, atualmente, superior a R$ 1,8 trilh\u00e3o, sendo quase R$ 500 bilh\u00f5es apenas de d\u00edvida previdenci\u00e1ria. \"A despeito dos exorbitantes valores, de tempos em tempos, o governo promove parcelamentos generosos, os conhecidos Refis, que representam uma grande desonestidade com o bom pagador\", alertou em discurso ao p\u00fablico.\r\n\r\nO evento foi prestigiado pela diretora do SINPROFAZ Iolanda Guindani, por Renata Valle, membro do Conselho Fiscal do Sindicato, e por Jos\u00e9 Carlos Loch e Rafael Colembergue, delegados sindicais no Rio Grande do Sul.\r\n\r\n<strong>Soneg\u00f4metro RS<\/strong>\r\nInspirado pelo SINPROFAZ, o Afocefe Sindicato lan\u00e7ou o Soneg\u00f4metro RS, placar que mede o quanto o Rio Grande do Sul deixa de arrecadar com a sonega\u00e7\u00e3o do principal tributo estadual, o Imposto sobre Circula\u00e7\u00e3o de Mercadorias e Servi\u00e7o (ICMS). Conforme o placar, hospedado no site <a href=\"http:\/\/www.afocefe.org.br\/#sonega\" target=\"_blank\">www.afocefe.org.br\/#sonega<\/a>, o Estado perdeu, desde o dia 1\u00ba de janeiro, mais de R$ 5,4 bilh\u00f5es em decorr\u00eancia da evas\u00e3o fiscal.\r\n\r\n[gallery link=\"file\" ids=\"8426,8428,8433\"]","_links":{"self":[{"href":"https:\/\/sinprofaz.org.br\/2024\/wp-json\/wp\/v2\/posts\/8424"}],"collection":[{"href":"https:\/\/sinprofaz.org.br\/2024\/wp-json\/wp\/v2\/posts"}],"about":[{"href":"https:\/\/sinprofaz.org.br\/2024\/wp-json\/wp\/v2\/types\/post"}],"author":[{"embeddable":true,"href":"https:\/\/sinprofaz.org.br\/2024\/wp-json\/wp\/v2\/users\/2"}],"replies":[{"embeddable":true,"href":"https:\/\/sinprofaz.org.br\/2024\/wp-json\/wp\/v2\/comments?post=8424"}],"version-history":[{"count":6,"href":"https:\/\/sinprofaz.org.br\/2024\/wp-json\/wp\/v2\/posts\/8424\/revisions"}],"predecessor-version":[{"id":8434,"href":"https:\/\/sinprofaz.org.br\/2024\/wp-json\/wp\/v2\/posts\/8424\/revisions\/8434"}],"wp:featuredmedia":[{"embeddable":true,"href":"https:\/\/sinprofaz.org.br\/2024\/wp-json\/wp\/v2\/media\/8425"}],"wp:attachment":[{"href":"https:\/\/sinprofaz.org.br\/2024\/wp-json\/wp\/v2\/media?parent=8424"}],"wp:term":[{"taxonomy":"category","embeddable":true,"href":"https:\/\/sinprofaz.org.br\/2024\/wp-json\/wp\/v2\/categories?post=8424"},{"taxonomy":"post_tag","embeddable":true,"href":"https:\/\/sinprofaz.org.br\/2024\/wp-json\/wp\/v2\/tags?post=8424"}],"curies":[{"name":"wp","href":"https:\/\/api.w.org\/{rel}","templated":true}]}}