{"id":84,"date":"2010-03-09T18:50:21","date_gmt":"2010-03-09T18:50:21","guid":{"rendered":""},"modified":"2016-03-15T12:30:11","modified_gmt":"2016-03-15T12:30:11","slug":"assembleia-geral-ordinaria-discute-temas-de-interesse-da-categoria-no-dia-27-em-sao-paulo","status":"publish","type":"post","link":"https:\/\/sinprofaz.org.br\/2024\/noticias\/assembleia-geral-ordinaria-discute-temas-de-interesse-da-categoria-no-dia-27-em-sao-paulo\/","title":{"rendered":"Assembleia Geral Ordin\u00e1ria discute temas de interesse da categoria no dia 27 em S\u00e3o Paulo"},"content":{"rendered":"<p>Tamb\u00e9m ser\u00e3o discutidas as propostas de reforma da LOAGU feitas pela Advocacia Geral da Uni\u00e3o (AGU) e propostas de redistribui\u00e7\u00e3o mais equ\u00e2nime de cargos, com remanejamentos para a categoria especial para a promo\u00e7\u00e3o.<\/p>\n<p>A AGO est\u00e1 prevista para ter in\u00edcio \u00e0s 9h. Os associados podem participar por procura\u00e7\u00e3o, dispon\u00edvel no link abaixo.<\/p>\n<ul>\n<li><a class=\"jce_file\" title=\"Edital de Convoca\u00e7\u00e3o\" href=\"images\/stories\/pdfs\/PAUTA.pdf\" target=\"_blank\"><img decoding=\"async\" class=\"jce_icon\" style=\"border: 0px; margin-right: 5px; vertical-align: middle;\" title=\"pdf\" src=\"images\/stories\/page_white_acrobat.png\" alt=\"page white acrobat\" \/>Edital de Convoca\u00e7\u00e3o<\/a><\/li>\n<li><a class=\"jce_file\" title=\"Procura\u00e7\u00e3o\" href=\"images\/stories\/pdfs\/PROCURACAO.pdf\" target=\"_blank\"><img decoding=\"async\" class=\"jce_icon\" style=\"border: 0px; margin-right: 5px; vertical-align: middle;\" title=\"pdf\" src=\"images\/stories\/page_white_acrobat.png\" alt=\"\" \/>Procura\u00e7\u00e3o<\/a><\/li>\n<\/ul>\n","protected":false},"excerpt":{"rendered":"<p>O Sinprofaz realiza no dia 27 de mar\u00e7o, em S\u00e3o Paulo, Assembleia Geral Ordin\u00e1ria (AGO) para discutir uma s\u00e9rie de temas de interesse da categoria. Entre os assuntos em pauta est\u00e3o a an\u00e1lise da previs\u00e3o de Or\u00e7amento de 2010 e a presta\u00e7\u00e3o de contas de 2009.<\/p>\n","protected":false},"author":1,"featured_media":2626,"comment_status":"closed","ping_status":"open","sticky":false,"template":"","format":"standard","meta":{"footnotes":""},"categories":[8],"tags":[],"featured_image_url":"https:\/\/sinprofaz.org.br\/2024\/wp-content\/uploads\/2016\/01\/logo-sinprofaz.jpg","character_count":193,"formatted_date":"09\/03\/2010 - 18:50","contentNovo":"Tamb\u00e9m ser\u00e3o discutidas as propostas de reforma da LOAGU feitas pela Advocacia Geral da Uni\u00e3o (AGU) e propostas de redistribui\u00e7\u00e3o mais equ\u00e2nime de cargos, com remanejamentos para a categoria especial para a promo\u00e7\u00e3o.\r\n\r\nA AGO est\u00e1 prevista para ter in\u00edcio \u00e0s 9h. Os associados podem participar por procura\u00e7\u00e3o, dispon\u00edvel no link abaixo.\r\n\r\n\t<a class=\"jce_file\" title=\"Edital de Convoca\u00e7\u00e3o\" href=\"images\/stories\/pdfs\/PAUTA.pdf\" target=\"_blank\">Edital de Convoca\u00e7\u00e3o<\/a>\r\n\t<a class=\"jce_file\" title=\"Procura\u00e7\u00e3o\" href=\"images\/stories\/pdfs\/PROCURACAO.pdf\" target=\"_blank\">Procura\u00e7\u00e3o<\/a>\r\n","_links":{"self":[{"href":"https:\/\/sinprofaz.org.br\/2024\/wp-json\/wp\/v2\/posts\/84"}],"collection":[{"href":"https:\/\/sinprofaz.org.br\/2024\/wp-json\/wp\/v2\/posts"}],"about":[{"href":"https:\/\/sinprofaz.org.br\/2024\/wp-json\/wp\/v2\/types\/post"}],"author":[{"embeddable":true,"href":"https:\/\/sinprofaz.org.br\/2024\/wp-json\/wp\/v2\/users\/1"}],"replies":[{"embeddable":true,"href":"https:\/\/sinprofaz.org.br\/2024\/wp-json\/wp\/v2\/comments?post=84"}],"version-history":[{"count":2,"href":"https:\/\/sinprofaz.org.br\/2024\/wp-json\/wp\/v2\/posts\/84\/revisions"}],"predecessor-version":[{"id":3617,"href":"https:\/\/sinprofaz.org.br\/2024\/wp-json\/wp\/v2\/posts\/84\/revisions\/3617"}],"wp:featuredmedia":[{"embeddable":true,"href":"https:\/\/sinprofaz.org.br\/2024\/wp-json\/wp\/v2\/media\/2626"}],"wp:attachment":[{"href":"https:\/\/sinprofaz.org.br\/2024\/wp-json\/wp\/v2\/media?parent=84"}],"wp:term":[{"taxonomy":"category","embeddable":true,"href":"https:\/\/sinprofaz.org.br\/2024\/wp-json\/wp\/v2\/categories?post=84"},{"taxonomy":"post_tag","embeddable":true,"href":"https:\/\/sinprofaz.org.br\/2024\/wp-json\/wp\/v2\/tags?post=84"}],"curies":[{"name":"wp","href":"https:\/\/api.w.org\/{rel}","templated":true}]}}