{"id":8396,"date":"2018-07-27T09:59:55","date_gmt":"2018-07-27T12:59:55","guid":{"rendered":"http:\/\/www.sinprofaz.org.br\/?p=8396"},"modified":"2018-07-27T09:59:55","modified_gmt":"2018-07-27T12:59:55","slug":"informacao-aos-filiados-acao-para-obtencao-de-informacao-do-valor-do-beneficio-especial","status":"publish","type":"post","link":"https:\/\/sinprofaz.org.br\/2024\/noticias\/informacao-aos-filiados-acao-para-obtencao-de-informacao-do-valor-do-beneficio-especial\/","title":{"rendered":"INFORMA\u00c7\u00c3O AOS FILIADOS: A\u00c7\u00c3O PARA OBTEN\u00c7\u00c3O DE INFORMA\u00c7\u00c3O DO VALOR DO BENEF\u00cdCIO ESPECIAL"},"content":{"rendered":"<p>O F\u00f3rum Nacional da Advocacia P\u00fablica Federal ajuizou a\u00e7\u00e3o com vistas a obrigar a Uni\u00e3o a apresentar o valor definitivo do Benef\u00edcio Especial que ser\u00e1 devido a cada um dos filiados que optarem pela migra\u00e7\u00e3o para o regime sujeito ao limite m\u00e1ximo estabelecido para as contribui\u00e7\u00f5es e benef\u00edcios do RGPS (Lei n\u00ba 12.618\/2012). A a\u00e7\u00e3o foi autuada sob o n\u00ba 1014341-04.2018.4.01.3400 e aguarda-se a an\u00e1lise do pedido de tutela de urg\u00eancia.<\/p>\n<p>O SINPROFAZ alerta a seus filiados que a a\u00e7\u00e3o em refer\u00eancia n\u00e3o tem por objeto a prorroga\u00e7\u00e3o do prazo para a manifesta\u00e7\u00e3o da op\u00e7\u00e3o de migra\u00e7\u00e3o de regime de previd\u00eancia. Os pedidos formulados t\u00eam por prop\u00f3sito t\u00e3o somente esclarecer o valor do Benef\u00edcio Especial para aqueles Procuradores que fizerem a op\u00e7\u00e3o pela migra\u00e7\u00e3o de regime dentro do prazo legal.<\/p>\n","protected":false},"excerpt":{"rendered":"<p>O SINPROFAZ alerta que a a\u00e7\u00e3o em refer\u00eancia n\u00e3o tem por objeto a prorroga\u00e7\u00e3o do prazo para manifesta\u00e7\u00e3o da op\u00e7\u00e3o de migra\u00e7\u00e3o de regime de previd\u00eancia, mas t\u00e3o somente esclarecer o valor do Benef\u00edcio Especial.<\/p>\n","protected":false},"author":2,"featured_media":2626,"comment_status":"open","ping_status":"open","sticky":false,"template":"","format":"standard","meta":{"footnotes":""},"categories":[8],"tags":[66,32,126,25],"featured_image_url":"https:\/\/sinprofaz.org.br\/2024\/wp-content\/uploads\/2016\/01\/logo-sinprofaz.jpg","character_count":415,"formatted_date":"27\/07\/2018 - 09:59","contentNovo":"O F\u00f3rum Nacional da Advocacia P\u00fablica Federal ajuizou a\u00e7\u00e3o com vistas a obrigar a Uni\u00e3o a apresentar o valor definitivo do Benef\u00edcio Especial que ser\u00e1 devido a cada um dos filiados que optarem pela migra\u00e7\u00e3o para o regime sujeito ao limite m\u00e1ximo estabelecido para as contribui\u00e7\u00f5es e benef\u00edcios do RGPS (Lei n\u00ba 12.618\/2012). A a\u00e7\u00e3o foi autuada sob o n\u00ba 1014341-04.2018.4.01.3400 e aguarda-se a an\u00e1lise do pedido de tutela de urg\u00eancia.\r\n \r\nO SINPROFAZ alerta a seus filiados que a a\u00e7\u00e3o em refer\u00eancia n\u00e3o tem por objeto a prorroga\u00e7\u00e3o do prazo para a manifesta\u00e7\u00e3o da op\u00e7\u00e3o de migra\u00e7\u00e3o de regime de previd\u00eancia. Os pedidos formulados t\u00eam por prop\u00f3sito t\u00e3o somente esclarecer o valor do Benef\u00edcio Especial para aqueles Procuradores que fizerem a op\u00e7\u00e3o pela migra\u00e7\u00e3o de regime dentro do prazo legal.","_links":{"self":[{"href":"https:\/\/sinprofaz.org.br\/2024\/wp-json\/wp\/v2\/posts\/8396"}],"collection":[{"href":"https:\/\/sinprofaz.org.br\/2024\/wp-json\/wp\/v2\/posts"}],"about":[{"href":"https:\/\/sinprofaz.org.br\/2024\/wp-json\/wp\/v2\/types\/post"}],"author":[{"embeddable":true,"href":"https:\/\/sinprofaz.org.br\/2024\/wp-json\/wp\/v2\/users\/2"}],"replies":[{"embeddable":true,"href":"https:\/\/sinprofaz.org.br\/2024\/wp-json\/wp\/v2\/comments?post=8396"}],"version-history":[{"count":1,"href":"https:\/\/sinprofaz.org.br\/2024\/wp-json\/wp\/v2\/posts\/8396\/revisions"}],"predecessor-version":[{"id":8397,"href":"https:\/\/sinprofaz.org.br\/2024\/wp-json\/wp\/v2\/posts\/8396\/revisions\/8397"}],"wp:featuredmedia":[{"embeddable":true,"href":"https:\/\/sinprofaz.org.br\/2024\/wp-json\/wp\/v2\/media\/2626"}],"wp:attachment":[{"href":"https:\/\/sinprofaz.org.br\/2024\/wp-json\/wp\/v2\/media?parent=8396"}],"wp:term":[{"taxonomy":"category","embeddable":true,"href":"https:\/\/sinprofaz.org.br\/2024\/wp-json\/wp\/v2\/categories?post=8396"},{"taxonomy":"post_tag","embeddable":true,"href":"https:\/\/sinprofaz.org.br\/2024\/wp-json\/wp\/v2\/tags?post=8396"}],"curies":[{"name":"wp","href":"https:\/\/api.w.org\/{rel}","templated":true}]}}