{"id":8385,"date":"2018-07-25T16:12:51","date_gmt":"2018-07-25T19:12:51","guid":{"rendered":"http:\/\/www.sinprofaz.org.br\/?p=8385"},"modified":"2018-07-27T09:15:17","modified_gmt":"2018-07-27T12:15:17","slug":"medidas-em-defesa-da-carreira-pautam-reuniao-do-forum-nacional-da-advocacia-publica-federal","status":"publish","type":"post","link":"https:\/\/sinprofaz.org.br\/2024\/noticias\/medidas-em-defesa-da-carreira-pautam-reuniao-do-forum-nacional-da-advocacia-publica-federal\/","title":{"rendered":"MEDIDAS EM DEFESA DA CARREIRA PAUTAM REUNI\u00c3O DO F\u00d3RUM NACIONAL DA ADVOCACIA P\u00daBLICA FEDERAL"},"content":{"rendered":"<p>As entidades que comp\u00f5em o F\u00f3rum Nacional da Advocacia P\u00fablica Federal &#8211; SINPROFAZ, ANAJUR, ANAUNI e ANPPREV &#8211; estiveram reunidas hoje (25) em Bras\u00edlia\/DF. O Sindicato foi representado, na ocasi\u00e3o, por Achilles Frias, tamb\u00e9m presidente do F\u00f3rum. Ao longo do encontro, definiram-se estrat\u00e9gias para defesa dos pleitos comuns \u00e0s carreiras da Advocacia P\u00fablica Federal levando em conta, especialmente, as expectativas para as elei\u00e7\u00f5es do m\u00eas de outubro e os temas que devem pautar as Casas Legislativas a partir do pr\u00f3ximo ano.<\/p>\n<p>A repercuss\u00e3o alcan\u00e7ada pelas recentes atua\u00e7\u00f5es do F\u00f3rum tamb\u00e9m foi pauta da reuni\u00e3o. Em 17 de julho, o F\u00f3rum enviou requerimento ao ministro Esteves Colnago pleiteando a <a href=\"https:\/\/www.sinprofaz.org.br\/noticias\/forum-da-advocacia-publica-federal-requer-prorrogacao-do-prazo-para-migracao-a-funpresp\/\" target=\"_blank\">prorroga\u00e7\u00e3o do prazo<\/a> para migra\u00e7\u00e3o dos filiados \u00e0 Funpresp e, na \u00faltima segunda-feira, <a href=\"https:\/\/www.sinprofaz.org.br\/noticias\/forum-nacional-da-advocacia-publica-ajuiza-acao-para-que-uniao-especifique-valor-do-beneficio-especial\/\" target=\"_blank\">ingressou com a\u00e7\u00e3o judicial<\/a> visando obrigar a Uni\u00e3o a apresentar o valor definitivo do Benef\u00edcio Especial devido aos filiados que optarem pela migra\u00e7\u00e3o. As medidas foram recebidas com satisfa\u00e7\u00e3o pelos filiados do SINPROFAZ e das demais entidades, tendo repercutido, inclusive, no Correio Braziliense. Confira: <a href=\"http:\/\/blogs.correiobraziliense.com.br\/servidor\/forum-nacional-da-advocacia-publica-entra-com-acao-para-exigir-definicao-do-valor-do-beneficio-especial\/\" target=\"_blank\">bit.ly\/2LlNlrU<\/a><\/p>\n\n\t\t<style type=\"text\/css\">\n\t\t\t#gallery-1 {\n\t\t\t\tmargin: auto;\n\t\t\t}\n\t\t\t#gallery-1 .gallery-item {\n\t\t\t\tfloat: left;\n\t\t\t\tmargin-top: 10px;\n\t\t\t\ttext-align: center;\n\t\t\t\twidth: 33%;\n\t\t\t}\n\t\t\t#gallery-1 img {\n\t\t\t\tborder: 2px solid #cfcfcf;\n\t\t\t}\n\t\t\t#gallery-1 .gallery-caption {\n\t\t\t\tmargin-left: 0;\n\t\t\t}\n\t\t\t\/* see gallery_shortcode() in wp-includes\/media.php *\/\n\t\t<\/style>\n\t\t<div id='gallery-1' class='gallery galleryid-8385 gallery-columns-3 gallery-size-thumbnail'><dl class='gallery-item'>\n\t\t\t<dt class='gallery-icon landscape'>\n\t\t\t\t<a href='https:\/\/sinprofaz.org.br\/2024\/wp-content\/uploads\/2018\/07\/002.jpg'><img loading=\"lazy\" decoding=\"async\" width=\"150\" height=\"150\" src=\"https:\/\/sinprofaz.org.br\/2024\/wp-content\/uploads\/2018\/07\/002-150x150.jpg\" class=\"attachment-thumbnail size-thumbnail\" alt=\"\" \/><\/a>\n\t\t\t<\/dt><\/dl><dl class='gallery-item'>\n\t\t\t<dt class='gallery-icon landscape'>\n\t\t\t\t<a href='https:\/\/sinprofaz.org.br\/2024\/wp-content\/uploads\/2018\/07\/0031.jpg'><img loading=\"lazy\" decoding=\"async\" width=\"150\" height=\"150\" src=\"https:\/\/sinprofaz.org.br\/2024\/wp-content\/uploads\/2018\/07\/0031-150x150.jpg\" class=\"attachment-thumbnail size-thumbnail\" alt=\"\" \/><\/a>\n\t\t\t<\/dt><\/dl><dl class='gallery-item'>\n\t\t\t<dt class='gallery-icon landscape'>\n\t\t\t\t<a href='https:\/\/sinprofaz.org.br\/2024\/wp-content\/uploads\/2018\/07\/004.jpg'><img loading=\"lazy\" decoding=\"async\" width=\"150\" height=\"150\" src=\"https:\/\/sinprofaz.org.br\/2024\/wp-content\/uploads\/2018\/07\/004-150x150.jpg\" class=\"attachment-thumbnail size-thumbnail\" alt=\"\" \/><\/a>\n\t\t\t<\/dt><\/dl><br style=\"clear: both\" \/>\n\t\t<\/div>\n\n","protected":false},"excerpt":{"rendered":"<p>As entidades que comp\u00f5em o F\u00f3rum Nacional da Advocacia P\u00fablica Federal estiveram reunidas hoje em Bras\u00edlia\/DF. O Sindicato foi representado por Achilles Frias, tamb\u00e9m presidente do F\u00f3rum.<\/p>\n","protected":false},"author":2,"featured_media":8386,"comment_status":"open","ping_status":"open","sticky":false,"template":"","format":"standard","meta":{"footnotes":""},"categories":[8],"tags":[32,126,25],"featured_image_url":"https:\/\/sinprofaz.org.br\/2024\/wp-content\/uploads\/2018\/07\/0011-800x198.jpg","character_count":767,"formatted_date":"25\/07\/2018 - 16:12","contentNovo":"As entidades que comp\u00f5em o F\u00f3rum Nacional da Advocacia P\u00fablica Federal - SINPROFAZ, ANAJUR, ANAUNI e ANPPREV - estiveram reunidas hoje (25) em Bras\u00edlia\/DF. O Sindicato foi representado, na ocasi\u00e3o, por Achilles Frias, tamb\u00e9m presidente do F\u00f3rum. Ao longo do encontro, definiram-se estrat\u00e9gias para defesa dos pleitos comuns \u00e0s carreiras da Advocacia P\u00fablica Federal levando em conta, especialmente, as expectativas para as elei\u00e7\u00f5es do m\u00eas de outubro e os temas que devem pautar as Casas Legislativas a partir do pr\u00f3ximo ano.\r\n\r\nA repercuss\u00e3o alcan\u00e7ada pelas recentes atua\u00e7\u00f5es do F\u00f3rum tamb\u00e9m foi pauta da reuni\u00e3o. Em 17 de julho, o F\u00f3rum enviou requerimento ao ministro Esteves Colnago pleiteando a <a href=\"https:\/\/www.sinprofaz.org.br\/noticias\/forum-da-advocacia-publica-federal-requer-prorrogacao-do-prazo-para-migracao-a-funpresp\/\" target=\"_blank\">prorroga\u00e7\u00e3o do prazo<\/a> para migra\u00e7\u00e3o dos filiados \u00e0 Funpresp e, na \u00faltima segunda-feira, <a href=\"https:\/\/www.sinprofaz.org.br\/noticias\/forum-nacional-da-advocacia-publica-ajuiza-acao-para-que-uniao-especifique-valor-do-beneficio-especial\/\" target=\"_blank\">ingressou com a\u00e7\u00e3o judicial<\/a> visando obrigar a Uni\u00e3o a apresentar o valor definitivo do Benef\u00edcio Especial devido aos filiados que optarem pela migra\u00e7\u00e3o. As medidas foram recebidas com satisfa\u00e7\u00e3o pelos filiados do SINPROFAZ e das demais entidades, tendo repercutido, inclusive, no Correio Braziliense. Confira: <a href=\"http:\/\/blogs.correiobraziliense.com.br\/servidor\/forum-nacional-da-advocacia-publica-entra-com-acao-para-exigir-definicao-do-valor-do-beneficio-especial\/\" target=\"_blank\">bit.ly\/2LlNlrU<\/a>\r\n\r\n[gallery link=\"file\" ids=\"8387,8388,8389\"]","_links":{"self":[{"href":"https:\/\/sinprofaz.org.br\/2024\/wp-json\/wp\/v2\/posts\/8385"}],"collection":[{"href":"https:\/\/sinprofaz.org.br\/2024\/wp-json\/wp\/v2\/posts"}],"about":[{"href":"https:\/\/sinprofaz.org.br\/2024\/wp-json\/wp\/v2\/types\/post"}],"author":[{"embeddable":true,"href":"https:\/\/sinprofaz.org.br\/2024\/wp-json\/wp\/v2\/users\/2"}],"replies":[{"embeddable":true,"href":"https:\/\/sinprofaz.org.br\/2024\/wp-json\/wp\/v2\/comments?post=8385"}],"version-history":[{"count":1,"href":"https:\/\/sinprofaz.org.br\/2024\/wp-json\/wp\/v2\/posts\/8385\/revisions"}],"predecessor-version":[{"id":8390,"href":"https:\/\/sinprofaz.org.br\/2024\/wp-json\/wp\/v2\/posts\/8385\/revisions\/8390"}],"wp:featuredmedia":[{"embeddable":true,"href":"https:\/\/sinprofaz.org.br\/2024\/wp-json\/wp\/v2\/media\/8386"}],"wp:attachment":[{"href":"https:\/\/sinprofaz.org.br\/2024\/wp-json\/wp\/v2\/media?parent=8385"}],"wp:term":[{"taxonomy":"category","embeddable":true,"href":"https:\/\/sinprofaz.org.br\/2024\/wp-json\/wp\/v2\/categories?post=8385"},{"taxonomy":"post_tag","embeddable":true,"href":"https:\/\/sinprofaz.org.br\/2024\/wp-json\/wp\/v2\/tags?post=8385"}],"curies":[{"name":"wp","href":"https:\/\/api.w.org\/{rel}","templated":true}]}}