{"id":8378,"date":"2018-07-20T10:55:17","date_gmt":"2018-07-20T13:55:17","guid":{"rendered":"http:\/\/www.sinprofaz.org.br\/?p=8378"},"modified":"2018-07-25T16:14:24","modified_gmt":"2018-07-25T19:14:24","slug":"urgente-filiados-oriundos-das-esferas-estadual-municipal-podem-aderir-a-acordo-com-a-uniao","status":"publish","type":"post","link":"https:\/\/sinprofaz.org.br\/2024\/noticias\/urgente-filiados-oriundos-das-esferas-estadual-municipal-podem-aderir-a-acordo-com-a-uniao\/","title":{"rendered":"URGENTE: FILIADOS ORIUNDOS DAS ESFERAS ESTADUAL\/ MUNICIPAL PODEM ADERIR A ACORDO COM A UNI\u00c3O"},"content":{"rendered":"<p>O SINPROFAZ comunica aos filiados oriundos das esferas Estadual\/ Municipal, benefici\u00e1rios da a\u00e7\u00e3o n\u00ba 0056428-65.2013.4.01.3400, que <strong>a minuta de acordo com a Uni\u00e3o se encontra na \u00c1rea Restrita do site do Sindicato<\/strong>.<\/p>\n<p>Apenas relembrando, a a\u00e7\u00e3o n\u00ba 0056428-65.2013.4.01.3400 tinha escopo espec\u00edfico, voltado aos PFNs que tomaram posse ap\u00f3s a edi\u00e7\u00e3o da Lei n\u00ba 12.618\/2012 e que eram oriundos das esferas estaduais e municipais, sem quebra de v\u00ednculo. Por meio da liminar obtida no caso, foi garantido aos novos PFNs que estavam nessa situa\u00e7\u00e3o a perman\u00eancia no RPPS, sem submiss\u00e3o ao teto do RGPS.<\/p>\n<p><strong>A op\u00e7\u00e3o por firmar o acordo ser\u00e1 individual de cada filiado<\/strong> e n\u00e3o ter\u00e1 repercuss\u00f5es sobre os demais Colegas que desejarem permanecer na condi\u00e7\u00e3o de benefici\u00e1rios da a\u00e7\u00e3o que hoje lhes garante o direito de perman\u00eancia no RPPS.<\/p>\n<p>Aqueles que desejarem firmar o acordo com a Uni\u00e3o, devem, com a maior brevidade poss\u00edvel, preencher e assinar (a) 3 (tr\u00eas) vias do Termo de Acordo e (b) a Procura\u00e7\u00e3o, encaminhando-os, (c) juntamente com c\u00f3pia dos seus documentos, \u00e0 sede do SINPROFAZ (Endere\u00e7o: SCN Quadra 06 Shopping ID Bloco A Sala 404, Bras\u00edlia &#8211; DF, 70716-900).<\/p>\n<p><strong>Os documentos assinados devem ser entregues no SINPROFAZ at\u00e9, no m\u00e1ximo, dia 24\/07\/2018, \u00e0s 15 horas<\/strong>. Documentos recebidos ap\u00f3s a referida data e hora n\u00e3o ser\u00e3o protocolados pelo SINPROFAZ. Cabe ao filiado interessado que enviar os documentos via SEDEX realizar o monitoramento da data de entrega da eventual correspond\u00eancia, caso ela n\u00e3o seja realizada pessoalmente.<\/p>\n<p>Ante a urg\u00eancia e sensibilidade do tema, informamos que dever\u00e1 tamb\u00e9m ser encaminhada uma via digitalizada dos documentos para o endere\u00e7o eletr\u00f4nico <a href=\"mailto:falecomjuridico@sinprofaz.org.br\" target=\"_blank\" rel=\"noopener\">falecomjuridico@sinprofaz.org.br<\/a>.<\/p>\n<p>Por fim, alertamos que aqueles que assinarem o acordo n\u00e3o ter\u00e3o migra\u00e7\u00e3o autom\u00e1tica para o regime da Lei 13.328\/16 e dever\u00e3o fazer a respectiva ades\u00e3o igualmente a todos os outros servidores.<\/p>\n","protected":false},"excerpt":{"rendered":"<p>O SINPROFAZ comunica aos filiados oriundos das esferas Estadual\/ Municipal, benefici\u00e1rios da a\u00e7\u00e3o n\u00ba 0056428-65.2013.4.01.3400, que a minuta de acordo com a Uni\u00e3o se encontra na \u00c1rea Restrita do site do Sindicato.<\/p>\n","protected":false},"author":2,"featured_media":2626,"comment_status":"open","ping_status":"open","sticky":false,"template":"","format":"standard","meta":{"footnotes":""},"categories":[8],"tags":[32,26,25],"featured_image_url":"https:\/\/sinprofaz.org.br\/2024\/wp-content\/uploads\/2016\/01\/logo-sinprofaz.jpg","character_count":979,"formatted_date":"20\/07\/2018 - 10:55","contentNovo":"O SINPROFAZ comunica aos filiados oriundos das esferas Estadual\/ Municipal, benefici\u00e1rios da a\u00e7\u00e3o n\u00ba 0056428-65.2013.4.01.3400, que <strong>a minuta de acordo com a Uni\u00e3o se encontra na \u00c1rea Restrita do site do Sindicato<\/strong>.\r\n\r\nApenas relembrando, a a\u00e7\u00e3o n\u00ba 0056428-65.2013.4.01.3400 tinha escopo espec\u00edfico, voltado aos PFNs que tomaram posse ap\u00f3s a edi\u00e7\u00e3o da Lei n\u00ba 12.618\/2012 e que eram oriundos das esferas estaduais e municipais, sem quebra de v\u00ednculo. Por meio da liminar obtida no caso, foi garantido aos novos PFNs que estavam nessa situa\u00e7\u00e3o a perman\u00eancia no RPPS, sem submiss\u00e3o ao teto do RGPS.\r\n\r\n<strong>A op\u00e7\u00e3o por firmar o acordo ser\u00e1 individual de cada filiado<\/strong> e n\u00e3o ter\u00e1 repercuss\u00f5es sobre os demais Colegas que desejarem permanecer na condi\u00e7\u00e3o de benefici\u00e1rios da a\u00e7\u00e3o que hoje lhes garante o direito de perman\u00eancia no RPPS.\r\n\r\nAqueles que desejarem firmar o acordo com a Uni\u00e3o, devem, com a maior brevidade poss\u00edvel, preencher e assinar (a) 3 (tr\u00eas) vias do Termo de Acordo e (b) a Procura\u00e7\u00e3o, encaminhando-os, (c) juntamente com c\u00f3pia dos seus documentos, \u00e0 sede do SINPROFAZ (Endere\u00e7o: SCN Quadra 06 Shopping ID Bloco A Sala 404, Bras\u00edlia - DF, 70716-900).\r\n\r\n<strong>Os documentos assinados devem ser entregues no SINPROFAZ at\u00e9, no m\u00e1ximo, dia 24\/07\/2018, \u00e0s 15 horas<\/strong>. Documentos recebidos ap\u00f3s a referida data e hora n\u00e3o ser\u00e3o protocolados pelo SINPROFAZ. Cabe ao filiado interessado que enviar os documentos via SEDEX realizar o monitoramento da data de entrega da eventual correspond\u00eancia, caso ela n\u00e3o seja realizada pessoalmente.\r\n\r\nAnte a urg\u00eancia e sensibilidade do tema, informamos que dever\u00e1 tamb\u00e9m ser encaminhada uma via digitalizada dos documentos para o endere\u00e7o eletr\u00f4nico <a href=\"mailto:falecomjuridico@sinprofaz.org.br\" target=\"_blank\" rel=\"noopener\">falecomjuridico@sinprofaz.org.br<\/a>.\r\n\r\nPor fim, alertamos que aqueles que assinarem o acordo n\u00e3o ter\u00e3o migra\u00e7\u00e3o autom\u00e1tica para o regime da Lei 13.328\/16 e dever\u00e3o fazer a respectiva ades\u00e3o igualmente a todos os outros servidores.","_links":{"self":[{"href":"https:\/\/sinprofaz.org.br\/2024\/wp-json\/wp\/v2\/posts\/8378"}],"collection":[{"href":"https:\/\/sinprofaz.org.br\/2024\/wp-json\/wp\/v2\/posts"}],"about":[{"href":"https:\/\/sinprofaz.org.br\/2024\/wp-json\/wp\/v2\/types\/post"}],"author":[{"embeddable":true,"href":"https:\/\/sinprofaz.org.br\/2024\/wp-json\/wp\/v2\/users\/2"}],"replies":[{"embeddable":true,"href":"https:\/\/sinprofaz.org.br\/2024\/wp-json\/wp\/v2\/comments?post=8378"}],"version-history":[{"count":4,"href":"https:\/\/sinprofaz.org.br\/2024\/wp-json\/wp\/v2\/posts\/8378\/revisions"}],"predecessor-version":[{"id":8382,"href":"https:\/\/sinprofaz.org.br\/2024\/wp-json\/wp\/v2\/posts\/8378\/revisions\/8382"}],"wp:featuredmedia":[{"embeddable":true,"href":"https:\/\/sinprofaz.org.br\/2024\/wp-json\/wp\/v2\/media\/2626"}],"wp:attachment":[{"href":"https:\/\/sinprofaz.org.br\/2024\/wp-json\/wp\/v2\/media?parent=8378"}],"wp:term":[{"taxonomy":"category","embeddable":true,"href":"https:\/\/sinprofaz.org.br\/2024\/wp-json\/wp\/v2\/categories?post=8378"},{"taxonomy":"post_tag","embeddable":true,"href":"https:\/\/sinprofaz.org.br\/2024\/wp-json\/wp\/v2\/tags?post=8378"}],"curies":[{"name":"wp","href":"https:\/\/api.w.org\/{rel}","templated":true}]}}