{"id":8369,"date":"2018-07-19T08:59:22","date_gmt":"2018-07-19T11:59:22","guid":{"rendered":"http:\/\/www.sinprofaz.org.br\/?p=8369"},"modified":"2018-07-20T09:52:29","modified_gmt":"2018-07-20T12:52:29","slug":"em-video-helio-jose-enaltece-atuacao-do-sinprofaz-contra-reforma-da-previdencia","status":"publish","type":"post","link":"https:\/\/sinprofaz.org.br\/2024\/noticias\/em-video-helio-jose-enaltece-atuacao-do-sinprofaz-contra-reforma-da-previdencia\/","title":{"rendered":"EM V\u00cdDEO, H\u00c9LIO JOS\u00c9 ENALTECE ATUA\u00c7\u00c3O DO SINPROFAZ CONTRA REFORMA DA PREVID\u00caNCIA"},"content":{"rendered":"<p>A reuni\u00e3o da Diretoria do SINPROFAZ realizada no m\u00eas de junho contou com a presen\u00e7a do senador H\u00e9lio Jos\u00e9 (PROS\/DF). Na ocasi\u00e3o, a Diretoria agradeceu o empenho do senador durante os trabalhos da CPI da Previd\u00eancia, da qual ele foi relator. No decorrer das v\u00e1rias audi\u00eancias p\u00fablicas promovidas no \u00e2mbito da Comiss\u00e3o, o SINPROFAZ denunciou que a reforma da Previd\u00eancia pretendia, na verdade, retirar direitos conquistados pelos trabalhadores. Com base nas informa\u00e7\u00f5es t\u00e9cnicas fornecidas pelo Sindicato, H\u00e9lio Jos\u00e9 apresentou um relat\u00f3rio no qual concluiu que a proposta de reforma n\u00e3o passava de uma fal\u00e1cia. <\/p>\n<p>Ciente do compromisso firmado pelo senador com a Carreira, a Diretoria agradeceu o apoio de H\u00e9lio Jos\u00e9 \u00e0 atua\u00e7\u00e3o do SINPROFAZ dentro do Congresso Nacional e, na pessoa de Achilles Frias, parabenizou-o pelo trabalho realizado para barrar a malfadada reforma. &#8220;O SINPROFAZ agradece a luta do senador, ao longo de todo o mandato, em defesa dos trabalhadores e, em particular, dos procuradores da Fazenda Nacional. H\u00e9lio Jos\u00e9 teve papel fundamental na CPI da Previd\u00eancia. De sua lavra, saiu um relat\u00f3rio brilhante, completo e denso, crucial para que barr\u00e1ssemos a injusta reforma que se avizinhava e que pretendia, em \u00faltima an\u00e1lise, extinguir a Previd\u00eancia brasileira&#8221;, afirmou o presidente do SINPROFAZ.<\/p>\n<p>Em tempo, H\u00e9lio Jos\u00e9 lembrou a import\u00e2ncia da campanha do SINPROFAZ contra a sonega\u00e7\u00e3o fiscal e destacou a contribui\u00e7\u00e3o t\u00e9cnica que o Legislativo espera do Sindicato no momento da discuss\u00e3o a respeito da reforma tribut\u00e1ria: &#8220;O SINPROFAZ tem feito um trabalho excepcional junto ao Congresso Nacional e junto ao Brasil, atuando com o Soneg\u00f4metro contra a sonega\u00e7\u00e3o e trabalhando para evitar esse calote que seria a reforma da Previd\u00eancia via PEC 287 &#8211; luta na qual esteve desde a primeira hora. Agora, o SINPROFAZ participar\u00e1 conosco da discuss\u00e3o sobre a reforma tribut\u00e1ria cidad\u00e3 para garantir o funcionamento deste pa\u00eds bom, grande e harm\u00f4nico&#8221;.<\/p>\n<p>Assista ao v\u00eddeo gravado durante a reuni\u00e3o: <a href=\"http:\/\/youtu.be\/QsFD8DKFBOI\" rel=\"noopener\" target=\"_blank\">youtu.be\/QsFD8DKFBOI<\/a><\/p>\n","protected":false},"excerpt":{"rendered":"<p>A reuni\u00e3o da Diretoria realizada em junho contou com a presen\u00e7a de H\u00e9lio Jos\u00e9 (PROS\/DF). Na ocasi\u00e3o, os diretores agradeceram o empenho do senador durante a CPI da Previd\u00eancia. Relator da CPI, H\u00e9lio Jos\u00e9 concluiu que a reforma era uma fal\u00e1cia.<\/p>\n","protected":false},"author":2,"featured_media":8370,"comment_status":"open","ping_status":"open","sticky":false,"template":"","format":"standard","meta":{"footnotes":""},"categories":[8],"tags":[27,93,53],"featured_image_url":"https:\/\/sinprofaz.org.br\/2024\/wp-content\/uploads\/2018\/07\/017-800x198.jpg","character_count":1055,"formatted_date":"19\/07\/2018 - 08:59","contentNovo":"A reuni\u00e3o da Diretoria do SINPROFAZ realizada no m\u00eas de junho contou com a presen\u00e7a do senador H\u00e9lio Jos\u00e9 (PROS\/DF). Na ocasi\u00e3o, a Diretoria agradeceu o empenho do senador durante os trabalhos da CPI da Previd\u00eancia, da qual ele foi relator. No decorrer das v\u00e1rias audi\u00eancias p\u00fablicas promovidas no \u00e2mbito da Comiss\u00e3o, o SINPROFAZ denunciou que a reforma da Previd\u00eancia pretendia, na verdade, retirar direitos conquistados pelos trabalhadores. Com base nas informa\u00e7\u00f5es t\u00e9cnicas fornecidas pelo Sindicato, H\u00e9lio Jos\u00e9 apresentou um relat\u00f3rio no qual concluiu que a proposta de reforma n\u00e3o passava de uma fal\u00e1cia. \r\n\r\nCiente do compromisso firmado pelo senador com a Carreira, a Diretoria agradeceu o apoio de H\u00e9lio Jos\u00e9 \u00e0 atua\u00e7\u00e3o do SINPROFAZ dentro do Congresso Nacional e, na pessoa de Achilles Frias, parabenizou-o pelo trabalho realizado para barrar a malfadada reforma. \"O SINPROFAZ agradece a luta do senador, ao longo de todo o mandato, em defesa dos trabalhadores e, em particular, dos procuradores da Fazenda Nacional. H\u00e9lio Jos\u00e9 teve papel fundamental na CPI da Previd\u00eancia. De sua lavra, saiu um relat\u00f3rio brilhante, completo e denso, crucial para que barr\u00e1ssemos a injusta reforma que se avizinhava e que pretendia, em \u00faltima an\u00e1lise, extinguir a Previd\u00eancia brasileira\", afirmou o presidente do SINPROFAZ.\r\n\r\nEm tempo, H\u00e9lio Jos\u00e9 lembrou a import\u00e2ncia da campanha do SINPROFAZ contra a sonega\u00e7\u00e3o fiscal e destacou a contribui\u00e7\u00e3o t\u00e9cnica que o Legislativo espera do Sindicato no momento da discuss\u00e3o a respeito da reforma tribut\u00e1ria: \"O SINPROFAZ tem feito um trabalho excepcional junto ao Congresso Nacional e junto ao Brasil, atuando com o Soneg\u00f4metro contra a sonega\u00e7\u00e3o e trabalhando para evitar esse calote que seria a reforma da Previd\u00eancia via PEC 287 - luta na qual esteve desde a primeira hora. Agora, o SINPROFAZ participar\u00e1 conosco da discuss\u00e3o sobre a reforma tribut\u00e1ria cidad\u00e3 para garantir o funcionamento deste pa\u00eds bom, grande e harm\u00f4nico\".\r\n\r\nAssista ao v\u00eddeo gravado durante a reuni\u00e3o: <a href=\"http:\/\/youtu.be\/QsFD8DKFBOI\" rel=\"noopener\" target=\"_blank\">youtu.be\/QsFD8DKFBOI<\/a>","_links":{"self":[{"href":"https:\/\/sinprofaz.org.br\/2024\/wp-json\/wp\/v2\/posts\/8369"}],"collection":[{"href":"https:\/\/sinprofaz.org.br\/2024\/wp-json\/wp\/v2\/posts"}],"about":[{"href":"https:\/\/sinprofaz.org.br\/2024\/wp-json\/wp\/v2\/types\/post"}],"author":[{"embeddable":true,"href":"https:\/\/sinprofaz.org.br\/2024\/wp-json\/wp\/v2\/users\/2"}],"replies":[{"embeddable":true,"href":"https:\/\/sinprofaz.org.br\/2024\/wp-json\/wp\/v2\/comments?post=8369"}],"version-history":[{"count":2,"href":"https:\/\/sinprofaz.org.br\/2024\/wp-json\/wp\/v2\/posts\/8369\/revisions"}],"predecessor-version":[{"id":8373,"href":"https:\/\/sinprofaz.org.br\/2024\/wp-json\/wp\/v2\/posts\/8369\/revisions\/8373"}],"wp:featuredmedia":[{"embeddable":true,"href":"https:\/\/sinprofaz.org.br\/2024\/wp-json\/wp\/v2\/media\/8370"}],"wp:attachment":[{"href":"https:\/\/sinprofaz.org.br\/2024\/wp-json\/wp\/v2\/media?parent=8369"}],"wp:term":[{"taxonomy":"category","embeddable":true,"href":"https:\/\/sinprofaz.org.br\/2024\/wp-json\/wp\/v2\/categories?post=8369"},{"taxonomy":"post_tag","embeddable":true,"href":"https:\/\/sinprofaz.org.br\/2024\/wp-json\/wp\/v2\/tags?post=8369"}],"curies":[{"name":"wp","href":"https:\/\/api.w.org\/{rel}","templated":true}]}}