{"id":8365,"date":"2018-07-18T08:55:08","date_gmt":"2018-07-18T11:55:08","guid":{"rendered":"http:\/\/www.sinprofaz.org.br\/?p=8365"},"modified":"2018-07-19T08:59:50","modified_gmt":"2018-07-19T11:59:50","slug":"iniciativas-do-sinprofaz-sao-destaque-em-reuniao-do-fonacate","status":"publish","type":"post","link":"https:\/\/sinprofaz.org.br\/2024\/noticias\/iniciativas-do-sinprofaz-sao-destaque-em-reuniao-do-fonacate\/","title":{"rendered":"INICIATIVAS DO SINPROFAZ S\u00c3O DESTAQUE EM REUNI\u00c3O DO FONACATE"},"content":{"rendered":"<p>O SINPROFAZ, representado pelo diretor S\u00e9rgio Carneiro, compareceu na ter\u00e7a-feira (17) \u00e0 assembleia ordin\u00e1ria do F\u00f3rum Nacional Permanente de Carreiras T\u00edpicas de Estado, o Fonacate. Ao longo do encontro, realizado em Bras\u00edlia\/DF, discutiram-se pautas pol\u00edticas como a Reforma Administrativa pretendida pelo ministro do Planejamento, Desenvolvimento e Gest\u00e3o, Esteves Colnago, e o trabalho do Fonacate no intuito de eleger congressistas alinhados \u00e0s carreiras de Estado.<\/p>\n<p>Na ocasi\u00e3o dos debates, S\u00e9rgio Carneiro destacou o Primeiro Diagn\u00f3stico da Carreira de Procurador da Fazenda Nacional, pesquisa que o SINPROFAZ vem realizando para apurar o perfil do PFN. &#8220;Estamos reunindo opini\u00f5es e dados a respeito dos Colegas, filiados e n\u00e3o-filiados, pois \u00e9 fundamental que tenhamos n\u00fameros sobre a Carreira no momento de contestar informa\u00e7\u00f5es disseminadas pelo governo e de pleitear melhorias. Seria importante que, assim como o SINPROFAZ, as demais entidades tamb\u00e9m apurassem de forma razo\u00e1vel o perfil de seus membros, realizando pesquisas semelhantes ao Diagn\u00f3stico&#8221;, ressaltou. Para participar da pesquisa, os PFNs devem acessar <a href=\"https:\/\/www.diagnosticodosinprofaz.org.br\/\" target=\"_blank\">www.diagnosticodosinprofaz.org.br<\/a>.<\/p>\n<p>Lembrou-se, durante a reuni\u00e3o, que o prazo para ades\u00e3o dos servidores \u00e0 Funpresp est\u00e1 prestes a terminar. Nesse sentido, v\u00e1rias entidades expuseram os muitos questionamentos e incertezas sobre a migra\u00e7\u00e3o que ainda existem em suas bases. Sobre o assunto, S\u00e9rgio Carneiro comunicou o protocolo, pelo F\u00f3rum Nacional da Advocacia P\u00fablica Federal &#8211; presidido pelo SINPROFAZ -, de requerimento junto ao Minist\u00e9rio do Planejamento, Desenvolvimento e Gest\u00e3o solicitando a prorroga\u00e7\u00e3o do prazo de ades\u00e3o. Para saber mais sobre o requerimento, <a href=\"http:\/\/www.sinprofaz.org.br\/noticias\/forum-da-advocacia-publica-federal-requer-prorrogacao-do-prazo-para-migracao-a-funpresp\/\" target=\"_blank\">acesse a not\u00edcia<\/a> publicada no site do SINPROFAZ.<\/p>\n\n\t\t<style type=\"text\/css\">\n\t\t\t#gallery-1 {\n\t\t\t\tmargin: auto;\n\t\t\t}\n\t\t\t#gallery-1 .gallery-item {\n\t\t\t\tfloat: left;\n\t\t\t\tmargin-top: 10px;\n\t\t\t\ttext-align: center;\n\t\t\t\twidth: 33%;\n\t\t\t}\n\t\t\t#gallery-1 img {\n\t\t\t\tborder: 2px solid #cfcfcf;\n\t\t\t}\n\t\t\t#gallery-1 .gallery-caption {\n\t\t\t\tmargin-left: 0;\n\t\t\t}\n\t\t\t\/* see gallery_shortcode() in wp-includes\/media.php *\/\n\t\t<\/style>\n\t\t<div id='gallery-1' class='gallery galleryid-8365 gallery-columns-3 gallery-size-thumbnail'><dl class='gallery-item'>\n\t\t\t<dt class='gallery-icon landscape'>\n\t\t\t\t<a href='https:\/\/sinprofaz.org.br\/2024\/wp-content\/uploads\/2018\/07\/003.jpg'><img loading=\"lazy\" decoding=\"async\" width=\"150\" height=\"150\" src=\"https:\/\/sinprofaz.org.br\/2024\/wp-content\/uploads\/2018\/07\/003-150x150.jpg\" class=\"attachment-thumbnail size-thumbnail\" alt=\"\" \/><\/a>\n\t\t\t<\/dt><\/dl>\n\t\t\t<br style='clear: both' \/>\n\t\t<\/div>\n\n","protected":false},"excerpt":{"rendered":"<p>Na ocasi\u00e3o dos debates, o diretor S\u00e9rgio Carneiro destacou o Primeiro Diagn\u00f3stico da Carreira de Procurador da Fazenda Nacional, pesquisa que o SINPROFAZ vem realizando para apurar dados sobre o perfil do PFN.<\/p>\n","protected":false},"author":2,"featured_media":8366,"comment_status":"open","ping_status":"open","sticky":false,"template":"","format":"standard","meta":{"footnotes":""},"categories":[8],"tags":[32,122,25],"featured_image_url":"https:\/\/sinprofaz.org.br\/2024\/wp-content\/uploads\/2018\/07\/001-800x198.jpg","character_count":1078,"formatted_date":"18\/07\/2018 - 08:55","contentNovo":"O SINPROFAZ, representado pelo diretor S\u00e9rgio Carneiro, compareceu na ter\u00e7a-feira (17) \u00e0 assembleia ordin\u00e1ria do F\u00f3rum Nacional Permanente de Carreiras T\u00edpicas de Estado, o Fonacate. Ao longo do encontro, realizado em Bras\u00edlia\/DF, discutiram-se pautas pol\u00edticas como a Reforma Administrativa pretendida pelo ministro do Planejamento, Desenvolvimento e Gest\u00e3o, Esteves Colnago, e o trabalho do Fonacate no intuito de eleger congressistas alinhados \u00e0s carreiras de Estado.\r\n\r\nNa ocasi\u00e3o dos debates, S\u00e9rgio Carneiro destacou o Primeiro Diagn\u00f3stico da Carreira de Procurador da Fazenda Nacional, pesquisa que o SINPROFAZ vem realizando para apurar o perfil do PFN. \"Estamos reunindo opini\u00f5es e dados a respeito dos Colegas, filiados e n\u00e3o-filiados, pois \u00e9 fundamental que tenhamos n\u00fameros sobre a Carreira no momento de contestar informa\u00e7\u00f5es disseminadas pelo governo e de pleitear melhorias. Seria importante que, assim como o SINPROFAZ, as demais entidades tamb\u00e9m apurassem de forma razo\u00e1vel o perfil de seus membros, realizando pesquisas semelhantes ao Diagn\u00f3stico\", ressaltou. Para participar da pesquisa, os PFNs devem acessar <a href=\"https:\/\/www.diagnosticodosinprofaz.org.br\/\" target=\"_blank\">www.diagnosticodosinprofaz.org.br<\/a>.\r\n\r\nLembrou-se, durante a reuni\u00e3o, que o prazo para ades\u00e3o dos servidores \u00e0 Funpresp est\u00e1 prestes a terminar. Nesse sentido, v\u00e1rias entidades expuseram os muitos questionamentos e incertezas sobre a migra\u00e7\u00e3o que ainda existem em suas bases. Sobre o assunto, S\u00e9rgio Carneiro comunicou o protocolo, pelo F\u00f3rum Nacional da Advocacia P\u00fablica Federal - presidido pelo SINPROFAZ -, de requerimento junto ao Minist\u00e9rio do Planejamento, Desenvolvimento e Gest\u00e3o solicitando a prorroga\u00e7\u00e3o do prazo de ades\u00e3o. Para saber mais sobre o requerimento, <a href=\"http:\/\/www.sinprofaz.org.br\/noticias\/forum-da-advocacia-publica-federal-requer-prorrogacao-do-prazo-para-migracao-a-funpresp\/\" target=\"_blank\">acesse a not\u00edcia<\/a> publicada no site do SINPROFAZ.\r\n\r\n[gallery link=\"file\" ids=\"8367\"]","_links":{"self":[{"href":"https:\/\/sinprofaz.org.br\/2024\/wp-json\/wp\/v2\/posts\/8365"}],"collection":[{"href":"https:\/\/sinprofaz.org.br\/2024\/wp-json\/wp\/v2\/posts"}],"about":[{"href":"https:\/\/sinprofaz.org.br\/2024\/wp-json\/wp\/v2\/types\/post"}],"author":[{"embeddable":true,"href":"https:\/\/sinprofaz.org.br\/2024\/wp-json\/wp\/v2\/users\/2"}],"replies":[{"embeddable":true,"href":"https:\/\/sinprofaz.org.br\/2024\/wp-json\/wp\/v2\/comments?post=8365"}],"version-history":[{"count":1,"href":"https:\/\/sinprofaz.org.br\/2024\/wp-json\/wp\/v2\/posts\/8365\/revisions"}],"predecessor-version":[{"id":8368,"href":"https:\/\/sinprofaz.org.br\/2024\/wp-json\/wp\/v2\/posts\/8365\/revisions\/8368"}],"wp:featuredmedia":[{"embeddable":true,"href":"https:\/\/sinprofaz.org.br\/2024\/wp-json\/wp\/v2\/media\/8366"}],"wp:attachment":[{"href":"https:\/\/sinprofaz.org.br\/2024\/wp-json\/wp\/v2\/media?parent=8365"}],"wp:term":[{"taxonomy":"category","embeddable":true,"href":"https:\/\/sinprofaz.org.br\/2024\/wp-json\/wp\/v2\/categories?post=8365"},{"taxonomy":"post_tag","embeddable":true,"href":"https:\/\/sinprofaz.org.br\/2024\/wp-json\/wp\/v2\/tags?post=8365"}],"curies":[{"name":"wp","href":"https:\/\/api.w.org\/{rel}","templated":true}]}}