{"id":835,"date":"2012-06-04T14:50:40","date_gmt":"2012-06-04T14:50:40","guid":{"rendered":""},"modified":"-0001-11-30T00:00:00","modified_gmt":"-0001-11-30T03:00:00","slug":"dirigentes-da-oab-demonstram-engajamento-com-as-causas-da-mobilizacao","status":"publish","type":"post","link":"https:\/\/sinprofaz.org.br\/2024\/noticias\/dirigentes-da-oab-demonstram-engajamento-com-as-causas-da-mobilizacao\/","title":{"rendered":"Dirigentes da OAB demonstram engajamento com as causas da mobiliza\u00e7\u00e3o"},"content":{"rendered":"<p>Em 30 de maio, o Conselho Federal da OAB sediou mais um ato de mobiliza\u00e7\u00e3o da Advocacia P\u00fablica. Os manifestantes, que mais cedo haviam se aglomerado no pr\u00e9dio da AGU, seguiram para a Ordem no final do dia onde foram recebidos pelo secret\u00e1rio-geral, Marcus Vin\u00edcius Furtado Co\u00ealho.Na ocasi\u00e3o, ele confirmou o apoio da Casa ao Pacto de respeito \u00e0 Constitui\u00e7\u00e3o proposto pela Advocacia P\u00fablica Federal.<\/p>\n<p>Participaram tamb\u00e9m do evento o secret\u00e1rio-geral da OAB\/DF, Lincoln de Oliveira, e o Conselheiro Federal D\u00e9lio Fortes Lins e Silva.<\/p>\n<p>Os representantes das carreiras reiteraram as reivindica\u00e7\u00f5es da mobiliza\u00e7\u00e3o e agradeceram a acolhida da OAB ao Pacto de respeito \u00e0 Constitui\u00e7\u00e3o.<\/p>\n<p>Ao final do ato, os dirigentes da Ordem concederam entrevistas \u00e0 TV SINPROFAZ.<\/p>\n<p>Marcus Vin\u00edcius, secret\u00e1rio-geral do CFOAB, falou da necessidade de estruturar as carreiras jur\u00eddicas que constituem as fun\u00e7\u00f5es essenciais ao bom funcionamento do Estado de direito. Defendeu com \u00eanfase o tratamento ison\u00f4mico entre essas fun\u00e7\u00f5es e comentou que \u201cn\u00e3o h\u00e1 justificativa para o distanciamento remunerat\u00f3rio entre as carreiras\u201d. Ele afirmou ainda que a \u201cOrdem \u00e9 de todos os advogados, privados e p\u00fablicos, e a pauta da advocacia p\u00fablica \u00e9 pauta do Conselho Federal\u201d.<\/p>\n<p>O direito ao recebimento de honor\u00e1rios foi uma das opini\u00f5es manifestadas pelo secret\u00e1rio-geral da OAB\/DF, Lincoln de Oliveira. \u201cSeria at\u00e9 uma forma de incentivo para que toda a advocacia p\u00fablica tivesse mais disposi\u00e7\u00e3o para desenvolver seu trabalho t\u00e9cnico, intelectual; de uma forma muito mais expressiva em benef\u00edcio da Na\u00e7\u00e3o\u201d, disse.<\/p>\n<p>E completou: \u201cacolhemos as reivindica\u00e7\u00f5es com bons olhos porque \u00e9 preocupa\u00e7\u00e3o da OAB que toda a ramifica\u00e7\u00e3o da advocacia tenha condi\u00e7\u00f5es dignas de trabalho e, pelo que acompanhamos, infelizmente o poder p\u00fablico n\u00e3o tem se dedicado \u00e0 advocacia p\u00fablica como deveria, principalmente pelas especificidades dessas carreiras na defesa dos direitos do cidad\u00e3o brasileiro\u201d.<\/p>\n<p>Nessa mesma linha de racioc\u00ednio, posicionou-se o conselheiro federal D\u00e9lio Lins e Silva. \u201cacompanho esse movimento h\u00e1 muitos anos, isso \u00e9 uma demonstra\u00e7\u00e3o de que as autoridades p\u00fablicas n\u00e3o tem o menor interesse em estruturar a advocacia p\u00fablica nesse pa\u00eds. Me impressionou o relato de algumas lideran\u00e7as aqui hoje de que o advogado p\u00fablico n\u00e3o tem algu\u00e9m sequer para tirar uma xerox. Isso \u00e9 uma temeridade, um desrespeito\u201d.<\/p>\n<p>Acesse nos links abaixo a \u00edntegra das entrevistas:<\/p>\n<p><a title=\"Marcus Vinicius - Secret\u00e1rio-Geral OAB Federal\" href=\"http:\/\/www.youtube.com\/watch?v=eST0KIsyx1k&amp;feature=plcp\" target=\"_blank\">http:\/\/www.youtube.com\/watch?v=eST0KIsyx1k&amp;feature=plcp<\/a><br \/> <a title=\"Lincoln de Oliveira - Secret\u00e1rio-Geral OAB-DF\" href=\"http:\/\/www.youtube.com\/watch?v=C13Q9xfPm4I&amp;feature=plcp\" target=\"_blank\">http:\/\/www.youtube.com\/watch?v=C13Q9xfPm4I&amp;feature=plcp<\/a><br \/> <a title=\"D\u00e9lio Lins e Silva - Conselheiro Federal OAB\" href=\"http:\/\/www.youtube.com\/watch?v=WaliB8NptcI&amp;feature=plcp\" target=\"_blank\">http:\/\/www.youtube.com\/watch?v=WaliB8NptcI&amp;feature=plcp<\/a><\/p>\n<p style=\"margin-top: 80px; text-align: center;\"><img decoding=\"async\" style=\"border: 1px solid #000000;\" title=\"Mobiliza\u00e7\u00e3o\" alt=\"Banner Mobiliza\u00e7\u00e3o\" src=\"\/images\/noticias\/mobilizacao2.gif\" \/><\/p>\n","protected":false},"excerpt":{"rendered":"<p>No ato da semana passada, integrantes da Ordem registraram o apoio da entidade aos pleitos da Advocacia e Defensoria P\u00fablicas Federais.<\/p>\n","protected":false},"author":1,"featured_media":0,"comment_status":"closed","ping_status":"open","sticky":false,"template":"","format":"standard","meta":{"footnotes":""},"categories":[8],"tags":[],"featured_image_url":"https:\/\/dummyimage.com\/720x400","character_count":1347,"formatted_date":"04\/06\/2012 - 14:50","contentNovo":"\r\n<p>Em 30 de maio, o Conselho Federal da OAB sediou mais um ato de mobiliza\u00e7\u00e3o da Advocacia P\u00fablica. Os manifestantes, que mais cedo haviam se aglomerado no pr\u00e9dio da AGU, seguiram para a Ordem no final do dia onde foram recebidos pelo secret\u00e1rio-geral, Marcus Vin\u00edcius Furtado Co\u00ealho.Na ocasi\u00e3o, ele confirmou o apoio da Casa ao Pacto de respeito \u00e0 Constitui\u00e7\u00e3o proposto pela Advocacia P\u00fablica Federal.<\/p>\r\n<p>Participaram tamb\u00e9m do evento o secret\u00e1rio-geral da OAB\/DF, Lincoln de Oliveira, e o Conselheiro Federal D\u00e9lio Fortes Lins e Silva.<\/p>\r\n<p>Os representantes das carreiras reiteraram as reivindica\u00e7\u00f5es da mobiliza\u00e7\u00e3o e agradeceram a acolhida da OAB ao Pacto de respeito \u00e0 Constitui\u00e7\u00e3o.<\/p>\r\n<p>Ao final do ato, os dirigentes da Ordem concederam entrevistas \u00e0 TV SINPROFAZ.<\/p>\r\n<p>Marcus Vin\u00edcius, secret\u00e1rio-geral do CFOAB, falou da necessidade de estruturar as carreiras jur\u00eddicas que constituem as fun\u00e7\u00f5es essenciais ao bom funcionamento do Estado de direito. Defendeu com \u00eanfase o tratamento ison\u00f4mico entre essas fun\u00e7\u00f5es e comentou que \u201cn\u00e3o h\u00e1 justificativa para o distanciamento remunerat\u00f3rio entre as carreiras\u201d. Ele afirmou ainda que a \u201cOrdem \u00e9 de todos os advogados, privados e p\u00fablicos, e a pauta da advocacia p\u00fablica \u00e9 pauta do Conselho Federal\u201d.<\/p>\r\n<p>O direito ao recebimento de honor\u00e1rios foi uma das opini\u00f5es manifestadas pelo secret\u00e1rio-geral da OAB\/DF, Lincoln de Oliveira. \u201cSeria at\u00e9 uma forma de incentivo para que toda a advocacia p\u00fablica tivesse mais disposi\u00e7\u00e3o para desenvolver seu trabalho t\u00e9cnico, intelectual; de uma forma muito mais expressiva em benef\u00edcio da Na\u00e7\u00e3o\u201d, disse.<\/p>\r\n<p>E completou: \u201cacolhemos as reivindica\u00e7\u00f5es com bons olhos porque \u00e9 preocupa\u00e7\u00e3o da OAB que toda a ramifica\u00e7\u00e3o da advocacia tenha condi\u00e7\u00f5es dignas de trabalho e, pelo que acompanhamos, infelizmente o poder p\u00fablico n\u00e3o tem se dedicado \u00e0 advocacia p\u00fablica como deveria, principalmente pelas especificidades dessas carreiras na defesa dos direitos do cidad\u00e3o brasileiro\u201d.<\/p>\r\n<p>Nessa mesma linha de racioc\u00ednio, posicionou-se o conselheiro federal D\u00e9lio Lins e Silva. \u201cacompanho esse movimento h\u00e1 muitos anos, isso \u00e9 uma demonstra\u00e7\u00e3o de que as autoridades p\u00fablicas n\u00e3o tem o menor interesse em estruturar a advocacia p\u00fablica nesse pa\u00eds. Me impressionou o relato de algumas lideran\u00e7as aqui hoje de que o advogado p\u00fablico n\u00e3o tem algu\u00e9m sequer para tirar uma xerox. Isso \u00e9 uma temeridade, um desrespeito\u201d.<\/p>\r\n<p>Acesse nos links abaixo a \u00edntegra das entrevistas:<\/p>\r\n<p><a title=\"Marcus Vinicius - Secret\u00e1rio-Geral OAB Federal\" href=\"http:\/\/www.youtube.com\/watch?v=eST0KIsyx1k&amp;feature=plcp\" target=\"_blank\">http:\/\/www.youtube.com\/watch?v=eST0KIsyx1k&amp;feature=plcp<\/a> <a title=\"Lincoln de Oliveira - Secret\u00e1rio-Geral OAB-DF\" href=\"http:\/\/www.youtube.com\/watch?v=C13Q9xfPm4I&amp;feature=plcp\" target=\"_blank\">http:\/\/www.youtube.com\/watch?v=C13Q9xfPm4I&amp;feature=plcp<\/a> <a title=\"D\u00e9lio Lins e Silva - Conselheiro Federal OAB\" href=\"http:\/\/www.youtube.com\/watch?v=WaliB8NptcI&amp;feature=plcp\" target=\"_blank\">http:\/\/www.youtube.com\/watch?v=WaliB8NptcI&amp;feature=plcp<\/a><\/p>\r\n<p style=\"margin-top: 80px; text-align: center;\"><\/p>","_links":{"self":[{"href":"https:\/\/sinprofaz.org.br\/2024\/wp-json\/wp\/v2\/posts\/835"}],"collection":[{"href":"https:\/\/sinprofaz.org.br\/2024\/wp-json\/wp\/v2\/posts"}],"about":[{"href":"https:\/\/sinprofaz.org.br\/2024\/wp-json\/wp\/v2\/types\/post"}],"author":[{"embeddable":true,"href":"https:\/\/sinprofaz.org.br\/2024\/wp-json\/wp\/v2\/users\/1"}],"replies":[{"embeddable":true,"href":"https:\/\/sinprofaz.org.br\/2024\/wp-json\/wp\/v2\/comments?post=835"}],"version-history":[{"count":0,"href":"https:\/\/sinprofaz.org.br\/2024\/wp-json\/wp\/v2\/posts\/835\/revisions"}],"wp:attachment":[{"href":"https:\/\/sinprofaz.org.br\/2024\/wp-json\/wp\/v2\/media?parent=835"}],"wp:term":[{"taxonomy":"category","embeddable":true,"href":"https:\/\/sinprofaz.org.br\/2024\/wp-json\/wp\/v2\/categories?post=835"},{"taxonomy":"post_tag","embeddable":true,"href":"https:\/\/sinprofaz.org.br\/2024\/wp-json\/wp\/v2\/tags?post=835"}],"curies":[{"name":"wp","href":"https:\/\/api.w.org\/{rel}","templated":true}]}}