{"id":8349,"date":"2018-07-13T13:32:47","date_gmt":"2018-07-13T16:32:47","guid":{"rendered":"http:\/\/www.sinprofaz.org.br\/?p=8349"},"modified":"2018-07-16T14:46:33","modified_gmt":"2018-07-16T17:46:33","slug":"termina-em-15-de-julho-prazo-para-participacao-no-diagnostico-da-carreira","status":"publish","type":"post","link":"https:\/\/sinprofaz.org.br\/2024\/noticias\/termina-em-15-de-julho-prazo-para-participacao-no-diagnostico-da-carreira\/","title":{"rendered":"TERMINA EM 15 DE JULHO PRAZO PARA PARTICIPA\u00c7\u00c3O NO DIAGN\u00d3STICO DA CARREIRA"},"content":{"rendered":"<p>O SINPROFAZ vem realizando o Primeiro Diagn\u00f3stico da Carreira de Procurador da Fazenda Nacional. A pesquisa, voltada para ativos, aposentados e licenciados, filiados ou n\u00e3o ao SINPROFAZ, visa tra\u00e7ar um panorama da Carreira, identificando as percep\u00e7\u00f5es coletivas a respeito das Condi\u00e7\u00f5es de Vida e de Trabalho, Identidade Profissional, Desempenho das Procuradorias e Representatividade Sindical. Mas aten\u00e7\u00e3o: os PFNs s\u00f3 t\u00eam at\u00e9 dia 15 de julho, pr\u00f3ximo domingo, para contribuir com o Diagn\u00f3stico. Para participar, acesse <a href=\"http:\/\/www.diagnosticodosinprofaz.org.br\" rel=\"noopener\" target=\"_blank\">www.diagnosticodosinprofaz.org.br<\/a>.<\/p>\n<p>Todos os respondentes, inclusive os filiados, devem efetuar o cadastro na p\u00e1gina inicial do Diagn\u00f3stico, pois a senha solicitada n\u00e3o \u00e9 a mesma da \u00c1rea do Filiado. Feito o cadastramento e a escolha da senha, o PFN deve efetuar o login e iniciar a pesquisa. Importante salientar: as informa\u00e7\u00f5es pessoais fornecidas ao longo dos question\u00e1rios n\u00e3o ser\u00e3o utilizadas, em hip\u00f3tese alguma, para fins comerciais, como envio de &#8220;mala direta&#8221;. Todas as respostas ser\u00e3o mantidas sob estrita guarda da empresa respons\u00e1vel pelo Diagn\u00f3stico, a qual est\u00e1 contratualmente proibida de revelar tal conte\u00fado ou fazer qualquer esp\u00e9cie de compartilhamento.<\/p>\n<p>Para recompensar os filiados que responderem \u00e0 pesquisa, o SINPROFAZ realizar\u00e1 dois sorteios cujos pr\u00eamios consistir\u00e3o em um IPhone 8 e em um Notebook. Cada filiado que contribuir com o Diagn\u00f3stico ter\u00e1 o nome inclu\u00eddo em uma lista elaborada pelo SINPROFAZ e assessorada pelos representantes da empresa realizadora da pesquisa. A partir da lista, ser\u00e1 emitido um cupom individual, o qual ser\u00e1 depositado em urna para realiza\u00e7\u00e3o dos sorteios.<\/p>\n<p>Contribua com suas opini\u00f5es! Acesse <a href=\"http:\/\/www.diagnosticodosinprofaz.org.br\" rel=\"noopener\" target=\"_blank\">www.diagnosticodosinprofaz.org.br<\/a> e participe!<\/p>\n","protected":false},"excerpt":{"rendered":"<p>O SINPROFAZ vem realizando o Primeiro Diagn\u00f3stico da Carreira de Procurador da Fazenda Nacional. A pesquisa, voltada para ativos, aposentados e licenciados, filiados ou n\u00e3o ao SINPROFAZ, termina no domingo, 15 de julho!<\/p>\n","protected":false},"author":2,"featured_media":8350,"comment_status":"open","ping_status":"open","sticky":false,"template":"","format":"standard","meta":{"footnotes":""},"categories":[8],"tags":[32,127,25],"featured_image_url":"https:\/\/sinprofaz.org.br\/2024\/wp-content\/uploads\/2018\/07\/014-800x198.jpg","character_count":885,"formatted_date":"13\/07\/2018 - 13:32","contentNovo":"O SINPROFAZ vem realizando o Primeiro Diagn\u00f3stico da Carreira de Procurador da Fazenda Nacional. A pesquisa, voltada para ativos, aposentados e licenciados, filiados ou n\u00e3o ao SINPROFAZ, visa tra\u00e7ar um panorama da Carreira, identificando as percep\u00e7\u00f5es coletivas a respeito das Condi\u00e7\u00f5es de Vida e de Trabalho, Identidade Profissional, Desempenho das Procuradorias e Representatividade Sindical. Mas aten\u00e7\u00e3o: os PFNs s\u00f3 t\u00eam at\u00e9 dia 15 de julho, pr\u00f3ximo domingo, para contribuir com o Diagn\u00f3stico. Para participar, acesse <a href=\"http:\/\/www.diagnosticodosinprofaz.org.br\" rel=\"noopener\" target=\"_blank\">www.diagnosticodosinprofaz.org.br<\/a>.\r\n\r\nTodos os respondentes, inclusive os filiados, devem efetuar o cadastro na p\u00e1gina inicial do Diagn\u00f3stico, pois a senha solicitada n\u00e3o \u00e9 a mesma da \u00c1rea do Filiado. Feito o cadastramento e a escolha da senha, o PFN deve efetuar o login e iniciar a pesquisa. Importante salientar: as informa\u00e7\u00f5es pessoais fornecidas ao longo dos question\u00e1rios n\u00e3o ser\u00e3o utilizadas, em hip\u00f3tese alguma, para fins comerciais, como envio de \"mala direta\". Todas as respostas ser\u00e3o mantidas sob estrita guarda da empresa respons\u00e1vel pelo Diagn\u00f3stico, a qual est\u00e1 contratualmente proibida de revelar tal conte\u00fado ou fazer qualquer esp\u00e9cie de compartilhamento.\r\n\r\nPara recompensar os filiados que responderem \u00e0 pesquisa, o SINPROFAZ realizar\u00e1 dois sorteios cujos pr\u00eamios consistir\u00e3o em um IPhone 8 e em um Notebook. Cada filiado que contribuir com o Diagn\u00f3stico ter\u00e1 o nome inclu\u00eddo em uma lista elaborada pelo SINPROFAZ e assessorada pelos representantes da empresa realizadora da pesquisa. A partir da lista, ser\u00e1 emitido um cupom individual, o qual ser\u00e1 depositado em urna para realiza\u00e7\u00e3o dos sorteios.\r\n\r\nContribua com suas opini\u00f5es! Acesse <a href=\"http:\/\/www.diagnosticodosinprofaz.org.br\" rel=\"noopener\" target=\"_blank\">www.diagnosticodosinprofaz.org.br<\/a> e participe!","_links":{"self":[{"href":"https:\/\/sinprofaz.org.br\/2024\/wp-json\/wp\/v2\/posts\/8349"}],"collection":[{"href":"https:\/\/sinprofaz.org.br\/2024\/wp-json\/wp\/v2\/posts"}],"about":[{"href":"https:\/\/sinprofaz.org.br\/2024\/wp-json\/wp\/v2\/types\/post"}],"author":[{"embeddable":true,"href":"https:\/\/sinprofaz.org.br\/2024\/wp-json\/wp\/v2\/users\/2"}],"replies":[{"embeddable":true,"href":"https:\/\/sinprofaz.org.br\/2024\/wp-json\/wp\/v2\/comments?post=8349"}],"version-history":[{"count":1,"href":"https:\/\/sinprofaz.org.br\/2024\/wp-json\/wp\/v2\/posts\/8349\/revisions"}],"predecessor-version":[{"id":8351,"href":"https:\/\/sinprofaz.org.br\/2024\/wp-json\/wp\/v2\/posts\/8349\/revisions\/8351"}],"wp:featuredmedia":[{"embeddable":true,"href":"https:\/\/sinprofaz.org.br\/2024\/wp-json\/wp\/v2\/media\/8350"}],"wp:attachment":[{"href":"https:\/\/sinprofaz.org.br\/2024\/wp-json\/wp\/v2\/media?parent=8349"}],"wp:term":[{"taxonomy":"category","embeddable":true,"href":"https:\/\/sinprofaz.org.br\/2024\/wp-json\/wp\/v2\/categories?post=8349"},{"taxonomy":"post_tag","embeddable":true,"href":"https:\/\/sinprofaz.org.br\/2024\/wp-json\/wp\/v2\/tags?post=8349"}],"curies":[{"name":"wp","href":"https:\/\/api.w.org\/{rel}","templated":true}]}}