{"id":8317,"date":"2018-07-03T20:50:25","date_gmt":"2018-07-03T20:50:25","guid":{"rendered":"http:\/\/www.sinprofaz.org.br\/?p=8317"},"modified":"2018-07-09T17:17:02","modified_gmt":"2018-07-09T17:17:02","slug":"premio-congresso-em-foco-abre-votacao-para-escolha-dos-melhores-parlamentares-do-ano","status":"publish","type":"post","link":"https:\/\/sinprofaz.org.br\/2024\/noticias\/premio-congresso-em-foco-abre-votacao-para-escolha-dos-melhores-parlamentares-do-ano\/","title":{"rendered":"PR\u00caMIO CONGRESSO EM FOCO ABRE VOTA\u00c7\u00c3O PARA ESCOLHA DOS MELHORES PARLAMENTARES DO ANO"},"content":{"rendered":"<p>Est\u00e1 no ar a plataforma de vota\u00e7\u00e3o online do Pr\u00eamio Congresso em Foco 2018, evento tradicionalmente apoiado pelo SINPROFAZ. Ser\u00e3o premiados os congressistas mais bem avaliados pela popula\u00e7\u00e3o, pelo j\u00fari especializado e pelos jornalistas que cobrem as atividades do Congresso Nacional. S\u00f3 poder\u00e3o ser indicados ao Pr\u00eamio parlamentares que n\u00e3o respondem a a\u00e7\u00f5es penais ou a inqu\u00e9ritos criminais. A vota\u00e7\u00e3o fica aberta at\u00e9 31 de julho.<\/p>\n<p>Em sua 11\u00aa edi\u00e7\u00e3o, o Pr\u00eamio tem a pretens\u00e3o de ser mais do que um reconhecimento ao trabalho dos deputados federais e senadores que se destacam positivamente no exerc\u00edcio do mandato. Em \u00faltima inst\u00e2ncia, ele investe contra mitos alimentados em diferentes campos ideol\u00f3gicos \u2013 \u201ctodo pol\u00edtico \u00e9 bandido\u201d, \u201cmelhor seria fechar o Congresso\u201d etc. \u2013 que negam os ganhos que o Parlamento, a pol\u00edtica e a pr\u00f3pria democracia podem trazer \u00e0 sociedade.<\/p>\n<p>Al\u00e9m de escolher o melhor deputado federal e o melhor senador, a vota\u00e7\u00e3o popular inclui indica\u00e7\u00f5es de parlamentares que tenham atuado em prol da &#8220;Defesa da Advocacia P\u00fablica&#8221;, da \u201cRedu\u00e7\u00e3o das Desigualdades Sociais\u201d, do \u201cCombate \u00e0 Corrup\u00e7\u00e3o e ao Crime Organizado\u201d e da &#8220;Defesa da Agropecu\u00e1ria&#8221;. Os premiados ser\u00e3o anunciados em evento no dia 13 de agosto.<\/p>\n<p>Para indicar os parlamentares de destaque em cada uma das categorias, acesse <a href=\"https:\/\/congressoemfoco.uol.com.br\/congresso-em-foco\/premio-congresso-em-foco\/votacao-premio-congresso-em-foco\/\" target=\"_blank\">bit.ly\/2KmzssS<\/a><\/p>\n","protected":false},"excerpt":{"rendered":"<p>Est\u00e1 no ar a plataforma de vota\u00e7\u00e3o do Pr\u00eamio Congresso em Foco 2018, evento tradicionalmente apoiado pelo SINPROFAZ. Ser\u00e3o premiados os congressistas mais bem avaliados pela popula\u00e7\u00e3o, pelo j\u00fari especializado e pelos jornalistas.<\/p>\n","protected":false},"author":2,"featured_media":8318,"comment_status":"open","ping_status":"open","sticky":false,"template":"","format":"standard","meta":{"footnotes":""},"categories":[8],"tags":[73,25],"featured_image_url":"https:\/\/sinprofaz.org.br\/2024\/wp-content\/uploads\/2018\/07\/sinpro-02-800x198.jpg","character_count":705,"formatted_date":"03\/07\/2018 - 20:50","contentNovo":"Est\u00e1 no ar a plataforma de vota\u00e7\u00e3o online do Pr\u00eamio Congresso em Foco 2018, evento tradicionalmente apoiado pelo SINPROFAZ. Ser\u00e3o premiados os congressistas mais bem avaliados pela popula\u00e7\u00e3o, pelo j\u00fari especializado e pelos jornalistas que cobrem as atividades do Congresso Nacional. S\u00f3 poder\u00e3o ser indicados ao Pr\u00eamio parlamentares que n\u00e3o respondem a a\u00e7\u00f5es penais ou a inqu\u00e9ritos criminais. A vota\u00e7\u00e3o fica aberta at\u00e9 31 de julho.\r\n\r\nEm sua 11\u00aa edi\u00e7\u00e3o, o Pr\u00eamio tem a pretens\u00e3o de ser mais do que um reconhecimento ao trabalho dos deputados federais e senadores que se destacam positivamente no exerc\u00edcio do mandato. Em \u00faltima inst\u00e2ncia, ele investe contra mitos alimentados em diferentes campos ideol\u00f3gicos \u2013 \u201ctodo pol\u00edtico \u00e9 bandido\u201d, \u201cmelhor seria fechar o Congresso\u201d etc. \u2013 que negam os ganhos que o Parlamento, a pol\u00edtica e a pr\u00f3pria democracia podem trazer \u00e0 sociedade.\r\n\r\nAl\u00e9m de escolher o melhor deputado federal e o melhor senador, a vota\u00e7\u00e3o popular inclui indica\u00e7\u00f5es de parlamentares que tenham atuado em prol da \"Defesa da Advocacia P\u00fablica\", da \u201cRedu\u00e7\u00e3o das Desigualdades Sociais\u201d, do \u201cCombate \u00e0 Corrup\u00e7\u00e3o e ao Crime Organizado\u201d e da \"Defesa da Agropecu\u00e1ria\". Os premiados ser\u00e3o anunciados em evento no dia 13 de agosto.\r\n\r\nPara indicar os parlamentares de destaque em cada uma das categorias, acesse <a href=\"https:\/\/congressoemfoco.uol.com.br\/congresso-em-foco\/premio-congresso-em-foco\/votacao-premio-congresso-em-foco\/\" target=\"_blank\">bit.ly\/2KmzssS<\/a>","_links":{"self":[{"href":"https:\/\/sinprofaz.org.br\/2024\/wp-json\/wp\/v2\/posts\/8317"}],"collection":[{"href":"https:\/\/sinprofaz.org.br\/2024\/wp-json\/wp\/v2\/posts"}],"about":[{"href":"https:\/\/sinprofaz.org.br\/2024\/wp-json\/wp\/v2\/types\/post"}],"author":[{"embeddable":true,"href":"https:\/\/sinprofaz.org.br\/2024\/wp-json\/wp\/v2\/users\/2"}],"replies":[{"embeddable":true,"href":"https:\/\/sinprofaz.org.br\/2024\/wp-json\/wp\/v2\/comments?post=8317"}],"version-history":[{"count":1,"href":"https:\/\/sinprofaz.org.br\/2024\/wp-json\/wp\/v2\/posts\/8317\/revisions"}],"predecessor-version":[{"id":8319,"href":"https:\/\/sinprofaz.org.br\/2024\/wp-json\/wp\/v2\/posts\/8317\/revisions\/8319"}],"wp:featuredmedia":[{"embeddable":true,"href":"https:\/\/sinprofaz.org.br\/2024\/wp-json\/wp\/v2\/media\/8318"}],"wp:attachment":[{"href":"https:\/\/sinprofaz.org.br\/2024\/wp-json\/wp\/v2\/media?parent=8317"}],"wp:term":[{"taxonomy":"category","embeddable":true,"href":"https:\/\/sinprofaz.org.br\/2024\/wp-json\/wp\/v2\/categories?post=8317"},{"taxonomy":"post_tag","embeddable":true,"href":"https:\/\/sinprofaz.org.br\/2024\/wp-json\/wp\/v2\/tags?post=8317"}],"curies":[{"name":"wp","href":"https:\/\/api.w.org\/{rel}","templated":true}]}}