{"id":8272,"date":"2018-06-20T21:02:03","date_gmt":"2018-06-20T21:02:03","guid":{"rendered":"http:\/\/www.sinprofaz.org.br\/?p=8272"},"modified":"2018-06-20T21:02:03","modified_gmt":"2018-06-20T21:02:03","slug":"entidades-do-forum-nacional-da-advocacia-publica-federal-se-reunem-em-brasilia","status":"publish","type":"post","link":"https:\/\/sinprofaz.org.br\/2024\/noticias\/entidades-do-forum-nacional-da-advocacia-publica-federal-se-reunem-em-brasilia\/","title":{"rendered":"ENTIDADES DO F\u00d3RUM NACIONAL DA ADVOCACIA P\u00daBLICA FEDERAL SE RE\u00daNEM EM BRAS\u00cdLIA"},"content":{"rendered":"<p>O SINPROFAZ participou hoje (20) de reuni\u00e3o com dirigentes das entidades que integram o F\u00f3rum Nacional da Advocacia P\u00fablica Federal, tamb\u00e9m presidido por Achilles Frias. Juntamente com o Sindicato, s\u00e3o membros do F\u00f3rum a ANAUNI, a ANAJUR e a ANPPREV. Na oportunidade do encontro, foi dada continuidade \u00e0 revis\u00e3o do regimento interno e definidos os cargos administrativos a serem ocupados por cada entidade. <\/p>\n<p>Ao longo da discuss\u00e3o, reiterou-se a necessidade de alinhamento entre os membros do F\u00f3rum  no que concerne aos temas de relev\u00e2ncia para as carreiras representadas. Sabendo que o fortalecimento da Advocacia P\u00fablica Federal passa, necessariamente, pelo fortalecimento do pr\u00f3prio F\u00f3rum, discutiram-se estrat\u00e9gias para atua\u00e7\u00e3o conjunta e medidas a serem tomadas a curto e a longo prazo para defesa das prerrogativas.<\/p>\n\n\t\t<style type=\"text\/css\">\n\t\t\t#gallery-1 {\n\t\t\t\tmargin: auto;\n\t\t\t}\n\t\t\t#gallery-1 .gallery-item {\n\t\t\t\tfloat: left;\n\t\t\t\tmargin-top: 10px;\n\t\t\t\ttext-align: center;\n\t\t\t\twidth: 33%;\n\t\t\t}\n\t\t\t#gallery-1 img {\n\t\t\t\tborder: 2px solid #cfcfcf;\n\t\t\t}\n\t\t\t#gallery-1 .gallery-caption {\n\t\t\t\tmargin-left: 0;\n\t\t\t}\n\t\t\t\/* see gallery_shortcode() in wp-includes\/media.php *\/\n\t\t<\/style>\n\t\t<div id='gallery-1' class='gallery galleryid-8272 gallery-columns-3 gallery-size-thumbnail'><dl class='gallery-item'>\n\t\t\t<dt class='gallery-icon landscape'>\n\t\t\t\t<a href='https:\/\/sinprofaz.org.br\/2024\/wp-content\/uploads\/2018\/06\/027.jpg'><img loading=\"lazy\" decoding=\"async\" width=\"150\" height=\"150\" src=\"https:\/\/sinprofaz.org.br\/2024\/wp-content\/uploads\/2018\/06\/027-150x150.jpg\" class=\"attachment-thumbnail size-thumbnail\" alt=\"\" \/><\/a>\n\t\t\t<\/dt><\/dl>\n\t\t\t<br style='clear: both' \/>\n\t\t<\/div>\n\n","protected":false},"excerpt":{"rendered":"<p>O SINPROFAZ participou hoje (20) de reuni\u00e3o do F\u00f3rum Nacional da Advocacia P\u00fablica Federal, tamb\u00e9m presidido por Achilles Frias. Juntamente com o Sindicato, s\u00e3o membros do F\u00f3rum a ANAUNI, a ANAJUR e a ANPPREV.<\/p>\n","protected":false},"author":2,"featured_media":8273,"comment_status":"open","ping_status":"open","sticky":false,"template":"","format":"standard","meta":{"footnotes":""},"categories":[8],"tags":[32,126,25],"featured_image_url":"https:\/\/sinprofaz.org.br\/2024\/wp-content\/uploads\/2018\/06\/0111-800x198.jpg","character_count":597,"formatted_date":"20\/06\/2018 - 21:02","contentNovo":"O SINPROFAZ participou hoje (20) de reuni\u00e3o com dirigentes das entidades que integram o F\u00f3rum Nacional da Advocacia P\u00fablica Federal, tamb\u00e9m presidido por Achilles Frias. Juntamente com o Sindicato, s\u00e3o membros do F\u00f3rum a ANAUNI, a ANAJUR e a ANPPREV. Na oportunidade do encontro, foi dada continuidade \u00e0 revis\u00e3o do regimento interno e definidos os cargos administrativos a serem ocupados por cada entidade. \r\n\r\nAo longo da discuss\u00e3o, reiterou-se a necessidade de alinhamento entre os membros do F\u00f3rum  no que concerne aos temas de relev\u00e2ncia para as carreiras representadas. Sabendo que o fortalecimento da Advocacia P\u00fablica Federal passa, necessariamente, pelo fortalecimento do pr\u00f3prio F\u00f3rum, discutiram-se estrat\u00e9gias para atua\u00e7\u00e3o conjunta e medidas a serem tomadas a curto e a longo prazo para defesa das prerrogativas.\r\n\r\n[gallery link=\"file\" ids=\"8274\"]","_links":{"self":[{"href":"https:\/\/sinprofaz.org.br\/2024\/wp-json\/wp\/v2\/posts\/8272"}],"collection":[{"href":"https:\/\/sinprofaz.org.br\/2024\/wp-json\/wp\/v2\/posts"}],"about":[{"href":"https:\/\/sinprofaz.org.br\/2024\/wp-json\/wp\/v2\/types\/post"}],"author":[{"embeddable":true,"href":"https:\/\/sinprofaz.org.br\/2024\/wp-json\/wp\/v2\/users\/2"}],"replies":[{"embeddable":true,"href":"https:\/\/sinprofaz.org.br\/2024\/wp-json\/wp\/v2\/comments?post=8272"}],"version-history":[{"count":1,"href":"https:\/\/sinprofaz.org.br\/2024\/wp-json\/wp\/v2\/posts\/8272\/revisions"}],"predecessor-version":[{"id":8275,"href":"https:\/\/sinprofaz.org.br\/2024\/wp-json\/wp\/v2\/posts\/8272\/revisions\/8275"}],"wp:featuredmedia":[{"embeddable":true,"href":"https:\/\/sinprofaz.org.br\/2024\/wp-json\/wp\/v2\/media\/8273"}],"wp:attachment":[{"href":"https:\/\/sinprofaz.org.br\/2024\/wp-json\/wp\/v2\/media?parent=8272"}],"wp:term":[{"taxonomy":"category","embeddable":true,"href":"https:\/\/sinprofaz.org.br\/2024\/wp-json\/wp\/v2\/categories?post=8272"},{"taxonomy":"post_tag","embeddable":true,"href":"https:\/\/sinprofaz.org.br\/2024\/wp-json\/wp\/v2\/tags?post=8272"}],"curies":[{"name":"wp","href":"https:\/\/api.w.org\/{rel}","templated":true}]}}