{"id":8251,"date":"2018-06-15T12:54:57","date_gmt":"2018-06-15T12:54:57","guid":{"rendered":"http:\/\/www.sinprofaz.org.br\/?p=8251"},"modified":"2018-06-15T13:04:05","modified_gmt":"2018-06-15T13:04:05","slug":"ex-diretora-palestra-sobre-educacao-fiscal-em-evento-realizado-em-brasilia","status":"publish","type":"post","link":"https:\/\/sinprofaz.org.br\/2024\/noticias\/ex-diretora-palestra-sobre-educacao-fiscal-em-evento-realizado-em-brasilia\/","title":{"rendered":"EX-DIRETORA PALESTRA SOBRE EDUCA\u00c7\u00c3O FISCAL EM EVENTO REALIZADO EM BRAS\u00cdLIA"},"content":{"rendered":"<p>O Soneg\u00f4metro e o problema da sonega\u00e7\u00e3o fiscal no Brasil foram destaque em evento realizado na sede da Defensoria P\u00fablica do DF na quarta-feira (13). Na ocasi\u00e3o, foi lan\u00e7ada a Frente pela Educa\u00e7\u00e3o em Direitos, iniciativa voltada \u00e0 transforma\u00e7\u00e3o social por meio da informa\u00e7\u00e3o, da fraternidade, da cidadania e da dignidade da pessoa humana. Representaram a Procuradoria-Geral da Fazenda Nacional a PFN Annalina Cavicchiolo Trigo, diretora-geral do Centro de Altos Estudos da PGFN &#8211; CEAE, e a ex-diretora do SINPROFAZ e coordenadora nacional do Programa de Educa\u00e7\u00e3o Fiscal da PGFN, Regina Hirose, a qual proferiu palestra sobre a import\u00e2ncia da educa\u00e7\u00e3o fiscal. <\/p>\n<p>Considerada refer\u00eancia nacional nos debates sobre o tema, Regina Hirose falou sobre o trabalho realizado para disseminar a educa\u00e7\u00e3o fiscal no pa\u00eds e foi convidada, na ocasi\u00e3o da palestra, para atuar como coordenadora nacional da Frente. &#8220;\u00c9 fundamental que o engajamento em prol da educa\u00e7\u00e3o seja coletivo. Precisamos mudar paradigmas e s\u00f3 a educa\u00e7\u00e3o \u00e9 capaz disso&#8221;, ressaltou. Ao falar sobre o Soneg\u00f4metro, Regina Hirose explicou que &#8220;o SINPROFAZ, ciente da miss\u00e3o dos PFNs de atuar n\u00e3o apenas na recupera\u00e7\u00e3o de cr\u00e9ditos p\u00fablicos, como tamb\u00e9m na preven\u00e7\u00e3o \u00e0 corrup\u00e7\u00e3o, criou o Soneg\u00f4metro, placar que revela os bilh\u00f5es sonegados anualmente no Brasil&#8221;. <\/p>\n<p>Durante a cerim\u00f4nia, foi lan\u00e7ado o <a href=\"http:\/\/www.frentedaeducacaoemdireitos.com.br\/\" rel=\"noopener\" target=\"_blank\">site da Frente pela Educa\u00e7\u00e3o em Direitos<\/a>, espa\u00e7o de colabora\u00e7\u00e3o entre as institui\u00e7\u00f5es apoiadoras da iniciativa. No portal, \u00e9 poss\u00edvel acessar o Protocolo de Inten\u00e7\u00f5es, o qual define, com base nos objetivos fundamentais estampados na Constitui\u00e7\u00e3o Federal de 1988, o esfor\u00e7o coletivo e integrado pela incorpora\u00e7\u00e3o \u00e0 sociedade do princ\u00edpio da educa\u00e7\u00e3o em direitos como caminho de transforma\u00e7\u00e3o. A Procuradoria-Geral da Fazenda Nacional \u00e9 uma das apoiadoras do projeto.<\/p>\n\n\t\t<style type=\"text\/css\">\n\t\t\t#gallery-1 {\n\t\t\t\tmargin: auto;\n\t\t\t}\n\t\t\t#gallery-1 .gallery-item {\n\t\t\t\tfloat: left;\n\t\t\t\tmargin-top: 10px;\n\t\t\t\ttext-align: center;\n\t\t\t\twidth: 33%;\n\t\t\t}\n\t\t\t#gallery-1 img {\n\t\t\t\tborder: 2px solid #cfcfcf;\n\t\t\t}\n\t\t\t#gallery-1 .gallery-caption {\n\t\t\t\tmargin-left: 0;\n\t\t\t}\n\t\t\t\/* see gallery_shortcode() in wp-includes\/media.php *\/\n\t\t<\/style>\n\t\t<div id='gallery-1' class='gallery galleryid-8251 gallery-columns-3 gallery-size-thumbnail'><dl class='gallery-item'>\n\t\t\t<dt class='gallery-icon landscape'>\n\t\t\t\t<a href='https:\/\/sinprofaz.org.br\/2024\/wp-content\/uploads\/2018\/06\/025.jpg'><img loading=\"lazy\" decoding=\"async\" width=\"150\" height=\"150\" src=\"https:\/\/sinprofaz.org.br\/2024\/wp-content\/uploads\/2018\/06\/025-150x150.jpg\" class=\"attachment-thumbnail size-thumbnail\" alt=\"\" \/><\/a>\n\t\t\t<\/dt><\/dl><dl class='gallery-item'>\n\t\t\t<dt class='gallery-icon landscape'>\n\t\t\t\t<a href='https:\/\/sinprofaz.org.br\/2024\/wp-content\/uploads\/2018\/06\/034.jpg'><img loading=\"lazy\" decoding=\"async\" width=\"150\" height=\"150\" src=\"https:\/\/sinprofaz.org.br\/2024\/wp-content\/uploads\/2018\/06\/034-150x150.jpg\" class=\"attachment-thumbnail size-thumbnail\" alt=\"\" \/><\/a>\n\t\t\t<\/dt><\/dl><dl class='gallery-item'>\n\t\t\t<dt class='gallery-icon landscape'>\n\t\t\t\t<a href='https:\/\/sinprofaz.org.br\/2024\/wp-content\/uploads\/2018\/06\/041.jpg'><img loading=\"lazy\" decoding=\"async\" width=\"150\" height=\"150\" src=\"https:\/\/sinprofaz.org.br\/2024\/wp-content\/uploads\/2018\/06\/041-150x150.jpg\" class=\"attachment-thumbnail size-thumbnail\" alt=\"\" \/><\/a>\n\t\t\t<\/dt><\/dl><br style=\"clear: both\" \/><dl class='gallery-item'>\n\t\t\t<dt class='gallery-icon landscape'>\n\t\t\t\t<a href='https:\/\/sinprofaz.org.br\/2024\/wp-content\/uploads\/2018\/06\/051.jpg'><img loading=\"lazy\" decoding=\"async\" width=\"150\" height=\"150\" src=\"https:\/\/sinprofaz.org.br\/2024\/wp-content\/uploads\/2018\/06\/051-150x150.jpg\" class=\"attachment-thumbnail size-thumbnail\" alt=\"\" \/><\/a>\n\t\t\t<\/dt><\/dl>\n\t\t\t<br style='clear: both' \/>\n\t\t<\/div>\n\n","protected":false},"excerpt":{"rendered":"<p>O Soneg\u00f4metro foi destaque em evento realizado na quarta-feira. Na ocasi\u00e3o, foi lan\u00e7ada a Frente pela Educa\u00e7\u00e3o em Direitos, iniciativa voltada \u00e0 transforma\u00e7\u00e3o social por meio da informa\u00e7\u00e3o, da cidadania e da dignidade da pessoa humana. <\/p>\n","protected":false},"author":2,"featured_media":8260,"comment_status":"open","ping_status":"open","sticky":false,"template":"","format":"standard","meta":{"footnotes":""},"categories":[8],"tags":[32,59],"featured_image_url":"https:\/\/sinprofaz.org.br\/2024\/wp-content\/uploads\/2018\/06\/019-800x198.jpg","character_count":1154,"formatted_date":"15\/06\/2018 - 12:54","contentNovo":"O Soneg\u00f4metro e o problema da sonega\u00e7\u00e3o fiscal no Brasil foram destaque em evento realizado na sede da Defensoria P\u00fablica do DF na quarta-feira (13). Na ocasi\u00e3o, foi lan\u00e7ada a Frente pela Educa\u00e7\u00e3o em Direitos, iniciativa voltada \u00e0 transforma\u00e7\u00e3o social por meio da informa\u00e7\u00e3o, da fraternidade, da cidadania e da dignidade da pessoa humana. Representaram a Procuradoria-Geral da Fazenda Nacional a PFN Annalina Cavicchiolo Trigo, diretora-geral do Centro de Altos Estudos da PGFN - CEAE, e a ex-diretora do SINPROFAZ e coordenadora nacional do Programa de Educa\u00e7\u00e3o Fiscal da PGFN, Regina Hirose, a qual proferiu palestra sobre a import\u00e2ncia da educa\u00e7\u00e3o fiscal. \r\n\r\nConsiderada refer\u00eancia nacional nos debates sobre o tema, Regina Hirose falou sobre o trabalho realizado para disseminar a educa\u00e7\u00e3o fiscal no pa\u00eds e foi convidada, na ocasi\u00e3o da palestra, para atuar como coordenadora nacional da Frente. \"\u00c9 fundamental que o engajamento em prol da educa\u00e7\u00e3o seja coletivo. Precisamos mudar paradigmas e s\u00f3 a educa\u00e7\u00e3o \u00e9 capaz disso\", ressaltou. Ao falar sobre o Soneg\u00f4metro, Regina Hirose explicou que \"o SINPROFAZ, ciente da miss\u00e3o dos PFNs de atuar n\u00e3o apenas na recupera\u00e7\u00e3o de cr\u00e9ditos p\u00fablicos, como tamb\u00e9m na preven\u00e7\u00e3o \u00e0 corrup\u00e7\u00e3o, criou o Soneg\u00f4metro, placar que revela os bilh\u00f5es sonegados anualmente no Brasil\". \r\n\r\nDurante a cerim\u00f4nia, foi lan\u00e7ado o <a href=\"http:\/\/www.frentedaeducacaoemdireitos.com.br\/\" rel=\"noopener\" target=\"_blank\">site da Frente pela Educa\u00e7\u00e3o em Direitos<\/a>, espa\u00e7o de colabora\u00e7\u00e3o entre as institui\u00e7\u00f5es apoiadoras da iniciativa. No portal, \u00e9 poss\u00edvel acessar o Protocolo de Inten\u00e7\u00f5es, o qual define, com base nos objetivos fundamentais estampados na Constitui\u00e7\u00e3o Federal de 1988, o esfor\u00e7o coletivo e integrado pela incorpora\u00e7\u00e3o \u00e0 sociedade do princ\u00edpio da educa\u00e7\u00e3o em direitos como caminho de transforma\u00e7\u00e3o. A Procuradoria-Geral da Fazenda Nacional \u00e9 uma das apoiadoras do projeto.\r\n\r\n[gallery link=\"file\" ids=\"8253,8254,8255,8256\"]","_links":{"self":[{"href":"https:\/\/sinprofaz.org.br\/2024\/wp-json\/wp\/v2\/posts\/8251"}],"collection":[{"href":"https:\/\/sinprofaz.org.br\/2024\/wp-json\/wp\/v2\/posts"}],"about":[{"href":"https:\/\/sinprofaz.org.br\/2024\/wp-json\/wp\/v2\/types\/post"}],"author":[{"embeddable":true,"href":"https:\/\/sinprofaz.org.br\/2024\/wp-json\/wp\/v2\/users\/2"}],"replies":[{"embeddable":true,"href":"https:\/\/sinprofaz.org.br\/2024\/wp-json\/wp\/v2\/comments?post=8251"}],"version-history":[{"count":3,"href":"https:\/\/sinprofaz.org.br\/2024\/wp-json\/wp\/v2\/posts\/8251\/revisions"}],"predecessor-version":[{"id":8259,"href":"https:\/\/sinprofaz.org.br\/2024\/wp-json\/wp\/v2\/posts\/8251\/revisions\/8259"}],"wp:featuredmedia":[{"embeddable":true,"href":"https:\/\/sinprofaz.org.br\/2024\/wp-json\/wp\/v2\/media\/8260"}],"wp:attachment":[{"href":"https:\/\/sinprofaz.org.br\/2024\/wp-json\/wp\/v2\/media?parent=8251"}],"wp:term":[{"taxonomy":"category","embeddable":true,"href":"https:\/\/sinprofaz.org.br\/2024\/wp-json\/wp\/v2\/categories?post=8251"},{"taxonomy":"post_tag","embeddable":true,"href":"https:\/\/sinprofaz.org.br\/2024\/wp-json\/wp\/v2\/tags?post=8251"}],"curies":[{"name":"wp","href":"https:\/\/api.w.org\/{rel}","templated":true}]}}