{"id":8239,"date":"2018-06-13T12:06:55","date_gmt":"2018-06-13T12:06:55","guid":{"rendered":"http:\/\/www.sinprofaz.org.br\/?p=8239"},"modified":"2018-06-13T19:55:26","modified_gmt":"2018-06-13T19:55:26","slug":"projetos-em-pauta-no-congresso-nacional-sao-debatidos-em-assembleia-do-fonacate","status":"publish","type":"post","link":"https:\/\/sinprofaz.org.br\/2024\/noticias\/projetos-em-pauta-no-congresso-nacional-sao-debatidos-em-assembleia-do-fonacate\/","title":{"rendered":"PROJETOS EM PAUTA NO CONGRESSO NACIONAL S\u00c3O DEBATIDOS EM ASSEMBLEIA DO FONACATE"},"content":{"rendered":"<p>O SINPROFAZ, representado pelo presidente Achilles Frias, compareceu na ter\u00e7a-feira (12) \u00e0 assembleia do F\u00f3rum Nacional Permanente de Carreiras T\u00edpicas de Estado &#8211; Fonacate. Ao longo do encontro, realizado na sede do F\u00f3rum, em Bras\u00edlia\/DF, discutiram-se pautas pol\u00edticas de interesse geral das carreiras de Estado. Entre elas, a PEC do Teto de Gastos, cujos efeitos v\u00eam sendo sentidos pelos mais diversos \u00f3rg\u00e3os da administra\u00e7\u00e3o p\u00fablica, inclusive pela Procuradoria-Geral da Fazenda Nacional.<\/p>\n<p>Esteve em pauta ainda a Carta de Princ\u00edpios do Fonacate, elaborada durante a 5\u00aa Confer\u00eancia Nacional das Carreiras T\u00edpicas de Estado. Na Carta, a ser lan\u00e7ada oficialmente em evento nos pr\u00f3ximos meses, o F\u00f3rum elenca diretrizes visando o fortalecimento e a valoriza\u00e7\u00e3o dos servidores p\u00fablicos. Os candidatos \u00e0s elei\u00e7\u00f5es de 2018 que assinarem o documento assumir\u00e3o o compromisso de atuar em prol do funcionalismo, observando as orienta\u00e7\u00f5es da Carta ao longo do mandato parlamentar. A Carta de Princ\u00edpios do Fonacate foi tema de reportagem do jornal Correio Braziliense, confira: <a href=\"http:\/\/bit.ly\/2IqGNmk\" rel=\"noopener\" target=\"_blank\">bit.ly\/2IqGNmk<\/a><\/p>\n\n\t\t<style type=\"text\/css\">\n\t\t\t#gallery-1 {\n\t\t\t\tmargin: auto;\n\t\t\t}\n\t\t\t#gallery-1 .gallery-item {\n\t\t\t\tfloat: left;\n\t\t\t\tmargin-top: 10px;\n\t\t\t\ttext-align: center;\n\t\t\t\twidth: 33%;\n\t\t\t}\n\t\t\t#gallery-1 img {\n\t\t\t\tborder: 2px solid #cfcfcf;\n\t\t\t}\n\t\t\t#gallery-1 .gallery-caption {\n\t\t\t\tmargin-left: 0;\n\t\t\t}\n\t\t\t\/* see gallery_shortcode() in wp-includes\/media.php *\/\n\t\t<\/style>\n\t\t<div id='gallery-1' class='gallery galleryid-8239 gallery-columns-3 gallery-size-thumbnail'><dl class='gallery-item'>\n\t\t\t<dt class='gallery-icon landscape'>\n\t\t\t\t<a href='https:\/\/sinprofaz.org.br\/2024\/wp-content\/uploads\/2018\/06\/023.jpg'><img loading=\"lazy\" decoding=\"async\" width=\"150\" height=\"150\" src=\"https:\/\/sinprofaz.org.br\/2024\/wp-content\/uploads\/2018\/06\/023-150x150.jpg\" class=\"attachment-thumbnail size-thumbnail\" alt=\"\" \/><\/a>\n\t\t\t<\/dt><\/dl><dl class='gallery-item'>\n\t\t\t<dt class='gallery-icon landscape'>\n\t\t\t\t<a href='https:\/\/sinprofaz.org.br\/2024\/wp-content\/uploads\/2018\/06\/033.jpg'><img loading=\"lazy\" decoding=\"async\" width=\"150\" height=\"150\" src=\"https:\/\/sinprofaz.org.br\/2024\/wp-content\/uploads\/2018\/06\/033-150x150.jpg\" class=\"attachment-thumbnail size-thumbnail\" alt=\"\" \/><\/a>\n\t\t\t<\/dt><\/dl>\n\t\t\t<br style='clear: both' \/>\n\t\t<\/div>\n\n","protected":false},"excerpt":{"rendered":"<p>Esteve em pauta a Carta de Princ\u00edpios do F\u00f3rum Nacional Permanente de Carreiras T\u00edpicas de Estado. Na Carta, a ser lan\u00e7ada em evento nos pr\u00f3ximos meses, o F\u00f3rum elenca diretrizes visando a valoriza\u00e7\u00e3o dos servidores p\u00fablicos.<\/p>\n","protected":false},"author":2,"featured_media":8240,"comment_status":"open","ping_status":"open","sticky":false,"template":"","format":"standard","meta":{"footnotes":""},"categories":[8],"tags":[32,122,25],"featured_image_url":"https:\/\/sinprofaz.org.br\/2024\/wp-content\/uploads\/2018\/06\/015-800x198.jpg","character_count":745,"formatted_date":"13\/06\/2018 - 12:06","contentNovo":"O SINPROFAZ, representado pelo presidente Achilles Frias, compareceu na ter\u00e7a-feira (12) \u00e0 assembleia do F\u00f3rum Nacional Permanente de Carreiras T\u00edpicas de Estado - Fonacate. Ao longo do encontro, realizado na sede do F\u00f3rum, em Bras\u00edlia\/DF, discutiram-se pautas pol\u00edticas de interesse geral das carreiras de Estado. Entre elas, a PEC do Teto de Gastos, cujos efeitos v\u00eam sendo sentidos pelos mais diversos \u00f3rg\u00e3os da administra\u00e7\u00e3o p\u00fablica, inclusive pela Procuradoria-Geral da Fazenda Nacional.\r\n\r\nEsteve em pauta ainda a Carta de Princ\u00edpios do Fonacate, elaborada durante a 5\u00aa Confer\u00eancia Nacional das Carreiras T\u00edpicas de Estado. Na Carta, a ser lan\u00e7ada oficialmente em evento nos pr\u00f3ximos meses, o F\u00f3rum elenca diretrizes visando o fortalecimento e a valoriza\u00e7\u00e3o dos servidores p\u00fablicos. Os candidatos \u00e0s elei\u00e7\u00f5es de 2018 que assinarem o documento assumir\u00e3o o compromisso de atuar em prol do funcionalismo, observando as orienta\u00e7\u00f5es da Carta ao longo do mandato parlamentar. A Carta de Princ\u00edpios do Fonacate foi tema de reportagem do jornal Correio Braziliense, confira: <a href=\"http:\/\/bit.ly\/2IqGNmk\" rel=\"noopener\" target=\"_blank\">bit.ly\/2IqGNmk<\/a>\r\n\r\n[gallery link=\"file\" ids=\"8241,8242\"]","_links":{"self":[{"href":"https:\/\/sinprofaz.org.br\/2024\/wp-json\/wp\/v2\/posts\/8239"}],"collection":[{"href":"https:\/\/sinprofaz.org.br\/2024\/wp-json\/wp\/v2\/posts"}],"about":[{"href":"https:\/\/sinprofaz.org.br\/2024\/wp-json\/wp\/v2\/types\/post"}],"author":[{"embeddable":true,"href":"https:\/\/sinprofaz.org.br\/2024\/wp-json\/wp\/v2\/users\/2"}],"replies":[{"embeddable":true,"href":"https:\/\/sinprofaz.org.br\/2024\/wp-json\/wp\/v2\/comments?post=8239"}],"version-history":[{"count":1,"href":"https:\/\/sinprofaz.org.br\/2024\/wp-json\/wp\/v2\/posts\/8239\/revisions"}],"predecessor-version":[{"id":8243,"href":"https:\/\/sinprofaz.org.br\/2024\/wp-json\/wp\/v2\/posts\/8239\/revisions\/8243"}],"wp:featuredmedia":[{"embeddable":true,"href":"https:\/\/sinprofaz.org.br\/2024\/wp-json\/wp\/v2\/media\/8240"}],"wp:attachment":[{"href":"https:\/\/sinprofaz.org.br\/2024\/wp-json\/wp\/v2\/media?parent=8239"}],"wp:term":[{"taxonomy":"category","embeddable":true,"href":"https:\/\/sinprofaz.org.br\/2024\/wp-json\/wp\/v2\/categories?post=8239"},{"taxonomy":"post_tag","embeddable":true,"href":"https:\/\/sinprofaz.org.br\/2024\/wp-json\/wp\/v2\/tags?post=8239"}],"curies":[{"name":"wp","href":"https:\/\/api.w.org\/{rel}","templated":true}]}}