{"id":8212,"date":"2018-06-07T20:58:44","date_gmt":"2018-06-07T20:58:44","guid":{"rendered":"http:\/\/www.sinprofaz.org.br\/?p=8212"},"modified":"2018-06-12T12:21:10","modified_gmt":"2018-06-12T12:21:10","slug":"reuniao-da-diretoria-conta-com-a-presenca-do-senador-helio-jose","status":"publish","type":"post","link":"https:\/\/sinprofaz.org.br\/2024\/noticias\/reuniao-da-diretoria-conta-com-a-presenca-do-senador-helio-jose\/","title":{"rendered":"REUNI\u00c3O DA DIRETORIA CONTA COM A PRESEN\u00c7A DO SENADOR H\u00c9LIO JOS\u00c9"},"content":{"rendered":"<p>A reuni\u00e3o da Diretoria do SINPROFAZ, realizada hoje (7), contou com a presen\u00e7a do senador H\u00e9lio Jos\u00e9 (PROS\/DF). Na ocasi\u00e3o, a Diretoria agradeceu o empenho do senador durante os trabalhos da CPI da Previd\u00eancia, da qual ele foi relator. Ap\u00f3s a realiza\u00e7\u00e3o dos debates ao longo das audi\u00eancias p\u00fablicas promovidas, H\u00e9lio Jos\u00e9 concluiu que, assim como denunciava o SINPROFAZ, a reforma da Previd\u00eancia n\u00e3o passava de uma fal\u00e1cia que pretendia retirar direitos conquistados pelos trabalhadores. \u00c0 Diretoria, o senador agradeceu a contribui\u00e7\u00e3o do SINPROFAZ na pessoa de Achilles Frias que, de acordo com o parlamentar, sempre demonstrou presteza para orient\u00e1-lo.<\/p>\n<p>&#8220;O presidente Achilles tem colaborado muito com os debates travados no Congresso Nacional, n\u00e3o apenas como servidor p\u00fablico, mas como cidad\u00e3o. Al\u00e9m de ter profundo conhecimento, Achilles Frias tem o traquejo pol\u00edtico necess\u00e1rio a essas ocasi\u00f5es. Por isso, eu n\u00e3o poderia deixar o SINPROFAZ de fora das discuss\u00f5es a respeito da reforma da Previd\u00eancia. A oposi\u00e7\u00e3o \u00e0 reforma foi uma batalha muito dura e, para que alcan\u00e7\u00e1ssemos a vit\u00f3ria, foram fundamentais as informa\u00e7\u00f5es t\u00e9cnicas e a expertise demonstrada pelo SINPROFAZ. Juntos, convocamos o Executivo, o Legislativo, o Judici\u00e1rio e a sociedade civil e ouvimos todos os setores, fazendo o trabalho que o governo deveria ter feito&#8221;, lembrou H\u00e9lio Jos\u00e9. <\/p>\n<p>De acordo com o senador, a pretens\u00e3o, ao longo de seu mandato, foi a de fazer do Senado Federal um espa\u00e7o em que os servidores p\u00fablicos tivessem voz para contestar os mandos e desmandos da elite que det\u00e9m o poder econ\u00f4mico. A manuten\u00e7\u00e3o e a amplia\u00e7\u00e3o desse espa\u00e7o depende, segundo H\u00e9lio Jos\u00e9, dos pr\u00f3prios servidores, em especial, dos PFNs, capazes de orientar as bases para apoiarem os candidatos que est\u00e3o ao lado do funcionalismo. A fala do senador foi apoiada por Achilles Frias: &#8220;Sabemos da import\u00e2ncia da elei\u00e7\u00e3o de representantes comprometidos com nossas causas. O senador \u00e9 um desses, que j\u00e1 nos ajudou em v\u00e1rias pautas, dando espa\u00e7o para que defend\u00eassemos nossos anseios no Congresso Nacional. H\u00e9lio Jos\u00e9 pode contribuir ainda mais com a Carreira, enquanto senador ou deputado federal&#8221;.<\/p>\n<p>Ao longo da reuni\u00e3o, o parlamentar demonstrou contrariedade com as ren\u00fancias fiscais promovidas pelo governo em benef\u00edcio dos banqueiros e grandes empres\u00e1rios, denunciados pelo SINPROFAZ por meio do Soneg\u00f4metro. Ele reiterou a necessidade da elei\u00e7\u00e3o de senadores e deputados que n\u00e3o queiram fazer do Congresso um balc\u00e3o de neg\u00f3cios, aprovando projetos apenas em benef\u00edcio pr\u00f3prio. Por fim, H\u00e9lio Jos\u00e9 afirmou estar sempre aberto a sugest\u00f5es dos procuradores da Fazenda Nacional e agradeceu o trabalho que os PFNs t\u00eam feito pelo pa\u00eds, dentro e fora do Congresso Nacional.<\/p>\n\n\t\t<style type=\"text\/css\">\n\t\t\t#gallery-1 {\n\t\t\t\tmargin: auto;\n\t\t\t}\n\t\t\t#gallery-1 .gallery-item {\n\t\t\t\tfloat: left;\n\t\t\t\tmargin-top: 10px;\n\t\t\t\ttext-align: center;\n\t\t\t\twidth: 33%;\n\t\t\t}\n\t\t\t#gallery-1 img {\n\t\t\t\tborder: 2px solid #cfcfcf;\n\t\t\t}\n\t\t\t#gallery-1 .gallery-caption {\n\t\t\t\tmargin-left: 0;\n\t\t\t}\n\t\t\t\/* see gallery_shortcode() in wp-includes\/media.php *\/\n\t\t<\/style>\n\t\t<div id='gallery-1' class='gallery galleryid-8212 gallery-columns-3 gallery-size-thumbnail'><dl class='gallery-item'>\n\t\t\t<dt class='gallery-icon landscape'>\n\t\t\t\t<a href='https:\/\/sinprofaz.org.br\/2024\/wp-content\/uploads\/2018\/06\/02.jpg'><img loading=\"lazy\" decoding=\"async\" width=\"150\" height=\"150\" src=\"https:\/\/sinprofaz.org.br\/2024\/wp-content\/uploads\/2018\/06\/02-150x150.jpg\" class=\"attachment-thumbnail size-thumbnail\" alt=\"\" \/><\/a>\n\t\t\t<\/dt><\/dl><dl class='gallery-item'>\n\t\t\t<dt class='gallery-icon landscape'>\n\t\t\t\t<a href='https:\/\/sinprofaz.org.br\/2024\/wp-content\/uploads\/2018\/06\/03.jpg'><img loading=\"lazy\" decoding=\"async\" width=\"150\" height=\"150\" src=\"https:\/\/sinprofaz.org.br\/2024\/wp-content\/uploads\/2018\/06\/03-150x150.jpg\" class=\"attachment-thumbnail size-thumbnail\" alt=\"\" \/><\/a>\n\t\t\t<\/dt><\/dl><dl class='gallery-item'>\n\t\t\t<dt class='gallery-icon landscape'>\n\t\t\t\t<a href='https:\/\/sinprofaz.org.br\/2024\/wp-content\/uploads\/2018\/06\/04.jpg'><img loading=\"lazy\" decoding=\"async\" width=\"150\" height=\"150\" src=\"https:\/\/sinprofaz.org.br\/2024\/wp-content\/uploads\/2018\/06\/04-150x150.jpg\" class=\"attachment-thumbnail size-thumbnail\" alt=\"\" \/><\/a>\n\t\t\t<\/dt><\/dl><br style=\"clear: both\" \/><dl class='gallery-item'>\n\t\t\t<dt class='gallery-icon landscape'>\n\t\t\t\t<a href='https:\/\/sinprofaz.org.br\/2024\/wp-content\/uploads\/2018\/06\/05.jpg'><img loading=\"lazy\" decoding=\"async\" width=\"150\" height=\"150\" src=\"https:\/\/sinprofaz.org.br\/2024\/wp-content\/uploads\/2018\/06\/05-150x150.jpg\" class=\"attachment-thumbnail size-thumbnail\" alt=\"\" \/><\/a>\n\t\t\t<\/dt><\/dl><dl class='gallery-item'>\n\t\t\t<dt class='gallery-icon landscape'>\n\t\t\t\t<a href='https:\/\/sinprofaz.org.br\/2024\/wp-content\/uploads\/2018\/06\/06.jpg'><img loading=\"lazy\" decoding=\"async\" width=\"150\" height=\"150\" src=\"https:\/\/sinprofaz.org.br\/2024\/wp-content\/uploads\/2018\/06\/06-150x150.jpg\" class=\"attachment-thumbnail size-thumbnail\" alt=\"\" \/><\/a>\n\t\t\t<\/dt><\/dl><dl class='gallery-item'>\n\t\t\t<dt class='gallery-icon landscape'>\n\t\t\t\t<a href='https:\/\/sinprofaz.org.br\/2024\/wp-content\/uploads\/2018\/06\/07.jpg'><img loading=\"lazy\" decoding=\"async\" width=\"150\" height=\"150\" src=\"https:\/\/sinprofaz.org.br\/2024\/wp-content\/uploads\/2018\/06\/07-150x150.jpg\" class=\"attachment-thumbnail size-thumbnail\" alt=\"\" \/><\/a>\n\t\t\t<\/dt><\/dl><br style=\"clear: both\" \/><dl class='gallery-item'>\n\t\t\t<dt class='gallery-icon landscape'>\n\t\t\t\t<a href='https:\/\/sinprofaz.org.br\/2024\/wp-content\/uploads\/2018\/06\/08.jpg'><img loading=\"lazy\" decoding=\"async\" width=\"150\" height=\"150\" src=\"https:\/\/sinprofaz.org.br\/2024\/wp-content\/uploads\/2018\/06\/08-150x150.jpg\" class=\"attachment-thumbnail size-thumbnail\" alt=\"\" \/><\/a>\n\t\t\t<\/dt><\/dl>\n\t\t\t<br style='clear: both' \/>\n\t\t<\/div>\n\n","protected":false},"excerpt":{"rendered":"<p>A reuni\u00e3o da Diretoria do SINPROFAZ, realizada hoje (7), contou com a presen\u00e7a do senador H\u00e9lio Jos\u00e9 (PROS\/DF). Na ocasi\u00e3o, a Diretoria agradeceu o empenho do senador durante os trabalhos da CPI da Previd\u00eancia, da qual ele foi relator. <\/p>\n","protected":false},"author":2,"featured_media":8213,"comment_status":"open","ping_status":"open","sticky":false,"template":"","format":"standard","meta":{"footnotes":""},"categories":[8],"tags":[93,53,25],"featured_image_url":"https:\/\/sinprofaz.org.br\/2024\/wp-content\/uploads\/2018\/06\/011-800x198.jpg","character_count":1633,"formatted_date":"07\/06\/2018 - 20:58","contentNovo":"A reuni\u00e3o da Diretoria do SINPROFAZ, realizada hoje (7), contou com a presen\u00e7a do senador H\u00e9lio Jos\u00e9 (PROS\/DF). Na ocasi\u00e3o, a Diretoria agradeceu o empenho do senador durante os trabalhos da CPI da Previd\u00eancia, da qual ele foi relator. Ap\u00f3s a realiza\u00e7\u00e3o dos debates ao longo das audi\u00eancias p\u00fablicas promovidas, H\u00e9lio Jos\u00e9 concluiu que, assim como denunciava o SINPROFAZ, a reforma da Previd\u00eancia n\u00e3o passava de uma fal\u00e1cia que pretendia retirar direitos conquistados pelos trabalhadores. \u00c0 Diretoria, o senador agradeceu a contribui\u00e7\u00e3o do SINPROFAZ na pessoa de Achilles Frias que, de acordo com o parlamentar, sempre demonstrou presteza para orient\u00e1-lo.\r\n\r\n\"O presidente Achilles tem colaborado muito com os debates travados no Congresso Nacional, n\u00e3o apenas como servidor p\u00fablico, mas como cidad\u00e3o. Al\u00e9m de ter profundo conhecimento, Achilles Frias tem o traquejo pol\u00edtico necess\u00e1rio a essas ocasi\u00f5es. Por isso, eu n\u00e3o poderia deixar o SINPROFAZ de fora das discuss\u00f5es a respeito da reforma da Previd\u00eancia. A oposi\u00e7\u00e3o \u00e0 reforma foi uma batalha muito dura e, para que alcan\u00e7\u00e1ssemos a vit\u00f3ria, foram fundamentais as informa\u00e7\u00f5es t\u00e9cnicas e a expertise demonstrada pelo SINPROFAZ. Juntos, convocamos o Executivo, o Legislativo, o Judici\u00e1rio e a sociedade civil e ouvimos todos os setores, fazendo o trabalho que o governo deveria ter feito\", lembrou H\u00e9lio Jos\u00e9. \r\n\r\nDe acordo com o senador, a pretens\u00e3o, ao longo de seu mandato, foi a de fazer do Senado Federal um espa\u00e7o em que os servidores p\u00fablicos tivessem voz para contestar os mandos e desmandos da elite que det\u00e9m o poder econ\u00f4mico. A manuten\u00e7\u00e3o e a amplia\u00e7\u00e3o desse espa\u00e7o depende, segundo H\u00e9lio Jos\u00e9, dos pr\u00f3prios servidores, em especial, dos PFNs, capazes de orientar as bases para apoiarem os candidatos que est\u00e3o ao lado do funcionalismo. A fala do senador foi apoiada por Achilles Frias: \"Sabemos da import\u00e2ncia da elei\u00e7\u00e3o de representantes comprometidos com nossas causas. O senador \u00e9 um desses, que j\u00e1 nos ajudou em v\u00e1rias pautas, dando espa\u00e7o para que defend\u00eassemos nossos anseios no Congresso Nacional. H\u00e9lio Jos\u00e9 pode contribuir ainda mais com a Carreira, enquanto senador ou deputado federal\".\r\n\r\nAo longo da reuni\u00e3o, o parlamentar demonstrou contrariedade com as ren\u00fancias fiscais promovidas pelo governo em benef\u00edcio dos banqueiros e grandes empres\u00e1rios, denunciados pelo SINPROFAZ por meio do Soneg\u00f4metro. Ele reiterou a necessidade da elei\u00e7\u00e3o de senadores e deputados que n\u00e3o queiram fazer do Congresso um balc\u00e3o de neg\u00f3cios, aprovando projetos apenas em benef\u00edcio pr\u00f3prio. Por fim, H\u00e9lio Jos\u00e9 afirmou estar sempre aberto a sugest\u00f5es dos procuradores da Fazenda Nacional e agradeceu o trabalho que os PFNs t\u00eam feito pelo pa\u00eds, dentro e fora do Congresso Nacional.\r\n\r\n[gallery link=\"file\" ids=\"8214,8215,8216,8217,8218,8219,8220\"]","_links":{"self":[{"href":"https:\/\/sinprofaz.org.br\/2024\/wp-json\/wp\/v2\/posts\/8212"}],"collection":[{"href":"https:\/\/sinprofaz.org.br\/2024\/wp-json\/wp\/v2\/posts"}],"about":[{"href":"https:\/\/sinprofaz.org.br\/2024\/wp-json\/wp\/v2\/types\/post"}],"author":[{"embeddable":true,"href":"https:\/\/sinprofaz.org.br\/2024\/wp-json\/wp\/v2\/users\/2"}],"replies":[{"embeddable":true,"href":"https:\/\/sinprofaz.org.br\/2024\/wp-json\/wp\/v2\/comments?post=8212"}],"version-history":[{"count":1,"href":"https:\/\/sinprofaz.org.br\/2024\/wp-json\/wp\/v2\/posts\/8212\/revisions"}],"predecessor-version":[{"id":8221,"href":"https:\/\/sinprofaz.org.br\/2024\/wp-json\/wp\/v2\/posts\/8212\/revisions\/8221"}],"wp:featuredmedia":[{"embeddable":true,"href":"https:\/\/sinprofaz.org.br\/2024\/wp-json\/wp\/v2\/media\/8213"}],"wp:attachment":[{"href":"https:\/\/sinprofaz.org.br\/2024\/wp-json\/wp\/v2\/media?parent=8212"}],"wp:term":[{"taxonomy":"category","embeddable":true,"href":"https:\/\/sinprofaz.org.br\/2024\/wp-json\/wp\/v2\/categories?post=8212"},{"taxonomy":"post_tag","embeddable":true,"href":"https:\/\/sinprofaz.org.br\/2024\/wp-json\/wp\/v2\/tags?post=8212"}],"curies":[{"name":"wp","href":"https:\/\/api.w.org\/{rel}","templated":true}]}}