{"id":8180,"date":"2018-05-30T11:40:08","date_gmt":"2018-05-30T11:40:08","guid":{"rendered":"http:\/\/www.sinprofaz.org.br\/?p=8180"},"modified":"2018-06-05T12:09:12","modified_gmt":"2018-06-05T12:09:12","slug":"delegado-do-parana-ressalta-urgencia-de-concurso-para-carreira-de-apoio","status":"publish","type":"post","link":"https:\/\/sinprofaz.org.br\/2024\/noticias\/delegado-do-parana-ressalta-urgencia-de-concurso-para-carreira-de-apoio\/","title":{"rendered":"DELEGADO DO PARAN\u00c1 RESSALTA URG\u00caNCIA DE CONCURSO PARA CARREIRA DE APOIO"},"content":{"rendered":"<p>Em entrevista, Sandro Abreu, delegado do SINPROFAZ no Paran\u00e1, falou sobre as demandas da Carreira no estado que representa. Segundo o PFN, as quest\u00f5es postas na 4\u00aa Regi\u00e3o se relacionam principalmente a novos concursos, remunera\u00e7\u00e3o, sistemas operacionais, ferramentas facilitadoras do trabalho no dia a dia, volume e distribui\u00e7\u00e3o de processos e setoriza\u00e7\u00e3o da Procuradoria. O tema &#8220;carreira de apoio&#8221; tamb\u00e9m tem sido recorrente nas discuss\u00f5es locais.<\/p>\n<p>&#8220;Com o passar do tempo, \u00e9 necess\u00e1rio que haja uma renova\u00e7\u00e3o dos quadros de apoio. As pessoas v\u00e3o se aposentando e \u00e9 preciso realizar novos concursos para preenchimento dessas vagas. Da mesma forma, \u00e9 necess\u00e1rio que haja uma reciclagem por meio do oferecimento de cursos para desenvolvimento pessoal.&#8221;<\/p>\n<p>Veja e \u00edntegra da entrevista: <a href=\"https:\/\/goo.gl\/amg7Ez\" rel=\"noopener\" target=\"_blank\">goo.gl\/amg7Ez<\/a><\/p>\n","protected":false},"excerpt":{"rendered":"<p>Segundo Sandro Abreu, as quest\u00f5es da 4\u00aa Regi\u00e3o tamb\u00e9m se relacionam a concursos, remunera\u00e7\u00e3o, sistemas operacionais, ferramentas facilitadoras do trabalho, volume e distribui\u00e7\u00e3o de processos e setoriza\u00e7\u00e3o da Procuradoria.<\/p>\n","protected":false},"author":2,"featured_media":8181,"comment_status":"open","ping_status":"open","sticky":false,"template":"","format":"standard","meta":{"footnotes":""},"categories":[8],"tags":[41,32,25],"featured_image_url":"https:\/\/sinprofaz.org.br\/2024\/wp-content\/uploads\/2018\/05\/0115-597x198.jpg","character_count":420,"formatted_date":"30\/05\/2018 - 11:40","contentNovo":"Em entrevista, Sandro Abreu, delegado do SINPROFAZ no Paran\u00e1, falou sobre as demandas da Carreira no estado que representa. Segundo o PFN, as quest\u00f5es postas na 4\u00aa Regi\u00e3o se relacionam principalmente a novos concursos, remunera\u00e7\u00e3o, sistemas operacionais, ferramentas facilitadoras do trabalho no dia a dia, volume e distribui\u00e7\u00e3o de processos e setoriza\u00e7\u00e3o da Procuradoria. O tema \"carreira de apoio\" tamb\u00e9m tem sido recorrente nas discuss\u00f5es locais.\r\n\r\n\"Com o passar do tempo, \u00e9 necess\u00e1rio que haja uma renova\u00e7\u00e3o dos quadros de apoio. As pessoas v\u00e3o se aposentando e \u00e9 preciso realizar novos concursos para preenchimento dessas vagas. Da mesma forma, \u00e9 necess\u00e1rio que haja uma reciclagem por meio do oferecimento de cursos para desenvolvimento pessoal.\"\r\n\r\nVeja e \u00edntegra da entrevista: <a href=\"https:\/\/goo.gl\/amg7Ez\" rel=\"noopener\" target=\"_blank\">goo.gl\/amg7Ez<\/a>\r\n","_links":{"self":[{"href":"https:\/\/sinprofaz.org.br\/2024\/wp-json\/wp\/v2\/posts\/8180"}],"collection":[{"href":"https:\/\/sinprofaz.org.br\/2024\/wp-json\/wp\/v2\/posts"}],"about":[{"href":"https:\/\/sinprofaz.org.br\/2024\/wp-json\/wp\/v2\/types\/post"}],"author":[{"embeddable":true,"href":"https:\/\/sinprofaz.org.br\/2024\/wp-json\/wp\/v2\/users\/2"}],"replies":[{"embeddable":true,"href":"https:\/\/sinprofaz.org.br\/2024\/wp-json\/wp\/v2\/comments?post=8180"}],"version-history":[{"count":2,"href":"https:\/\/sinprofaz.org.br\/2024\/wp-json\/wp\/v2\/posts\/8180\/revisions"}],"predecessor-version":[{"id":8183,"href":"https:\/\/sinprofaz.org.br\/2024\/wp-json\/wp\/v2\/posts\/8180\/revisions\/8183"}],"wp:featuredmedia":[{"embeddable":true,"href":"https:\/\/sinprofaz.org.br\/2024\/wp-json\/wp\/v2\/media\/8181"}],"wp:attachment":[{"href":"https:\/\/sinprofaz.org.br\/2024\/wp-json\/wp\/v2\/media?parent=8180"}],"wp:term":[{"taxonomy":"category","embeddable":true,"href":"https:\/\/sinprofaz.org.br\/2024\/wp-json\/wp\/v2\/categories?post=8180"},{"taxonomy":"post_tag","embeddable":true,"href":"https:\/\/sinprofaz.org.br\/2024\/wp-json\/wp\/v2\/tags?post=8180"}],"curies":[{"name":"wp","href":"https:\/\/api.w.org\/{rel}","templated":true}]}}