{"id":8159,"date":"2018-05-23T12:21:44","date_gmt":"2018-05-23T12:21:44","guid":{"rendered":"http:\/\/www.sinprofaz.org.br\/?p=8159"},"modified":"2018-05-24T12:31:32","modified_gmt":"2018-05-24T12:31:32","slug":"senador-helio-jose-recebe-sinprofaz-em-seu-gabinete","status":"publish","type":"post","link":"https:\/\/sinprofaz.org.br\/2024\/noticias\/senador-helio-jose-recebe-sinprofaz-em-seu-gabinete\/","title":{"rendered":"SENADOR H\u00c9LIO JOS\u00c9 RECEBE SINPROFAZ EM SEU GABINETE"},"content":{"rendered":"<p>O SINPROFAZ, representado pelo diretor de Assuntos Parlamentares, Rodrigo Mellet, esteve reunido na ter\u00e7a-feira (22) com o senador H\u00e9lio Jos\u00e9, l\u00edder do PROS\/DF. O encontro ocorreu no gabinete do parlamentar, no Senado Federal.<\/p>\n<p>Na oportunidade, foram abordadas pautas de interesse da Carreira que tramitam no Congresso Nacional. Ciente dos pleitos do SINPROFAZ, H\u00e9lio Jos\u00e9 manifestou total apoio ao Sindicato e colocou-se \u00e0 disposi\u00e7\u00e3o para atuar conjuntamente em defesa dos Procuradores da Fazenda Nacional.<\/p>\n","protected":false},"excerpt":{"rendered":"<p>O SINPROFAZ, representado pelo diretor Rodrigo Mellet, esteve reunido na ter\u00e7a-feira (22) com o senador H\u00e9lio Jos\u00e9, l\u00edder do PROS\/DF. O encontro ocorreu no gabinete do parlamentar, no Senado Federal.<\/p>\n","protected":false},"author":2,"featured_media":8160,"comment_status":"open","ping_status":"open","sticky":false,"template":"","format":"standard","meta":{"footnotes":""},"categories":[8],"tags":[27,53,25],"featured_image_url":"https:\/\/sinprofaz.org.br\/2024\/wp-content\/uploads\/2018\/05\/0110-800x198.jpg","character_count":258,"formatted_date":"23\/05\/2018 - 12:21","contentNovo":"O SINPROFAZ, representado pelo diretor de Assuntos Parlamentares, Rodrigo Mellet, esteve reunido na ter\u00e7a-feira (22) com o senador H\u00e9lio Jos\u00e9, l\u00edder do PROS\/DF. O encontro ocorreu no gabinete do parlamentar, no Senado Federal.\r\n\r\nNa oportunidade, foram abordadas pautas de interesse da Carreira que tramitam no Congresso Nacional. Ciente dos pleitos do SINPROFAZ, H\u00e9lio Jos\u00e9 manifestou total apoio ao Sindicato e colocou-se \u00e0 disposi\u00e7\u00e3o para atuar conjuntamente em defesa dos Procuradores da Fazenda Nacional.","_links":{"self":[{"href":"https:\/\/sinprofaz.org.br\/2024\/wp-json\/wp\/v2\/posts\/8159"}],"collection":[{"href":"https:\/\/sinprofaz.org.br\/2024\/wp-json\/wp\/v2\/posts"}],"about":[{"href":"https:\/\/sinprofaz.org.br\/2024\/wp-json\/wp\/v2\/types\/post"}],"author":[{"embeddable":true,"href":"https:\/\/sinprofaz.org.br\/2024\/wp-json\/wp\/v2\/users\/2"}],"replies":[{"embeddable":true,"href":"https:\/\/sinprofaz.org.br\/2024\/wp-json\/wp\/v2\/comments?post=8159"}],"version-history":[{"count":1,"href":"https:\/\/sinprofaz.org.br\/2024\/wp-json\/wp\/v2\/posts\/8159\/revisions"}],"predecessor-version":[{"id":8161,"href":"https:\/\/sinprofaz.org.br\/2024\/wp-json\/wp\/v2\/posts\/8159\/revisions\/8161"}],"wp:featuredmedia":[{"embeddable":true,"href":"https:\/\/sinprofaz.org.br\/2024\/wp-json\/wp\/v2\/media\/8160"}],"wp:attachment":[{"href":"https:\/\/sinprofaz.org.br\/2024\/wp-json\/wp\/v2\/media?parent=8159"}],"wp:term":[{"taxonomy":"category","embeddable":true,"href":"https:\/\/sinprofaz.org.br\/2024\/wp-json\/wp\/v2\/categories?post=8159"},{"taxonomy":"post_tag","embeddable":true,"href":"https:\/\/sinprofaz.org.br\/2024\/wp-json\/wp\/v2\/tags?post=8159"}],"curies":[{"name":"wp","href":"https:\/\/api.w.org\/{rel}","templated":true}]}}