{"id":8148,"date":"2018-05-18T18:59:29","date_gmt":"2018-05-18T18:59:29","guid":{"rendered":"http:\/\/www.sinprofaz.org.br\/?p=8148"},"modified":"2018-05-22T12:05:05","modified_gmt":"2018-05-22T12:05:05","slug":"inscricao-de-chapas-para-ccha-e-conselho-fiscal-comecam-em-breve","status":"publish","type":"post","link":"https:\/\/sinprofaz.org.br\/2024\/noticias\/inscricao-de-chapas-para-ccha-e-conselho-fiscal-comecam-em-breve\/","title":{"rendered":"INSCRI\u00c7\u00c3O DE CHAPAS PARA CCHA E CONSELHO FISCAL COME\u00c7AM EM BREVE"},"content":{"rendered":"<p>O SINPROFAZ, representado pelos diretores Rodrigo Mellet e Carlos Alexandre Torres, compareceu na quinta-feira (17) \u00e0 reuni\u00e3o convocada pelo CCHA em Bras\u00edlia\/DF. No encontro, do qual participaram dirigentes de entidades representativas da Advocacia P\u00fablica Federal, os membros do Conselho Curador comunicaram que, dentro em pouco, ser\u00e1 dado in\u00edcio ao processo de inscri\u00e7\u00e3o de chapas para escolha da pr\u00f3xima gest\u00e3o do CCHA e do seu Conselho Fiscal.<\/p>\n<p>O edital que define as regras para as elei\u00e7\u00f5es ao colegiado ser\u00e1 divulgado em breve, tendo as chapas prazo at\u00e9 15 de julho para efetuar as inscri\u00e7\u00f5es. De acordo com Rog\u00e9rio Campos, representante titular dos PFNs no Conselho, a vota\u00e7\u00e3o ser\u00e1 realizada em 30 de julho. O colegiado deve ser formado por representantes das carreiras de procurador da Fazenda Nacional, advogado da Uni\u00e3o, procurador federal e do Banco Central, mesmo formato do Conselho Fiscal.<\/p>\n<p>Na oportunidade da reuni\u00e3o, o CCHA comunicou ainda a disponibiliza\u00e7\u00e3o de uma nova plataforma de relacionamento com os benefici\u00e1rios, a qual contemplar\u00e1, de forma transparente, todas as informa\u00e7\u00f5es relativas aos atos do Conselho, despesas e balan\u00e7os. Entre as inova\u00e7\u00f5es do portal (<a href=\"http:\/\/www.conselhocurador.com.br\" target=\"_blank\" rel=\"noopener\">www.conselhocurador.com.br<\/a>), est\u00e1 um f\u00f3rum aberto \u00e0 discuss\u00e3o e ao esclarecimento de d\u00favidas, em ambiente restrito, de uso e visualiza\u00e7\u00e3o apenas dos benefici\u00e1rios. O ingresso ao novo sistema, dispon\u00edvel aos ativos e aposentados, ser\u00e1 efetuado por meio de certificado digital, o qual substituir\u00e1 a utiliza\u00e7\u00e3o de senhas. Aquele que n\u00e3o possuir o certificado deve adquiri-lo junto a uma institui\u00e7\u00e3o competente. Para a elei\u00e7\u00e3o, os membros ativos j\u00e1 dever\u00e3o ingressar no sistema por meio do certificado digital.<\/p>\n<p>Em fala durante o encontro, Rog\u00e9rio Campos ressaltou a import\u00e2ncia dessa nova ferramenta, a qual permite amplo acesso \u00e0 informa\u00e7\u00e3o pelos benefici\u00e1rios, e refor\u00e7ou a responsabilidade decorrente dessa abertura, principalmente em rela\u00e7\u00e3o a vazamentos de informa\u00e7\u00f5es que possam implicar em viola\u00e7\u00e3o de sigilo fiscal e banc\u00e1rio. Refor\u00e7a-se, portanto, que o amplo acesso \u00e0 informa\u00e7\u00e3o deve acompanhar maior responsabilidade no uso dessas informa\u00e7\u00f5es.<\/p>\n<p>Previsto na Lei 13.327\/2016, o CCHA tem entre as atribui\u00e7\u00f5es editar normas para operacionaliza\u00e7\u00e3o da distribui\u00e7\u00e3o dos valores arrecadados, a obriga\u00e7\u00e3o de realizar, acompanhar e fiscalizar a regularidade do pagamento do cr\u00e9dito e o poder de solicitar informa\u00e7\u00f5es sobre a verba aos \u00f3rg\u00e3os da administra\u00e7\u00e3o p\u00fablica federal.<\/p>\n\n\t\t<style type=\"text\/css\">\n\t\t\t#gallery-1 {\n\t\t\t\tmargin: auto;\n\t\t\t}\n\t\t\t#gallery-1 .gallery-item {\n\t\t\t\tfloat: left;\n\t\t\t\tmargin-top: 10px;\n\t\t\t\ttext-align: center;\n\t\t\t\twidth: 33%;\n\t\t\t}\n\t\t\t#gallery-1 img {\n\t\t\t\tborder: 2px solid #cfcfcf;\n\t\t\t}\n\t\t\t#gallery-1 .gallery-caption {\n\t\t\t\tmargin-left: 0;\n\t\t\t}\n\t\t\t\/* see gallery_shortcode() in wp-includes\/media.php *\/\n\t\t<\/style>\n\t\t<div id='gallery-1' class='gallery galleryid-8148 gallery-columns-3 gallery-size-thumbnail'><dl class='gallery-item'>\n\t\t\t<dt class='gallery-icon landscape'>\n\t\t\t\t<a href='https:\/\/sinprofaz.org.br\/2024\/wp-content\/uploads\/2018\/05\/026.jpg'><img loading=\"lazy\" decoding=\"async\" width=\"150\" height=\"150\" src=\"https:\/\/sinprofaz.org.br\/2024\/wp-content\/uploads\/2018\/05\/026-150x150.jpg\" class=\"attachment-thumbnail size-thumbnail\" alt=\"\" \/><\/a>\n\t\t\t<\/dt><\/dl><dl class='gallery-item'>\n\t\t\t<dt class='gallery-icon landscape'>\n\t\t\t\t<a href='https:\/\/sinprofaz.org.br\/2024\/wp-content\/uploads\/2018\/05\/032.jpg'><img loading=\"lazy\" decoding=\"async\" width=\"150\" height=\"150\" src=\"https:\/\/sinprofaz.org.br\/2024\/wp-content\/uploads\/2018\/05\/032-150x150.jpg\" class=\"attachment-thumbnail size-thumbnail\" alt=\"\" \/><\/a>\n\t\t\t<\/dt><\/dl>\n\t\t\t<br style='clear: both' \/>\n\t\t<\/div>\n\n","protected":false},"excerpt":{"rendered":"<p>O SINPROFAZ, representado por Rodrigo Mellet e Carlos Alexandre Torres, compareceu \u00e0 reuni\u00e3o do CCHA. Dirigentes de outras entidades representativas da Advocacia P\u00fablica Federal tamb\u00e9m participaram.<\/p>\n","protected":false},"author":2,"featured_media":8149,"comment_status":"open","ping_status":"open","sticky":false,"template":"","format":"standard","meta":{"footnotes":""},"categories":[8],"tags":[32,71,25],"featured_image_url":"https:\/\/sinprofaz.org.br\/2024\/wp-content\/uploads\/2018\/05\/018-800x198.jpg","character_count":1456,"formatted_date":"18\/05\/2018 - 18:59","contentNovo":"O SINPROFAZ, representado pelos diretores Rodrigo Mellet e Carlos Alexandre Torres, compareceu na quinta-feira (17) \u00e0 reuni\u00e3o convocada pelo CCHA em Bras\u00edlia\/DF. No encontro, do qual participaram dirigentes de entidades representativas da Advocacia P\u00fablica Federal, os membros do Conselho Curador comunicaram que, dentro em pouco, ser\u00e1 dado in\u00edcio ao processo de inscri\u00e7\u00e3o de chapas para escolha da pr\u00f3xima gest\u00e3o do CCHA e do seu Conselho Fiscal.\r\n\r\nO edital que define as regras para as elei\u00e7\u00f5es ao colegiado ser\u00e1 divulgado em breve, tendo as chapas prazo at\u00e9 15 de julho para efetuar as inscri\u00e7\u00f5es. De acordo com Rog\u00e9rio Campos, representante titular dos PFNs no Conselho, a vota\u00e7\u00e3o ser\u00e1 realizada em 30 de julho. O colegiado deve ser formado por representantes das carreiras de procurador da Fazenda Nacional, advogado da Uni\u00e3o, procurador federal e do Banco Central, mesmo formato do Conselho Fiscal.\r\n\r\nNa oportunidade da reuni\u00e3o, o CCHA comunicou ainda a disponibiliza\u00e7\u00e3o de uma nova plataforma de relacionamento com os benefici\u00e1rios, a qual contemplar\u00e1, de forma transparente, todas as informa\u00e7\u00f5es relativas aos atos do Conselho, despesas e balan\u00e7os. Entre as inova\u00e7\u00f5es do portal (<a href=\"http:\/\/www.conselhocurador.com.br\" target=\"_blank\" rel=\"noopener\">www.conselhocurador.com.br<\/a>), est\u00e1 um f\u00f3rum aberto \u00e0 discuss\u00e3o e ao esclarecimento de d\u00favidas, em ambiente restrito, de uso e visualiza\u00e7\u00e3o apenas dos benefici\u00e1rios. O ingresso ao novo sistema, dispon\u00edvel aos ativos e aposentados, ser\u00e1 efetuado por meio de certificado digital, o qual substituir\u00e1 a utiliza\u00e7\u00e3o de senhas. Aquele que n\u00e3o possuir o certificado deve adquiri-lo junto a uma institui\u00e7\u00e3o competente. Para a elei\u00e7\u00e3o, os membros ativos j\u00e1 dever\u00e3o ingressar no sistema por meio do certificado digital.\r\n\r\nEm fala durante o encontro, Rog\u00e9rio Campos ressaltou a import\u00e2ncia dessa nova ferramenta, a qual permite amplo acesso \u00e0 informa\u00e7\u00e3o pelos benefici\u00e1rios, e refor\u00e7ou a responsabilidade decorrente dessa abertura, principalmente em rela\u00e7\u00e3o a vazamentos de informa\u00e7\u00f5es que possam implicar em viola\u00e7\u00e3o de sigilo fiscal e banc\u00e1rio. Refor\u00e7a-se, portanto, que o amplo acesso \u00e0 informa\u00e7\u00e3o deve acompanhar maior responsabilidade no uso dessas informa\u00e7\u00f5es.\r\n\r\nPrevisto na Lei 13.327\/2016, o CCHA tem entre as atribui\u00e7\u00f5es editar normas para operacionaliza\u00e7\u00e3o da distribui\u00e7\u00e3o dos valores arrecadados, a obriga\u00e7\u00e3o de realizar, acompanhar e fiscalizar a regularidade do pagamento do cr\u00e9dito e o poder de solicitar informa\u00e7\u00f5es sobre a verba aos \u00f3rg\u00e3os da administra\u00e7\u00e3o p\u00fablica federal.\r\n\r\n[gallery link=\"file\" ids=\"8150,8151\"]","_links":{"self":[{"href":"https:\/\/sinprofaz.org.br\/2024\/wp-json\/wp\/v2\/posts\/8148"}],"collection":[{"href":"https:\/\/sinprofaz.org.br\/2024\/wp-json\/wp\/v2\/posts"}],"about":[{"href":"https:\/\/sinprofaz.org.br\/2024\/wp-json\/wp\/v2\/types\/post"}],"author":[{"embeddable":true,"href":"https:\/\/sinprofaz.org.br\/2024\/wp-json\/wp\/v2\/users\/2"}],"replies":[{"embeddable":true,"href":"https:\/\/sinprofaz.org.br\/2024\/wp-json\/wp\/v2\/comments?post=8148"}],"version-history":[{"count":2,"href":"https:\/\/sinprofaz.org.br\/2024\/wp-json\/wp\/v2\/posts\/8148\/revisions"}],"predecessor-version":[{"id":8153,"href":"https:\/\/sinprofaz.org.br\/2024\/wp-json\/wp\/v2\/posts\/8148\/revisions\/8153"}],"wp:featuredmedia":[{"embeddable":true,"href":"https:\/\/sinprofaz.org.br\/2024\/wp-json\/wp\/v2\/media\/8149"}],"wp:attachment":[{"href":"https:\/\/sinprofaz.org.br\/2024\/wp-json\/wp\/v2\/media?parent=8148"}],"wp:term":[{"taxonomy":"category","embeddable":true,"href":"https:\/\/sinprofaz.org.br\/2024\/wp-json\/wp\/v2\/categories?post=8148"},{"taxonomy":"post_tag","embeddable":true,"href":"https:\/\/sinprofaz.org.br\/2024\/wp-json\/wp\/v2\/tags?post=8148"}],"curies":[{"name":"wp","href":"https:\/\/api.w.org\/{rel}","templated":true}]}}