{"id":8120,"date":"2018-05-09T12:18:22","date_gmt":"2018-05-09T12:18:22","guid":{"rendered":"http:\/\/www.sinprofaz.org.br\/?p=8120"},"modified":"2018-05-14T13:00:01","modified_gmt":"2018-05-14T13:00:01","slug":"presidente-do-sinprofaz-se-reune-com-secretario-geral-do-fonacate","status":"publish","type":"post","link":"https:\/\/sinprofaz.org.br\/2024\/noticias\/presidente-do-sinprofaz-se-reune-com-secretario-geral-do-fonacate\/","title":{"rendered":"PRESIDENTE DO SINPROFAZ SE RE\u00daNE COM SECRET\u00c1RIO-GERAL DO FONACATE"},"content":{"rendered":"<p>O SINPROFAZ, representado pelo presidente Achilles Frias, reuniu-se com o auditor Paulo Martins, secret\u00e1rio-geral do Fonacate. Paulo exerce tamb\u00e9m a vice-presid\u00eancia do Sindicato dos Servidores do Poder Legislativo Federal e do Tribunal de Contas da Uni\u00e3o &#8211; Sindilegis e a presid\u00eancia da Uni\u00e3o dos Auditores Federais de Controle Externo &#8211; Auditar.<\/p>\n<p>Ao longo do encontro, realizado na ter\u00e7a-feira (8) na sede do Sindicato, foram discutidos assuntos atinentes \u00e0s carreiras de Estado, oportunidade em que Achilles Frias reafirmou a atua\u00e7\u00e3o do SINPROFAZ junto ao Fonacate para enfrentamento de propostas legislativas que ameacem o servi\u00e7o p\u00fablico.<\/p>\n<p>Levando em conta o momento pol\u00edtico, debateu-se a necessidade da elei\u00e7\u00e3o de representantes comprometidos com o funcionalismo. Nesse sentido, foi ressaltada a responsabilidade das carreiras de Estado na fiscaliza\u00e7\u00e3o e na cobran\u00e7a dos parlamentares quanto ao compromisso deles com o servi\u00e7o p\u00fablico brasileiro.<\/p>\n\n\t\t<style type=\"text\/css\">\n\t\t\t#gallery-1 {\n\t\t\t\tmargin: auto;\n\t\t\t}\n\t\t\t#gallery-1 .gallery-item {\n\t\t\t\tfloat: left;\n\t\t\t\tmargin-top: 10px;\n\t\t\t\ttext-align: center;\n\t\t\t\twidth: 33%;\n\t\t\t}\n\t\t\t#gallery-1 img {\n\t\t\t\tborder: 2px solid #cfcfcf;\n\t\t\t}\n\t\t\t#gallery-1 .gallery-caption {\n\t\t\t\tmargin-left: 0;\n\t\t\t}\n\t\t\t\/* see gallery_shortcode() in wp-includes\/media.php *\/\n\t\t<\/style>\n\t\t<div id='gallery-1' class='gallery galleryid-8120 gallery-columns-3 gallery-size-thumbnail'><dl class='gallery-item'>\n\t\t\t<dt class='gallery-icon landscape'>\n\t\t\t\t<a href='https:\/\/sinprofaz.org.br\/2024\/wp-content\/uploads\/2018\/05\/022.jpg'><img loading=\"lazy\" decoding=\"async\" width=\"150\" height=\"150\" src=\"https:\/\/sinprofaz.org.br\/2024\/wp-content\/uploads\/2018\/05\/022-150x150.jpg\" class=\"attachment-thumbnail size-thumbnail\" alt=\"\" \/><\/a>\n\t\t\t<\/dt><\/dl>\n\t\t\t<br style='clear: both' \/>\n\t\t<\/div>\n\n","protected":false},"excerpt":{"rendered":"<p>O SINPROFAZ, representado pelo presidente Achilles Frias, reuniu-se na ter\u00e7a-feira (8) com Paulo Wanderson Martins, secret\u00e1rio-geral do F\u00f3rum Nacional Permanente de Carreiras T\u00edpicas de Estado &#8211; Fonacate.<\/p>\n","protected":false},"author":2,"featured_media":8122,"comment_status":"open","ping_status":"open","sticky":false,"template":"","format":"standard","meta":{"footnotes":""},"categories":[8],"tags":[93,122,25],"featured_image_url":"https:\/\/sinprofaz.org.br\/2024\/wp-content\/uploads\/2018\/05\/013-800x198.jpg","character_count":670,"formatted_date":"09\/05\/2018 - 12:18","contentNovo":"O SINPROFAZ, representado pelo presidente Achilles Frias, reuniu-se com o auditor Paulo Martins, secret\u00e1rio-geral do Fonacate. Paulo exerce tamb\u00e9m a vice-presid\u00eancia do Sindicato dos Servidores do Poder Legislativo Federal e do Tribunal de Contas da Uni\u00e3o - Sindilegis e a presid\u00eancia da Uni\u00e3o dos Auditores Federais de Controle Externo - Auditar.\r\n\r\nAo longo do encontro, realizado na ter\u00e7a-feira (8) na sede do Sindicato, foram discutidos assuntos atinentes \u00e0s carreiras de Estado, oportunidade em que Achilles Frias reafirmou a atua\u00e7\u00e3o do SINPROFAZ junto ao Fonacate para enfrentamento de propostas legislativas que ameacem o servi\u00e7o p\u00fablico.\r\n\r\nLevando em conta o momento pol\u00edtico, debateu-se a necessidade da elei\u00e7\u00e3o de representantes comprometidos com o funcionalismo. Nesse sentido, foi ressaltada a responsabilidade das carreiras de Estado na fiscaliza\u00e7\u00e3o e na cobran\u00e7a dos parlamentares quanto ao compromisso deles com o servi\u00e7o p\u00fablico brasileiro.\r\n\r\n[gallery link=\"file\" ids=\"8121\"]","_links":{"self":[{"href":"https:\/\/sinprofaz.org.br\/2024\/wp-json\/wp\/v2\/posts\/8120"}],"collection":[{"href":"https:\/\/sinprofaz.org.br\/2024\/wp-json\/wp\/v2\/posts"}],"about":[{"href":"https:\/\/sinprofaz.org.br\/2024\/wp-json\/wp\/v2\/types\/post"}],"author":[{"embeddable":true,"href":"https:\/\/sinprofaz.org.br\/2024\/wp-json\/wp\/v2\/users\/2"}],"replies":[{"embeddable":true,"href":"https:\/\/sinprofaz.org.br\/2024\/wp-json\/wp\/v2\/comments?post=8120"}],"version-history":[{"count":2,"href":"https:\/\/sinprofaz.org.br\/2024\/wp-json\/wp\/v2\/posts\/8120\/revisions"}],"predecessor-version":[{"id":8124,"href":"https:\/\/sinprofaz.org.br\/2024\/wp-json\/wp\/v2\/posts\/8120\/revisions\/8124"}],"wp:featuredmedia":[{"embeddable":true,"href":"https:\/\/sinprofaz.org.br\/2024\/wp-json\/wp\/v2\/media\/8122"}],"wp:attachment":[{"href":"https:\/\/sinprofaz.org.br\/2024\/wp-json\/wp\/v2\/media?parent=8120"}],"wp:term":[{"taxonomy":"category","embeddable":true,"href":"https:\/\/sinprofaz.org.br\/2024\/wp-json\/wp\/v2\/categories?post=8120"},{"taxonomy":"post_tag","embeddable":true,"href":"https:\/\/sinprofaz.org.br\/2024\/wp-json\/wp\/v2\/tags?post=8120"}],"curies":[{"name":"wp","href":"https:\/\/api.w.org\/{rel}","templated":true}]}}