{"id":8113,"date":"2018-05-03T18:53:16","date_gmt":"2018-05-03T18:53:16","guid":{"rendered":"http:\/\/www.sinprofaz.org.br\/?p=8113"},"modified":"2018-05-09T12:18:52","modified_gmt":"2018-05-09T12:18:52","slug":"atuacao-do-forum-nacional-da-advocacia-publica-federal-e-debatida-em-reuniao","status":"publish","type":"post","link":"https:\/\/sinprofaz.org.br\/2024\/noticias\/atuacao-do-forum-nacional-da-advocacia-publica-federal-e-debatida-em-reuniao\/","title":{"rendered":"ATUA\u00c7\u00c3O DO F\u00d3RUM NACIONAL DA ADVOCACIA P\u00daBLICA FEDERAL \u00c9 DEBATIDA EM REUNI\u00c3O"},"content":{"rendered":"<p>O SINPROFAZ compareceu hoje (3) \u00e0 reuni\u00e3o do F\u00f3rum Nacional da Advocacia P\u00fablica Federal \u2013 que, assim como o Sindicato, \u00e9 presidido por Achilles Frias. Participaram do encontro dirigentes das entidades que integram o F\u00f3rum: o SINPROFAZ, a ANAUNI, a ANAJUR e a ANPPREV. Na oportunidade, foi dada continuidade \u00e0 revis\u00e3o do regimento interno do F\u00f3rum e definida a diretoria e os cargos administrativos ocupados por cada entidade.<\/p>\n<p>Ao longo da reuni\u00e3o, discutiram-se tamb\u00e9m quest\u00f5es relativas \u00e0 Advocacia-Geral da Uni\u00e3o e ao conturbado momento que a Institui\u00e7\u00e3o atravessa. Certos da necessidade de alinhamento entre as entidades e da luta conjunta em prol da Advocacia P\u00fablica Federal, a diretoria garantiu que o F\u00f3rum permanecer\u00e1 vigilante quanto \u00e0s decis\u00f5es tomadas no \u00e2mbito da Institui\u00e7\u00e3o.<\/p>\n<p>Nesse sentido, falou-se a respeito da repercuss\u00e3o alcan\u00e7ada pela Nota divulgada na \u00faltima sexta-feira. Nela, o F\u00f3rum externou preocupa\u00e7\u00e3o com a forma com que se deram as exonera\u00e7\u00f5es dos dirigentes de c\u00fapula da AGU. De acordo com a Nota, &#8220;Aguarda-se, em observ\u00e2ncia e respeito aos valores recorrentemente defendidos publicamente pela Advogada-Geral da Uni\u00e3o, que ela esclare\u00e7a, de forma transparente e republicana, os motivos e circunst\u00e2ncias que deflagraram as exonera\u00e7\u00f5es dos membros outrora por ela pr\u00f3pria indicados para ocuparem os cargos da PGU e da PGF&#8221;. <a href=\"http:\/\/www.sinprofaz.org.br\/noticias\/nota-do-forum-nacional-da-advocacia-publica-federal\/\" rel=\"noopener\" target=\"_blank\">Confira aqui<\/a> a \u00edntegra da Nota.<\/p>\n","protected":false},"excerpt":{"rendered":"<p>O SINPROFAZ compareceu \u00e0 reuni\u00e3o do F\u00f3rum Nacional da Advocacia P\u00fablica Federal \u2013 que, assim como o Sindicato, \u00e9 presidido por Achilles Frias. Participaram dirigentes das entidades que integram o F\u00f3rum.<\/p>\n","protected":false},"author":2,"featured_media":8114,"comment_status":"open","ping_status":"open","sticky":false,"template":"","format":"standard","meta":{"footnotes":""},"categories":[8],"tags":[32,126,25],"featured_image_url":"https:\/\/sinprofaz.org.br\/2024\/wp-content\/uploads\/2018\/05\/011-800x198.jpg","character_count":719,"formatted_date":"03\/05\/2018 - 18:53","contentNovo":"O SINPROFAZ compareceu hoje (3) \u00e0 reuni\u00e3o do F\u00f3rum Nacional da Advocacia P\u00fablica Federal \u2013 que, assim como o Sindicato, \u00e9 presidido por Achilles Frias. Participaram do encontro dirigentes das entidades que integram o F\u00f3rum: o SINPROFAZ, a ANAUNI, a ANAJUR e a ANPPREV. Na oportunidade, foi dada continuidade \u00e0 revis\u00e3o do regimento interno do F\u00f3rum e definida a diretoria e os cargos administrativos ocupados por cada entidade.\r\n\r\nAo longo da reuni\u00e3o, discutiram-se tamb\u00e9m quest\u00f5es relativas \u00e0 Advocacia-Geral da Uni\u00e3o e ao conturbado momento que a Institui\u00e7\u00e3o atravessa. Certos da necessidade de alinhamento entre as entidades e da luta conjunta em prol da Advocacia P\u00fablica Federal, a diretoria garantiu que o F\u00f3rum permanecer\u00e1 vigilante quanto \u00e0s decis\u00f5es tomadas no \u00e2mbito da Institui\u00e7\u00e3o.\r\n\r\nNesse sentido, falou-se a respeito da repercuss\u00e3o alcan\u00e7ada pela Nota divulgada na \u00faltima sexta-feira. Nela, o F\u00f3rum externou preocupa\u00e7\u00e3o com a forma com que se deram as exonera\u00e7\u00f5es dos dirigentes de c\u00fapula da AGU. De acordo com a Nota, \"Aguarda-se, em observ\u00e2ncia e respeito aos valores recorrentemente defendidos publicamente pela Advogada-Geral da Uni\u00e3o, que ela esclare\u00e7a, de forma transparente e republicana, os motivos e circunst\u00e2ncias que deflagraram as exonera\u00e7\u00f5es dos membros outrora por ela pr\u00f3pria indicados para ocuparem os cargos da PGU e da PGF\". <a href=\"http:\/\/www.sinprofaz.org.br\/noticias\/nota-do-forum-nacional-da-advocacia-publica-federal\/\" rel=\"noopener\" target=\"_blank\">Confira aqui<\/a> a \u00edntegra da Nota.","_links":{"self":[{"href":"https:\/\/sinprofaz.org.br\/2024\/wp-json\/wp\/v2\/posts\/8113"}],"collection":[{"href":"https:\/\/sinprofaz.org.br\/2024\/wp-json\/wp\/v2\/posts"}],"about":[{"href":"https:\/\/sinprofaz.org.br\/2024\/wp-json\/wp\/v2\/types\/post"}],"author":[{"embeddable":true,"href":"https:\/\/sinprofaz.org.br\/2024\/wp-json\/wp\/v2\/users\/2"}],"replies":[{"embeddable":true,"href":"https:\/\/sinprofaz.org.br\/2024\/wp-json\/wp\/v2\/comments?post=8113"}],"version-history":[{"count":1,"href":"https:\/\/sinprofaz.org.br\/2024\/wp-json\/wp\/v2\/posts\/8113\/revisions"}],"predecessor-version":[{"id":8115,"href":"https:\/\/sinprofaz.org.br\/2024\/wp-json\/wp\/v2\/posts\/8113\/revisions\/8115"}],"wp:featuredmedia":[{"embeddable":true,"href":"https:\/\/sinprofaz.org.br\/2024\/wp-json\/wp\/v2\/media\/8114"}],"wp:attachment":[{"href":"https:\/\/sinprofaz.org.br\/2024\/wp-json\/wp\/v2\/media?parent=8113"}],"wp:term":[{"taxonomy":"category","embeddable":true,"href":"https:\/\/sinprofaz.org.br\/2024\/wp-json\/wp\/v2\/categories?post=8113"},{"taxonomy":"post_tag","embeddable":true,"href":"https:\/\/sinprofaz.org.br\/2024\/wp-json\/wp\/v2\/tags?post=8113"}],"curies":[{"name":"wp","href":"https:\/\/api.w.org\/{rel}","templated":true}]}}