{"id":8075,"date":"2018-04-27T14:45:54","date_gmt":"2018-04-27T14:45:54","guid":{"rendered":"http:\/\/www.sinprofaz.org.br\/?p=8075"},"modified":"2018-04-27T18:35:28","modified_gmt":"2018-04-27T18:35:28","slug":"nota-do-forum-nacional-da-advocacia-publica-federal","status":"publish","type":"post","link":"https:\/\/sinprofaz.org.br\/2024\/noticias\/nota-do-forum-nacional-da-advocacia-publica-federal\/","title":{"rendered":"NOTA DO F\u00d3RUM NACIONAL DA ADVOCACIA P\u00daBLICA FEDERAL"},"content":{"rendered":"<p>O F\u00d3RUM NACIONAL DA ADVOCACIA P\u00daBLICA FEDERAL, entidade que congrega o SINPROFAZ, a ANAJUR, a ANAUNI e a ANPPREV e que representa a maioria absoluta dos membros da Advocacia P\u00fablica Federal, vem manifestar sua preocupa\u00e7\u00e3o e inconformismo em rela\u00e7\u00e3o \u00e0 forma como se deram as exonera\u00e7\u00f5es dos dirigentes de c\u00fapula da Procuradoria-Geral da Uni\u00e3o e da Procuradoria-Geral Federal no \u00e2mbito da Advocacia-Geral da Uni\u00e3o ocorridas nesta semana.<\/p>\n<p>Dentre os objetivos do F\u00d3RUM insere-se o de zelar pelo incremento dos mecanismos de transpar\u00eancia e de efici\u00eancia, os quais devem sempre nortear a gest\u00e3o da AGU na busca do atingimento da excel\u00eancia e da efic\u00e1cia nos servi\u00e7os por ela prestados.<\/p>\n<p>N\u00e3o se pode cogitar, e muito menos se admitir, que inger\u00eancias externas possam refletir na Administra\u00e7\u00e3o da AGU, institui\u00e7\u00e3o com assento constitucional e cujos quadros s\u00e3o compostos por corpo t\u00e9cnico concursado e com elevado grau de profissionalismo e especializa\u00e7\u00e3o.<\/p>\n<p>Os colegas exonerados s\u00e3o express\u00f5es de destaque nas carreiras de Advogado da Uni\u00e3o e de Procurador Federal, com larga e reconhecida experi\u00eancia nas suas \u00e1reas de atua\u00e7\u00e3o, tendo at\u00e9 hoje se desincumbido de suas atribui\u00e7\u00f5es com compet\u00eancia, denodo e dedica\u00e7\u00e3o. Demonstraram, ainda, ao longo de suas trajet\u00f3rias \u00e0 frente da PGU e da PGF, capacidade de inova\u00e7\u00e3o e lideran\u00e7a caracterizada pelo di\u00e1logo franco e esp\u00edrito de equipe com os colegas.<\/p>\n<p>O fato desses profissionais, com mais de uma d\u00e9cada de atua\u00e7\u00e3o na defesa do interesse p\u00fablico, haverem sido exonerados, sumariamente, sem comunica\u00e7\u00e3o pessoal pr\u00e9via e motiva\u00e7\u00e3o aparente ou expressa que justificasse tais atos, al\u00e9m de preocupante, revela que, no \u00e2mbito da Advocacia-Geral da Uni\u00e3o e de seus \u00f3rg\u00e3os vinculados, aflora a baixa transpar\u00eancia e o desd\u00e9m para com aqueles que a integram, inexistindo a desej\u00e1vel sinergia entre os integrantes da c\u00fapula e os \u00f3rg\u00e3os da base.<\/p>\n<p>Dizer que as exonera\u00e7\u00f5es de cargos em comiss\u00e3o s\u00e3o algo normal a menos de oito meses do fim de um governo \u00e9 tripudiar da intelig\u00eancia daqueles que integram e observam a Institui\u00e7\u00e3o.<\/p>\n<p>\u00c9 sabido que em \u00e1reas estrat\u00e9gicas e de tamanha sensibilidade como a PGU e a PGF, as mudan\u00e7as dos cargos de dire\u00e7\u00e3o e na linha de gest\u00e3o realizadas de inopino trazem consequ\u00eancias s\u00e9rias e indesej\u00e1veis como descontinuidade, instabilidade e desmotiva\u00e7\u00e3o, desgastes esses que a prud\u00eancia recomendava evitar. Portanto, a Advogada-Geral da Uni\u00e3o arrisca-se, aparentemente sem qualquer plausibilidade, ao promover modifica\u00e7\u00f5es em \u00e1reas t\u00e3o sens\u00edveis de atua\u00e7\u00e3o e que funcionavam com excel\u00eancia.<\/p>\n<p>Os colegas rec\u00e9m-nomeados merecem todo o nosso respeito e confian\u00e7a, mas n\u00e3o se pode olvidar que as chefias da PGU e da PGF demandam de seus titulares perfis profissionais compat\u00edveis com as responsabilidades e especificidades que lhes s\u00e3o inerentes.<\/p>\n<p>Nesse contexto, \u00e9 imperioso lembrar que h\u00e1 algum tempo se anseia, no \u00e2mbito da AGU, pela implanta\u00e7\u00e3o de processo seletivo de escolha de dirigentes, com crit\u00e9rios objetivos quanto \u00e0 experi\u00eancia, forma\u00e7\u00e3o, perfil de gest\u00e3o, de modo a propiciar estabilidade nas chefias de \u00f3rg\u00e3os e a blindar a Institui\u00e7\u00e3o das agruras do quadro pol\u00edtico conjuntural externo e institucional interno.<\/p>\n<p>Aguarda-se, portanto, em observ\u00e2ncia e respeito aos valores recorrentemente defendidos publicamente pela Advogada-Geral da Uni\u00e3o, que ela esclare\u00e7a, de forma transparente e republicana, os motivos e circunst\u00e2ncias que deflagraram as exonera\u00e7\u00f5es dos membros outrora por ela pr\u00f3pria indicados para ocuparem os cargos da PGU e da PGF, bem como os crit\u00e9rios de escolha dos seus sucessores.<\/p>\n","protected":false},"excerpt":{"rendered":"<p>O F\u00f3rum manifesta preocupa\u00e7\u00e3o em rela\u00e7\u00e3o \u00e0 forma como se deram as exonera\u00e7\u00f5es dos dirigentes da Procuradoria-Geral da Uni\u00e3o e da Procuradoria-Geral Federal no \u00e2mbito da Advocacia-Geral da Uni\u00e3o.<\/p>\n","protected":false},"author":2,"featured_media":8080,"comment_status":"open","ping_status":"open","sticky":false,"template":"","format":"standard","meta":{"footnotes":""},"categories":[8],"tags":[43,32,126],"featured_image_url":"https:\/\/sinprofaz.org.br\/2024\/wp-content\/uploads\/2018\/04\/logo-forvm1.jpg","character_count":1847,"formatted_date":"27\/04\/2018 - 14:45","contentNovo":"O F\u00d3RUM NACIONAL DA ADVOCACIA P\u00daBLICA FEDERAL, entidade que congrega o SINPROFAZ, a ANAJUR, a ANAUNI e a ANPPREV e que representa a maioria absoluta dos membros da Advocacia P\u00fablica Federal, vem manifestar sua preocupa\u00e7\u00e3o e inconformismo em rela\u00e7\u00e3o \u00e0 forma como se deram as exonera\u00e7\u00f5es dos dirigentes de c\u00fapula da Procuradoria-Geral da Uni\u00e3o e da Procuradoria-Geral Federal no \u00e2mbito da Advocacia-Geral da Uni\u00e3o ocorridas nesta semana.\r\n\r\nDentre os objetivos do F\u00d3RUM insere-se o de zelar pelo incremento dos mecanismos de transpar\u00eancia e de efici\u00eancia, os quais devem sempre nortear a gest\u00e3o da AGU na busca do atingimento da excel\u00eancia e da efic\u00e1cia nos servi\u00e7os por ela prestados.\r\n \r\nN\u00e3o se pode cogitar, e muito menos se admitir, que inger\u00eancias externas possam refletir na Administra\u00e7\u00e3o da AGU, institui\u00e7\u00e3o com assento constitucional e cujos quadros s\u00e3o compostos por corpo t\u00e9cnico concursado e com elevado grau de profissionalismo e especializa\u00e7\u00e3o.\r\n\r\nOs colegas exonerados s\u00e3o express\u00f5es de destaque nas carreiras de Advogado da Uni\u00e3o e de Procurador Federal, com larga e reconhecida experi\u00eancia nas suas \u00e1reas de atua\u00e7\u00e3o, tendo at\u00e9 hoje se desincumbido de suas atribui\u00e7\u00f5es com compet\u00eancia, denodo e dedica\u00e7\u00e3o. Demonstraram, ainda, ao longo de suas trajet\u00f3rias \u00e0 frente da PGU e da PGF, capacidade de inova\u00e7\u00e3o e lideran\u00e7a caracterizada pelo di\u00e1logo franco e esp\u00edrito de equipe com os colegas.\r\n\r\nO fato desses profissionais, com mais de uma d\u00e9cada de atua\u00e7\u00e3o na defesa do interesse p\u00fablico, haverem sido exonerados, sumariamente, sem comunica\u00e7\u00e3o pessoal pr\u00e9via e motiva\u00e7\u00e3o aparente ou expressa que justificasse tais atos, al\u00e9m de preocupante, revela que, no \u00e2mbito da Advocacia-Geral da Uni\u00e3o e de seus \u00f3rg\u00e3os vinculados, aflora a baixa transpar\u00eancia e o desd\u00e9m para com aqueles que a integram, inexistindo a desej\u00e1vel sinergia entre os integrantes da c\u00fapula e os \u00f3rg\u00e3os da base.\r\n\r\nDizer que as exonera\u00e7\u00f5es de cargos em comiss\u00e3o s\u00e3o algo normal a menos de oito meses do fim de um governo \u00e9 tripudiar da intelig\u00eancia daqueles que integram e observam a Institui\u00e7\u00e3o.\r\n\r\n\u00c9 sabido que em \u00e1reas estrat\u00e9gicas e de tamanha sensibilidade como a PGU e a PGF, as mudan\u00e7as dos cargos de dire\u00e7\u00e3o e na linha de gest\u00e3o realizadas de inopino trazem consequ\u00eancias s\u00e9rias e indesej\u00e1veis como descontinuidade, instabilidade e desmotiva\u00e7\u00e3o, desgastes esses que a prud\u00eancia recomendava evitar. Portanto, a Advogada-Geral da Uni\u00e3o arrisca-se, aparentemente sem qualquer plausibilidade, ao promover modifica\u00e7\u00f5es em \u00e1reas t\u00e3o sens\u00edveis de atua\u00e7\u00e3o e que funcionavam com excel\u00eancia.\r\n\r\nOs colegas rec\u00e9m-nomeados merecem todo o nosso respeito e confian\u00e7a, mas n\u00e3o se pode olvidar que as chefias da PGU e da PGF demandam de seus titulares perfis profissionais compat\u00edveis com as responsabilidades e especificidades que lhes s\u00e3o inerentes.\r\n\r\nNesse contexto, \u00e9 imperioso lembrar que h\u00e1 algum tempo se anseia, no \u00e2mbito da AGU, pela implanta\u00e7\u00e3o de processo seletivo de escolha de dirigentes, com crit\u00e9rios objetivos quanto \u00e0 experi\u00eancia, forma\u00e7\u00e3o, perfil de gest\u00e3o, de modo a propiciar estabilidade nas chefias de \u00f3rg\u00e3os e a blindar a Institui\u00e7\u00e3o das agruras do quadro pol\u00edtico conjuntural externo e institucional interno.\r\n\r\nAguarda-se, portanto, em observ\u00e2ncia e respeito aos valores recorrentemente defendidos publicamente pela Advogada-Geral da Uni\u00e3o, que ela esclare\u00e7a, de forma transparente e republicana, os motivos e circunst\u00e2ncias que deflagraram as exonera\u00e7\u00f5es dos membros outrora por ela pr\u00f3pria indicados para ocuparem os cargos da PGU e da PGF, bem como os crit\u00e9rios de escolha dos seus sucessores.","_links":{"self":[{"href":"https:\/\/sinprofaz.org.br\/2024\/wp-json\/wp\/v2\/posts\/8075"}],"collection":[{"href":"https:\/\/sinprofaz.org.br\/2024\/wp-json\/wp\/v2\/posts"}],"about":[{"href":"https:\/\/sinprofaz.org.br\/2024\/wp-json\/wp\/v2\/types\/post"}],"author":[{"embeddable":true,"href":"https:\/\/sinprofaz.org.br\/2024\/wp-json\/wp\/v2\/users\/2"}],"replies":[{"embeddable":true,"href":"https:\/\/sinprofaz.org.br\/2024\/wp-json\/wp\/v2\/comments?post=8075"}],"version-history":[{"count":1,"href":"https:\/\/sinprofaz.org.br\/2024\/wp-json\/wp\/v2\/posts\/8075\/revisions"}],"predecessor-version":[{"id":8077,"href":"https:\/\/sinprofaz.org.br\/2024\/wp-json\/wp\/v2\/posts\/8075\/revisions\/8077"}],"wp:featuredmedia":[{"embeddable":true,"href":"https:\/\/sinprofaz.org.br\/2024\/wp-json\/wp\/v2\/media\/8080"}],"wp:attachment":[{"href":"https:\/\/sinprofaz.org.br\/2024\/wp-json\/wp\/v2\/media?parent=8075"}],"wp:term":[{"taxonomy":"category","embeddable":true,"href":"https:\/\/sinprofaz.org.br\/2024\/wp-json\/wp\/v2\/categories?post=8075"},{"taxonomy":"post_tag","embeddable":true,"href":"https:\/\/sinprofaz.org.br\/2024\/wp-json\/wp\/v2\/tags?post=8075"}],"curies":[{"name":"wp","href":"https:\/\/api.w.org\/{rel}","templated":true}]}}