{"id":807,"date":"2012-05-22T16:38:48","date_gmt":"2012-05-22T16:38:48","guid":{"rendered":""},"modified":"-0001-11-30T00:00:00","modified_gmt":"-0001-11-30T03:00:00","slug":"pfns-vao-escolher-novos-representantes-para-o-csagu","status":"publish","type":"post","link":"https:\/\/sinprofaz.org.br\/2024\/noticias\/pfns-vao-escolher-novos-representantes-para-o-csagu\/","title":{"rendered":"PFNs v\u00e3o escolher novos representantes para o CSAGU"},"content":{"rendered":"<p>Os Procuradores da Fazenda Carlos Barreto Campello Roichman e Marcelo Gentil Monteiro formam a chapa para disputar \u00e0s vagas de representantes da carreira no CSAGU.<\/p>\n<p>Carlos Barreto Campello Roichman, Procurador da Fazenda Nacional do concurso de 2006, empossado em 07\/05\/2007, est\u00e1 lotado na PRFN 5\u00aa Regi\u00e3o, e colocou o nome para ser o representante titular Marcelo Gentil Monteiro, Procurador da Fazenda Nacional do concurso de 2007\/2008, empossado em 16\/09\/2008, est\u00e1 lotado na CRJ\/PGFN, e concorre ao cargo de suplente.<\/p>\n<p>Em breve, os candidatos v\u00e3o lan\u00e7ar uma p\u00e1gina na internet com o conte\u00fado das propostas, textos opinativos e outras informa\u00e7\u00f5es acerca do CSAGU e das elei\u00e7\u00f5es.<\/p>\n<p>A vota\u00e7\u00e3o \u00e9 eletr\u00f4nica e o Procurador da Fazenda precisa estar cadastrado na Rede AGU. A posse dever\u00e1 dos representantes eleitos dever\u00e1 ocorrer em 29 de junho.<\/p>\n<p style=\"margin-top: 80px; text-align: center;\"><img decoding=\"async\" style=\"border: 1px solid #000000;\" title=\"Mobiliza\u00e7\u00e3o\" alt=\"Banner Mobiliza\u00e7\u00e3o\" src=\"\/images\/noticias\/mobilizacao.gif\" \/><\/p>\n","protected":false},"excerpt":{"rendered":"<p>A elei\u00e7\u00e3o ocorrer\u00e1 no pr\u00f3ximo dia 11 de junho. Apenas uma chapa apresentou candidatura para assumir a representa\u00e7\u00e3o.<\/p>\n","protected":false},"author":1,"featured_media":0,"comment_status":"closed","ping_status":"open","sticky":false,"template":"","format":"standard","meta":{"footnotes":""},"categories":[8],"tags":[],"featured_image_url":"https:\/\/dummyimage.com\/720x400","character_count":430,"formatted_date":"22\/05\/2012 - 16:38","contentNovo":"\r\n<p>Os Procuradores da Fazenda Carlos Barreto Campello Roichman e Marcelo Gentil Monteiro formam a chapa para disputar \u00e0s vagas de representantes da carreira no CSAGU.<\/p>\r\n<p>Carlos Barreto Campello Roichman, Procurador da Fazenda Nacional do concurso de 2006, empossado em 07\/05\/2007, est\u00e1 lotado na PRFN 5\u00aa Regi\u00e3o, e colocou o nome para ser o representante titular Marcelo Gentil Monteiro, Procurador da Fazenda Nacional do concurso de 2007\/2008, empossado em 16\/09\/2008, est\u00e1 lotado na CRJ\/PGFN, e concorre ao cargo de suplente.<\/p>\r\n<p>Em breve, os candidatos v\u00e3o lan\u00e7ar uma p\u00e1gina na internet com o conte\u00fado das propostas, textos opinativos e outras informa\u00e7\u00f5es acerca do CSAGU e das elei\u00e7\u00f5es.<\/p>\r\n<p>A vota\u00e7\u00e3o \u00e9 eletr\u00f4nica e o Procurador da Fazenda precisa estar cadastrado na Rede AGU. A posse dever\u00e1 dos representantes eleitos dever\u00e1 ocorrer em 29 de junho.<\/p>\r\n<p style=\"margin-top: 80px; text-align: center;\"><\/p>","_links":{"self":[{"href":"https:\/\/sinprofaz.org.br\/2024\/wp-json\/wp\/v2\/posts\/807"}],"collection":[{"href":"https:\/\/sinprofaz.org.br\/2024\/wp-json\/wp\/v2\/posts"}],"about":[{"href":"https:\/\/sinprofaz.org.br\/2024\/wp-json\/wp\/v2\/types\/post"}],"author":[{"embeddable":true,"href":"https:\/\/sinprofaz.org.br\/2024\/wp-json\/wp\/v2\/users\/1"}],"replies":[{"embeddable":true,"href":"https:\/\/sinprofaz.org.br\/2024\/wp-json\/wp\/v2\/comments?post=807"}],"version-history":[{"count":0,"href":"https:\/\/sinprofaz.org.br\/2024\/wp-json\/wp\/v2\/posts\/807\/revisions"}],"wp:attachment":[{"href":"https:\/\/sinprofaz.org.br\/2024\/wp-json\/wp\/v2\/media?parent=807"}],"wp:term":[{"taxonomy":"category","embeddable":true,"href":"https:\/\/sinprofaz.org.br\/2024\/wp-json\/wp\/v2\/categories?post=807"},{"taxonomy":"post_tag","embeddable":true,"href":"https:\/\/sinprofaz.org.br\/2024\/wp-json\/wp\/v2\/tags?post=807"}],"curies":[{"name":"wp","href":"https:\/\/api.w.org\/{rel}","templated":true}]}}