{"id":8053,"date":"2018-04-19T15:17:18","date_gmt":"2018-04-19T15:17:18","guid":{"rendered":"http:\/\/www.sinprofaz.org.br\/?p=8053"},"modified":"2018-04-20T11:48:45","modified_gmt":"2018-04-20T11:48:45","slug":"diretoria-do-sinprofaz-se-reune-com-pfns-da-3a-regiao","status":"publish","type":"post","link":"https:\/\/sinprofaz.org.br\/2024\/noticias\/diretoria-do-sinprofaz-se-reune-com-pfns-da-3a-regiao\/","title":{"rendered":"DIRETORIA DO SINPROFAZ SE RE\u00daNE COM PFNS DA 3\u00aa REGI\u00c3O"},"content":{"rendered":"<p>A Diretoria do SINPROFAZ esteve reunida ontem (18) com procuradores da Fazenda Nacional lotados na 3\u00aa Regi\u00e3o. Na oportunidade do encontro, o presidente do Sindicato, Achilles Frias, tra\u00e7ou um panorama do contexto pol\u00edtico em que foram aprovadas as recentes prerrogativas da Carreira, detalhando as medidas estrat\u00e9gicas postas em pr\u00e1tica pelo SINPROFAZ na ocasi\u00e3o. Discutiram-se tamb\u00e9m as pautas atinentes aos PFNs que tramitam no Congresso Nacional e a atua\u00e7\u00e3o parlamentar do Sindicato em torno delas.<\/p>\n<p>Achilles Frias iniciou a reuni\u00e3o falando sobre a import\u00e2ncia do debate na PRFN\/3, Regional que se destaca pela efici\u00eancia da atua\u00e7\u00e3o e pelo hist\u00f3rico de contribui\u00e7\u00f5es pol\u00edticas ao Sindicato. &#8220;S\u00e3o Paulo tem peso n\u00e3o s\u00f3 por conta do estoque da D\u00edvida Ativa, como tamb\u00e9m pela quantidade de Colegas e Diretores lotados na 3\u00aa Regi\u00e3o. N\u00f3s, da Diretoria, acreditamos no trabalho coletivo pois, sozinhos, n\u00e3o somos capazes de vencer certas barreiras que nos s\u00e3o colocadas. De S\u00e3o Paulo, o SINPROFAZ recebe sugest\u00f5es e cr\u00edticas que, ao longo do tempo, muito t\u00eam contribu\u00eddo para o amadurecimento do Sindicato.&#8221;<\/p>\n<p>Durante a conversa, Achilles Frias explicou a retomada das atividades do F\u00f3rum Nacional da Advocacia P\u00fablica Federal, presidido pelo SINPROFAZ. De acordo com o presidente, o F\u00f3rum re\u00fane seis mil advogados p\u00fablicos federais, o que confere mais legitimidade em negocia\u00e7\u00f5es junto a institui\u00e7\u00f5es como Minist\u00e9rio do Planejamento e Advocacia-Geral da Uni\u00e3o. A Diretoria ainda fez comunicados a respeito do Concurso de Monografias do SINPROFAZ, que fomenta a gera\u00e7\u00e3o interna de conhecimentos, e sobre o Diagn\u00f3stico da Carreira, pesquisa que o SINPROFAZ iniciar\u00e1 em breve para tra\u00e7ar um perfil dos PFNs.<\/p>\n<p>Para Marilia Gattei, ex-subdelegada do Sindicato, as informa\u00e7\u00f5es sobre os projetos de lei foram destaque na reuni\u00e3o, assim como o reporte sobre os bastidores das decis\u00f5es pol\u00edticas: &#8220;\u00c9 gratificante perceber que o Sindicato tenta se aproximar e dar a oportunidade de participa\u00e7\u00e3o aos filiados. Temos acesso apenas ao resultado dos debates pol\u00edticos, mas \u00e9 importante saber o porqu\u00ea de algumas decis\u00f5es tomadas. Se, \u00e0 primeira vista, elas n\u00e3o pareceram as melhores, depois dos esclarecimentos da Diretoria, passamos a entender que elas eram as \u00fanicas poss\u00edveis&#8221;.<\/p>\n<p>Renato Mariano tamb\u00e9m congratulou a iniciativa do Sindicato, destacando a import\u00e2ncia do debate sobre pleitos de \u00e2mbito nacional e local. &#8220;\u00c9 com alegria que recebemos aqui a diretoria do SINPROFAZ. \u00c9 importante que o Sindicato se aproxime dos associados que, nessas oportunidades, podem apresentar sugest\u00f5es e contribuir com a percep\u00e7\u00e3o da Diretoria a respeito da realidade que vivemos na Regi\u00e3o. S\u00f3 assim, o SINPROFAZ ser\u00e1 capaz de tomar as melhores decis\u00f5es em prol daqueles que, como disse o presidente, s\u00e3o os que verdadeiramente comp\u00f5em o Sindicato&#8221;, ressaltou.<\/p>\n\n\t\t<style type=\"text\/css\">\n\t\t\t#gallery-1 {\n\t\t\t\tmargin: auto;\n\t\t\t}\n\t\t\t#gallery-1 .gallery-item {\n\t\t\t\tfloat: left;\n\t\t\t\tmargin-top: 10px;\n\t\t\t\ttext-align: center;\n\t\t\t\twidth: 33%;\n\t\t\t}\n\t\t\t#gallery-1 img {\n\t\t\t\tborder: 2px solid #cfcfcf;\n\t\t\t}\n\t\t\t#gallery-1 .gallery-caption {\n\t\t\t\tmargin-left: 0;\n\t\t\t}\n\t\t\t\/* see gallery_shortcode() in wp-includes\/media.php *\/\n\t\t<\/style>\n\t\t<div id='gallery-1' class='gallery galleryid-8053 gallery-columns-3 gallery-size-thumbnail'><dl class='gallery-item'>\n\t\t\t<dt class='gallery-icon landscape'>\n\t\t\t\t<a href='https:\/\/sinprofaz.org.br\/2024\/wp-content\/uploads\/2018\/04\/002.jpg'><img loading=\"lazy\" decoding=\"async\" width=\"150\" height=\"150\" src=\"https:\/\/sinprofaz.org.br\/2024\/wp-content\/uploads\/2018\/04\/002-150x150.jpg\" class=\"attachment-thumbnail size-thumbnail\" alt=\"\" \/><\/a>\n\t\t\t<\/dt><\/dl><dl class='gallery-item'>\n\t\t\t<dt class='gallery-icon landscape'>\n\t\t\t\t<a href='https:\/\/sinprofaz.org.br\/2024\/wp-content\/uploads\/2018\/04\/003.jpg'><img loading=\"lazy\" decoding=\"async\" width=\"150\" height=\"150\" src=\"https:\/\/sinprofaz.org.br\/2024\/wp-content\/uploads\/2018\/04\/003-150x150.jpg\" class=\"attachment-thumbnail size-thumbnail\" alt=\"\" \/><\/a>\n\t\t\t<\/dt><\/dl><dl class='gallery-item'>\n\t\t\t<dt class='gallery-icon landscape'>\n\t\t\t\t<a href='https:\/\/sinprofaz.org.br\/2024\/wp-content\/uploads\/2018\/04\/004.jpg'><img loading=\"lazy\" decoding=\"async\" width=\"150\" height=\"150\" src=\"https:\/\/sinprofaz.org.br\/2024\/wp-content\/uploads\/2018\/04\/004-150x150.jpg\" class=\"attachment-thumbnail size-thumbnail\" alt=\"\" \/><\/a>\n\t\t\t<\/dt><\/dl><br style=\"clear: both\" \/><dl class='gallery-item'>\n\t\t\t<dt class='gallery-icon landscape'>\n\t\t\t\t<a href='https:\/\/sinprofaz.org.br\/2024\/wp-content\/uploads\/2018\/04\/005.jpg'><img loading=\"lazy\" decoding=\"async\" width=\"150\" height=\"150\" src=\"https:\/\/sinprofaz.org.br\/2024\/wp-content\/uploads\/2018\/04\/005-150x150.jpg\" class=\"attachment-thumbnail size-thumbnail\" alt=\"\" \/><\/a>\n\t\t\t<\/dt><\/dl><dl class='gallery-item'>\n\t\t\t<dt class='gallery-icon landscape'>\n\t\t\t\t<a href='https:\/\/sinprofaz.org.br\/2024\/wp-content\/uploads\/2018\/04\/006.jpg'><img loading=\"lazy\" decoding=\"async\" width=\"150\" height=\"150\" src=\"https:\/\/sinprofaz.org.br\/2024\/wp-content\/uploads\/2018\/04\/006-150x150.jpg\" class=\"attachment-thumbnail size-thumbnail\" alt=\"\" \/><\/a>\n\t\t\t<\/dt><\/dl>\n\t\t\t<br style='clear: both' \/>\n\t\t<\/div>\n\n","protected":false},"excerpt":{"rendered":"<p>Na oportunidade, o presidente do Sindicato, Achilles Frias, tra\u00e7ou um panorama do contexto pol\u00edtico em que foram aprovadas as recentes prerrogativas da Carreira, detalhando as estrat\u00e9gias postas em pr\u00e1tica pelo SINPROFAZ.<\/p>\n","protected":false},"author":2,"featured_media":8054,"comment_status":"open","ping_status":"open","sticky":false,"template":"","format":"standard","meta":{"footnotes":""},"categories":[8],"tags":[32,27,25],"featured_image_url":"https:\/\/sinprofaz.org.br\/2024\/wp-content\/uploads\/2018\/04\/001-800x198.jpg","character_count":1676,"formatted_date":"19\/04\/2018 - 15:17","contentNovo":"A Diretoria do SINPROFAZ esteve reunida ontem (18) com procuradores da Fazenda Nacional lotados na 3\u00aa Regi\u00e3o. Na oportunidade do encontro, o presidente do Sindicato, Achilles Frias, tra\u00e7ou um panorama do contexto pol\u00edtico em que foram aprovadas as recentes prerrogativas da Carreira, detalhando as medidas estrat\u00e9gicas postas em pr\u00e1tica pelo SINPROFAZ na ocasi\u00e3o. Discutiram-se tamb\u00e9m as pautas atinentes aos PFNs que tramitam no Congresso Nacional e a atua\u00e7\u00e3o parlamentar do Sindicato em torno delas.\r\n\r\nAchilles Frias iniciou a reuni\u00e3o falando sobre a import\u00e2ncia do debate na PRFN\/3, Regional que se destaca pela efici\u00eancia da atua\u00e7\u00e3o e pelo hist\u00f3rico de contribui\u00e7\u00f5es pol\u00edticas ao Sindicato. \"S\u00e3o Paulo tem peso n\u00e3o s\u00f3 por conta do estoque da D\u00edvida Ativa, como tamb\u00e9m pela quantidade de Colegas e Diretores lotados na 3\u00aa Regi\u00e3o. N\u00f3s, da Diretoria, acreditamos no trabalho coletivo pois, sozinhos, n\u00e3o somos capazes de vencer certas barreiras que nos s\u00e3o colocadas. De S\u00e3o Paulo, o SINPROFAZ recebe sugest\u00f5es e cr\u00edticas que, ao longo do tempo, muito t\u00eam contribu\u00eddo para o amadurecimento do Sindicato.\"\r\n\r\nDurante a conversa, Achilles Frias explicou a retomada das atividades do F\u00f3rum Nacional da Advocacia P\u00fablica Federal, presidido pelo SINPROFAZ. De acordo com o presidente, o F\u00f3rum re\u00fane seis mil advogados p\u00fablicos federais, o que confere mais legitimidade em negocia\u00e7\u00f5es junto a institui\u00e7\u00f5es como Minist\u00e9rio do Planejamento e Advocacia-Geral da Uni\u00e3o. A Diretoria ainda fez comunicados a respeito do Concurso de Monografias do SINPROFAZ, que fomenta a gera\u00e7\u00e3o interna de conhecimentos, e sobre o Diagn\u00f3stico da Carreira, pesquisa que o SINPROFAZ iniciar\u00e1 em breve para tra\u00e7ar um perfil dos PFNs.\r\n\r\nPara Marilia Gattei, ex-subdelegada do Sindicato, as informa\u00e7\u00f5es sobre os projetos de lei foram destaque na reuni\u00e3o, assim como o reporte sobre os bastidores das decis\u00f5es pol\u00edticas: \"\u00c9 gratificante perceber que o Sindicato tenta se aproximar e dar a oportunidade de participa\u00e7\u00e3o aos filiados. Temos acesso apenas ao resultado dos debates pol\u00edticos, mas \u00e9 importante saber o porqu\u00ea de algumas decis\u00f5es tomadas. Se, \u00e0 primeira vista, elas n\u00e3o pareceram as melhores, depois dos esclarecimentos da Diretoria, passamos a entender que elas eram as \u00fanicas poss\u00edveis\".\r\n\r\nRenato Mariano tamb\u00e9m congratulou a iniciativa do Sindicato, destacando a import\u00e2ncia do debate sobre pleitos de \u00e2mbito nacional e local. \"\u00c9 com alegria que recebemos aqui a diretoria do SINPROFAZ. \u00c9 importante que o Sindicato se aproxime dos associados que, nessas oportunidades, podem apresentar sugest\u00f5es e contribuir com a percep\u00e7\u00e3o da Diretoria a respeito da realidade que vivemos na Regi\u00e3o. S\u00f3 assim, o SINPROFAZ ser\u00e1 capaz de tomar as melhores decis\u00f5es em prol daqueles que, como disse o presidente, s\u00e3o os que verdadeiramente comp\u00f5em o Sindicato\", ressaltou.\r\n\r\n[gallery link=\"file\" ids=\"8055,8056,8057,8058,8059\"]","_links":{"self":[{"href":"https:\/\/sinprofaz.org.br\/2024\/wp-json\/wp\/v2\/posts\/8053"}],"collection":[{"href":"https:\/\/sinprofaz.org.br\/2024\/wp-json\/wp\/v2\/posts"}],"about":[{"href":"https:\/\/sinprofaz.org.br\/2024\/wp-json\/wp\/v2\/types\/post"}],"author":[{"embeddable":true,"href":"https:\/\/sinprofaz.org.br\/2024\/wp-json\/wp\/v2\/users\/2"}],"replies":[{"embeddable":true,"href":"https:\/\/sinprofaz.org.br\/2024\/wp-json\/wp\/v2\/comments?post=8053"}],"version-history":[{"count":1,"href":"https:\/\/sinprofaz.org.br\/2024\/wp-json\/wp\/v2\/posts\/8053\/revisions"}],"predecessor-version":[{"id":8060,"href":"https:\/\/sinprofaz.org.br\/2024\/wp-json\/wp\/v2\/posts\/8053\/revisions\/8060"}],"wp:featuredmedia":[{"embeddable":true,"href":"https:\/\/sinprofaz.org.br\/2024\/wp-json\/wp\/v2\/media\/8054"}],"wp:attachment":[{"href":"https:\/\/sinprofaz.org.br\/2024\/wp-json\/wp\/v2\/media?parent=8053"}],"wp:term":[{"taxonomy":"category","embeddable":true,"href":"https:\/\/sinprofaz.org.br\/2024\/wp-json\/wp\/v2\/categories?post=8053"},{"taxonomy":"post_tag","embeddable":true,"href":"https:\/\/sinprofaz.org.br\/2024\/wp-json\/wp\/v2\/tags?post=8053"}],"curies":[{"name":"wp","href":"https:\/\/api.w.org\/{rel}","templated":true}]}}