{"id":8028,"date":"2018-04-12T11:51:32","date_gmt":"2018-04-12T11:51:32","guid":{"rendered":"http:\/\/www.sinprofaz.org.br\/?p=8028"},"modified":"2018-04-13T11:55:25","modified_gmt":"2018-04-13T11:55:25","slug":"forum-nacional-da-advocacia-publica-federal-retoma-atividades-em-brasilia","status":"publish","type":"post","link":"https:\/\/sinprofaz.org.br\/2024\/noticias\/forum-nacional-da-advocacia-publica-federal-retoma-atividades-em-brasilia\/","title":{"rendered":"F\u00d3RUM NACIONAL DA ADVOCACIA P\u00daBLICA FEDERAL RETOMA ATIVIDADES EM BRAS\u00cdLIA"},"content":{"rendered":"<p>O SINPROFAZ participou ontem (11) de reuni\u00e3o com dirigentes das entidades que integram o F\u00f3rum Nacional da Advocacia P\u00fablica Federal, tamb\u00e9m presidido por Achilles Frias. Juntamente com o Sindicato, s\u00e3o membros do F\u00f3rum a ANAUNI, a ANAJUR e a ANPPREV.<\/p>\n<p>Ao dar in\u00edcio \u00e0 reuni\u00e3o, o presidente do SINPROFAZ destacou a import\u00e2ncia do alinhamento entre as entidades do F\u00f3rum, cujo potencial pol\u00edtico cresce \u00e0 medida que se intensifica a luta conjunta em prol das demandas comuns. Enfatizou ainda a necessidade do fortalecimento da Advocacia P\u00fablica Federal, especialmente em momentos como este, de transi\u00e7\u00e3o pol\u00edtica.  <\/p>\n<p>Ao longo do encontro, os representantes das entidades iniciaram a revis\u00e3o do regimento interno do F\u00f3rum e definiram a composi\u00e7\u00e3o da diretoria e os cargos administrativos a serem ocupados por cada entidade. Discutiram-se tamb\u00e9m as medidas a serem tomadas a curto e a longo prazo para defesa das prerrogativas.<\/p>\n\n\t\t<style type=\"text\/css\">\n\t\t\t#gallery-1 {\n\t\t\t\tmargin: auto;\n\t\t\t}\n\t\t\t#gallery-1 .gallery-item {\n\t\t\t\tfloat: left;\n\t\t\t\tmargin-top: 10px;\n\t\t\t\ttext-align: center;\n\t\t\t\twidth: 33%;\n\t\t\t}\n\t\t\t#gallery-1 img {\n\t\t\t\tborder: 2px solid #cfcfcf;\n\t\t\t}\n\t\t\t#gallery-1 .gallery-caption {\n\t\t\t\tmargin-left: 0;\n\t\t\t}\n\t\t\t\/* see gallery_shortcode() in wp-includes\/media.php *\/\n\t\t<\/style>\n\t\t<div id='gallery-1' class='gallery galleryid-8028 gallery-columns-3 gallery-size-thumbnail'><dl class='gallery-item'>\n\t\t\t<dt class='gallery-icon landscape'>\n\t\t\t\t<a href='https:\/\/sinprofaz.org.br\/2024\/wp-content\/uploads\/2018\/04\/033.jpg'><img loading=\"lazy\" decoding=\"async\" width=\"150\" height=\"150\" src=\"https:\/\/sinprofaz.org.br\/2024\/wp-content\/uploads\/2018\/04\/033-150x150.jpg\" class=\"attachment-thumbnail size-thumbnail\" alt=\"\" \/><\/a>\n\t\t\t<\/dt><\/dl><dl class='gallery-item'>\n\t\t\t<dt class='gallery-icon landscape'>\n\t\t\t\t<a href='https:\/\/sinprofaz.org.br\/2024\/wp-content\/uploads\/2018\/04\/026.jpg'><img loading=\"lazy\" decoding=\"async\" width=\"150\" height=\"150\" src=\"https:\/\/sinprofaz.org.br\/2024\/wp-content\/uploads\/2018\/04\/026-150x150.jpg\" class=\"attachment-thumbnail size-thumbnail\" alt=\"\" \/><\/a>\n\t\t\t<\/dt><\/dl>\n\t\t\t<br style='clear: both' \/>\n\t\t<\/div>\n\n","protected":false},"excerpt":{"rendered":"<p>O SINPROFAZ participou de reuni\u00e3o com dirigentes das entidades que integram o F\u00f3rum Nacional da Advocacia P\u00fablica Federal. Assim como o SINPROFAZ, o F\u00f3rum \u00e9 presidido por Achilles Frias.<\/p>\n","protected":false},"author":2,"featured_media":8029,"comment_status":"open","ping_status":"open","sticky":false,"template":"","format":"standard","meta":{"footnotes":""},"categories":[8],"tags":[32,126,25],"featured_image_url":"https:\/\/sinprofaz.org.br\/2024\/wp-content\/uploads\/2018\/04\/0111-800x198.jpg","character_count":657,"formatted_date":"12\/04\/2018 - 11:51","contentNovo":"O SINPROFAZ participou ontem (11) de reuni\u00e3o com dirigentes das entidades que integram o F\u00f3rum Nacional da Advocacia P\u00fablica Federal, tamb\u00e9m presidido por Achilles Frias. Juntamente com o Sindicato, s\u00e3o membros do F\u00f3rum a ANAUNI, a ANAJUR e a ANPPREV.\r\n\r\nAo dar in\u00edcio \u00e0 reuni\u00e3o, o presidente do SINPROFAZ destacou a import\u00e2ncia do alinhamento entre as entidades do F\u00f3rum, cujo potencial pol\u00edtico cresce \u00e0 medida que se intensifica a luta conjunta em prol das demandas comuns. Enfatizou ainda a necessidade do fortalecimento da Advocacia P\u00fablica Federal, especialmente em momentos como este, de transi\u00e7\u00e3o pol\u00edtica.  \r\n\r\nAo longo do encontro, os representantes das entidades iniciaram a revis\u00e3o do regimento interno do F\u00f3rum e definiram a composi\u00e7\u00e3o da diretoria e os cargos administrativos a serem ocupados por cada entidade. Discutiram-se tamb\u00e9m as medidas a serem tomadas a curto e a longo prazo para defesa das prerrogativas.\r\n\r\n[gallery link=\"file\" ids=\"8030,8031\"]","_links":{"self":[{"href":"https:\/\/sinprofaz.org.br\/2024\/wp-json\/wp\/v2\/posts\/8028"}],"collection":[{"href":"https:\/\/sinprofaz.org.br\/2024\/wp-json\/wp\/v2\/posts"}],"about":[{"href":"https:\/\/sinprofaz.org.br\/2024\/wp-json\/wp\/v2\/types\/post"}],"author":[{"embeddable":true,"href":"https:\/\/sinprofaz.org.br\/2024\/wp-json\/wp\/v2\/users\/2"}],"replies":[{"embeddable":true,"href":"https:\/\/sinprofaz.org.br\/2024\/wp-json\/wp\/v2\/comments?post=8028"}],"version-history":[{"count":1,"href":"https:\/\/sinprofaz.org.br\/2024\/wp-json\/wp\/v2\/posts\/8028\/revisions"}],"predecessor-version":[{"id":8032,"href":"https:\/\/sinprofaz.org.br\/2024\/wp-json\/wp\/v2\/posts\/8028\/revisions\/8032"}],"wp:featuredmedia":[{"embeddable":true,"href":"https:\/\/sinprofaz.org.br\/2024\/wp-json\/wp\/v2\/media\/8029"}],"wp:attachment":[{"href":"https:\/\/sinprofaz.org.br\/2024\/wp-json\/wp\/v2\/media?parent=8028"}],"wp:term":[{"taxonomy":"category","embeddable":true,"href":"https:\/\/sinprofaz.org.br\/2024\/wp-json\/wp\/v2\/categories?post=8028"},{"taxonomy":"post_tag","embeddable":true,"href":"https:\/\/sinprofaz.org.br\/2024\/wp-json\/wp\/v2\/tags?post=8028"}],"curies":[{"name":"wp","href":"https:\/\/api.w.org\/{rel}","templated":true}]}}