{"id":8020,"date":"2018-04-11T13:43:45","date_gmt":"2018-04-11T13:43:45","guid":{"rendered":"http:\/\/www.sinprofaz.org.br\/?p=8020"},"modified":"2018-04-12T11:52:15","modified_gmt":"2018-04-12T11:52:15","slug":"em-reuniao-movimento-nacional-pela-advocacia-publica-debate-gestao-da-divida","status":"publish","type":"post","link":"https:\/\/sinprofaz.org.br\/2024\/noticias\/em-reuniao-movimento-nacional-pela-advocacia-publica-debate-gestao-da-divida\/","title":{"rendered":"EM REUNI\u00c3O, MOVIMENTO NACIONAL PELA ADVOCACIA P\u00daBLICA DEBATE GEST\u00c3O DA D\u00cdVIDA"},"content":{"rendered":"<p>As entidades que comp\u00f5em o Movimento Nacional pela Advocacia P\u00fablica se reuniram na ter\u00e7a-feira (10). O Conselho Federal da OAB, em Bras\u00edlia\/DF, sediou o encontro, que contou com representantes do SINPROFAZ, ANAJUR, ANAPE, ANAFE, ANAUNI, ANPM e ANPPREV, entidades de \u00e2mbito federal, estadual e municipal.<\/p>\n<p>Na oportunidade, debateram-se pautas pertinentes \u00e0 Advocacia P\u00fablica como um todo, com especial destaque \u00e0s novas metodologias para cobran\u00e7a eficiente e c\u00e9lere da D\u00edvida Ativa, as quais contribuem, inclusive, para a desjudicializa\u00e7\u00e3o das demandas.<\/p>\n<p>Discutiram-se tamb\u00e9m medidas para fortalecimento do Movimento Nacional pela Advocacia P\u00fablica e estrat\u00e9gias de atua\u00e7\u00e3o conjunta em prol dos temas de interesse comum.<\/p>\n\n\t\t<style type=\"text\/css\">\n\t\t\t#gallery-1 {\n\t\t\t\tmargin: auto;\n\t\t\t}\n\t\t\t#gallery-1 .gallery-item {\n\t\t\t\tfloat: left;\n\t\t\t\tmargin-top: 10px;\n\t\t\t\ttext-align: center;\n\t\t\t\twidth: 33%;\n\t\t\t}\n\t\t\t#gallery-1 img {\n\t\t\t\tborder: 2px solid #cfcfcf;\n\t\t\t}\n\t\t\t#gallery-1 .gallery-caption {\n\t\t\t\tmargin-left: 0;\n\t\t\t}\n\t\t\t\/* see gallery_shortcode() in wp-includes\/media.php *\/\n\t\t<\/style>\n\t\t<div id='gallery-1' class='gallery galleryid-8020 gallery-columns-3 gallery-size-thumbnail'><dl class='gallery-item'>\n\t\t\t<dt class='gallery-icon landscape'>\n\t\t\t\t<a href='https:\/\/sinprofaz.org.br\/2024\/wp-content\/uploads\/2018\/04\/025.jpg'><img loading=\"lazy\" decoding=\"async\" width=\"150\" height=\"150\" src=\"https:\/\/sinprofaz.org.br\/2024\/wp-content\/uploads\/2018\/04\/025-150x150.jpg\" class=\"attachment-thumbnail size-thumbnail\" alt=\"\" \/><\/a>\n\t\t\t<\/dt><\/dl>\n\t\t\t<br style='clear: both' \/>\n\t\t<\/div>\n\n","protected":false},"excerpt":{"rendered":"<p>Debateram-se pautas pertinentes \u00e0 Advocacia P\u00fablica, com destaque \u00e0s novas metodologias para cobran\u00e7a eficiente e c\u00e9lere da D\u00edvida Ativa, as quais contribuem para a desjudicializa\u00e7\u00e3o das demandas.<\/p>\n","protected":false},"author":2,"featured_media":8021,"comment_status":"open","ping_status":"open","sticky":false,"template":"","format":"standard","meta":{"footnotes":""},"categories":[8],"tags":[32,22,25],"featured_image_url":"https:\/\/sinprofaz.org.br\/2024\/wp-content\/uploads\/2018\/04\/0110-800x198.jpg","character_count":547,"formatted_date":"11\/04\/2018 - 13:43","contentNovo":"As entidades que comp\u00f5em o Movimento Nacional pela Advocacia P\u00fablica se reuniram na ter\u00e7a-feira (10). O Conselho Federal da OAB, em Bras\u00edlia\/DF, sediou o encontro, que contou com representantes do SINPROFAZ, ANAJUR, ANAPE, ANAFE, ANAUNI, ANPM e ANPPREV, entidades de \u00e2mbito federal, estadual e municipal.\r\n\r\nNa oportunidade, debateram-se pautas pertinentes \u00e0 Advocacia P\u00fablica como um todo, com especial destaque \u00e0s novas metodologias para cobran\u00e7a eficiente e c\u00e9lere da D\u00edvida Ativa, as quais contribuem, inclusive, para a desjudicializa\u00e7\u00e3o das demandas.\r\n\r\nDiscutiram-se tamb\u00e9m medidas para fortalecimento do Movimento Nacional pela Advocacia P\u00fablica e estrat\u00e9gias de atua\u00e7\u00e3o conjunta em prol dos temas de interesse comum.\r\n\r\n[gallery link=\"file\" ids=\"8022\"]","_links":{"self":[{"href":"https:\/\/sinprofaz.org.br\/2024\/wp-json\/wp\/v2\/posts\/8020"}],"collection":[{"href":"https:\/\/sinprofaz.org.br\/2024\/wp-json\/wp\/v2\/posts"}],"about":[{"href":"https:\/\/sinprofaz.org.br\/2024\/wp-json\/wp\/v2\/types\/post"}],"author":[{"embeddable":true,"href":"https:\/\/sinprofaz.org.br\/2024\/wp-json\/wp\/v2\/users\/2"}],"replies":[{"embeddable":true,"href":"https:\/\/sinprofaz.org.br\/2024\/wp-json\/wp\/v2\/comments?post=8020"}],"version-history":[{"count":1,"href":"https:\/\/sinprofaz.org.br\/2024\/wp-json\/wp\/v2\/posts\/8020\/revisions"}],"predecessor-version":[{"id":8023,"href":"https:\/\/sinprofaz.org.br\/2024\/wp-json\/wp\/v2\/posts\/8020\/revisions\/8023"}],"wp:featuredmedia":[{"embeddable":true,"href":"https:\/\/sinprofaz.org.br\/2024\/wp-json\/wp\/v2\/media\/8021"}],"wp:attachment":[{"href":"https:\/\/sinprofaz.org.br\/2024\/wp-json\/wp\/v2\/media?parent=8020"}],"wp:term":[{"taxonomy":"category","embeddable":true,"href":"https:\/\/sinprofaz.org.br\/2024\/wp-json\/wp\/v2\/categories?post=8020"},{"taxonomy":"post_tag","embeddable":true,"href":"https:\/\/sinprofaz.org.br\/2024\/wp-json\/wp\/v2\/tags?post=8020"}],"curies":[{"name":"wp","href":"https:\/\/api.w.org\/{rel}","templated":true}]}}