{"id":8003,"date":"2018-04-06T12:35:37","date_gmt":"2018-04-06T12:35:37","guid":{"rendered":"http:\/\/www.sinprofaz.org.br\/?p=8003"},"modified":"2018-04-11T12:01:33","modified_gmt":"2018-04-11T12:01:33","slug":"presidente-do-sinprofaz-compoe-mesa-em-audiencia-sobre-portaria-33","status":"publish","type":"post","link":"https:\/\/sinprofaz.org.br\/2024\/noticias\/presidente-do-sinprofaz-compoe-mesa-em-audiencia-sobre-portaria-33\/","title":{"rendered":"PRESIDENTE DO SINPROFAZ COMP\u00d5E MESA EM AUDI\u00caNCIA SOBRE PORTARIA 33"},"content":{"rendered":"<p>O SINPROFAZ, representado pelo presidente Achilles Frias, comp\u00f4s ontem (5) a mesa de abertura de audi\u00eancia p\u00fablica em S\u00e3o Paulo\/SP. Na ocasi\u00e3o, em que foi debatido o novo modelo de cobran\u00e7a regulamentado pela Portaria PGFN n\u00ba 33, o presidente do SINPROFAZ defendeu os institutos previstos no ato normativo. A reuni\u00e3o foi promovida pela Procuradoria-Geral da Fazenda Nacional e realizada na Escola da AGU. Dela participaram o procurador-geral, Fabr\u00edcio Da Soller, advogados p\u00fablicos e privados, representantes da OAB, auditores e analistas da Receita Federal, entre outros. <\/p>\n<p>Findada a audi\u00eancia, a PGFN prev\u00ea a abertura de uma consulta p\u00fablica para que qualquer cidad\u00e3o possa contribuir com o aperfei\u00e7oamento da Portaria. As contribui\u00e7\u00f5es recebidas ser\u00e3o consolidadas e divulgadas no site da Institui\u00e7\u00e3o. Em entrevista ao portal Jota, a PFN Rita Dias Nolasco, organizadora do evento, explicou que todas as sugest\u00f5es ser\u00e3o avaliadas pela PGFN, que definir\u00e1 se algumas ser\u00e3o incorporadas \u00e0 norma. Independentemente de a Portaria ser alterada, todas as propostas recebidas ser\u00e3o respondidas.<\/p>\n\n\t\t<style type=\"text\/css\">\n\t\t\t#gallery-1 {\n\t\t\t\tmargin: auto;\n\t\t\t}\n\t\t\t#gallery-1 .gallery-item {\n\t\t\t\tfloat: left;\n\t\t\t\tmargin-top: 10px;\n\t\t\t\ttext-align: center;\n\t\t\t\twidth: 33%;\n\t\t\t}\n\t\t\t#gallery-1 img {\n\t\t\t\tborder: 2px solid #cfcfcf;\n\t\t\t}\n\t\t\t#gallery-1 .gallery-caption {\n\t\t\t\tmargin-left: 0;\n\t\t\t}\n\t\t\t\/* see gallery_shortcode() in wp-includes\/media.php *\/\n\t\t<\/style>\n\t\t<div id='gallery-1' class='gallery galleryid-8003 gallery-columns-3 gallery-size-thumbnail'><dl class='gallery-item'>\n\t\t\t<dt class='gallery-icon landscape'>\n\t\t\t\t<a href='https:\/\/sinprofaz.org.br\/2024\/wp-content\/uploads\/2018\/04\/022.jpg'><img loading=\"lazy\" decoding=\"async\" width=\"150\" height=\"150\" src=\"https:\/\/sinprofaz.org.br\/2024\/wp-content\/uploads\/2018\/04\/022-150x150.jpg\" class=\"attachment-thumbnail size-thumbnail\" alt=\"\" \/><\/a>\n\t\t\t<\/dt><\/dl>\n\t\t\t<br style='clear: both' \/>\n\t\t<\/div>\n\n","protected":false},"excerpt":{"rendered":"<p>Na ocasi\u00e3o da audi\u00eancia p\u00fablica, na qual foi debatido o novo modelo de cobran\u00e7a regulamentado pela Portaria PGFN n\u00ba 33, o presidente do SINPROFAZ defendeu os institutos previstos no ato normativo.<\/p>\n","protected":false},"author":2,"featured_media":8004,"comment_status":"open","ping_status":"open","sticky":false,"template":"","format":"standard","meta":{"footnotes":""},"categories":[8],"tags":[32,44,25],"featured_image_url":"https:\/\/sinprofaz.org.br\/2024\/wp-content\/uploads\/2018\/04\/016-800x198.jpg","character_count":735,"formatted_date":"06\/04\/2018 - 12:35","contentNovo":"O SINPROFAZ, representado pelo presidente Achilles Frias, comp\u00f4s ontem (5) a mesa de abertura de audi\u00eancia p\u00fablica em S\u00e3o Paulo\/SP. Na ocasi\u00e3o, em que foi debatido o novo modelo de cobran\u00e7a regulamentado pela Portaria PGFN n\u00ba 33, o presidente do SINPROFAZ defendeu os institutos previstos no ato normativo. A reuni\u00e3o foi promovida pela Procuradoria-Geral da Fazenda Nacional e realizada na Escola da AGU. Dela participaram o procurador-geral, Fabr\u00edcio Da Soller, advogados p\u00fablicos e privados, representantes da OAB, auditores e analistas da Receita Federal, entre outros. \r\n\r\nFindada a audi\u00eancia, a PGFN prev\u00ea a abertura de uma consulta p\u00fablica para que qualquer cidad\u00e3o possa contribuir com o aperfei\u00e7oamento da Portaria. As contribui\u00e7\u00f5es recebidas ser\u00e3o consolidadas e divulgadas no site da Institui\u00e7\u00e3o. Em entrevista ao portal Jota, a PFN Rita Dias Nolasco, organizadora do evento, explicou que todas as sugest\u00f5es ser\u00e3o avaliadas pela PGFN, que definir\u00e1 se algumas ser\u00e3o incorporadas \u00e0 norma. Independentemente de a Portaria ser alterada, todas as propostas recebidas ser\u00e3o respondidas.\r\n\r\n[gallery link=\"file\" ids=\"8005\"]","_links":{"self":[{"href":"https:\/\/sinprofaz.org.br\/2024\/wp-json\/wp\/v2\/posts\/8003"}],"collection":[{"href":"https:\/\/sinprofaz.org.br\/2024\/wp-json\/wp\/v2\/posts"}],"about":[{"href":"https:\/\/sinprofaz.org.br\/2024\/wp-json\/wp\/v2\/types\/post"}],"author":[{"embeddable":true,"href":"https:\/\/sinprofaz.org.br\/2024\/wp-json\/wp\/v2\/users\/2"}],"replies":[{"embeddable":true,"href":"https:\/\/sinprofaz.org.br\/2024\/wp-json\/wp\/v2\/comments?post=8003"}],"version-history":[{"count":1,"href":"https:\/\/sinprofaz.org.br\/2024\/wp-json\/wp\/v2\/posts\/8003\/revisions"}],"predecessor-version":[{"id":8006,"href":"https:\/\/sinprofaz.org.br\/2024\/wp-json\/wp\/v2\/posts\/8003\/revisions\/8006"}],"wp:featuredmedia":[{"embeddable":true,"href":"https:\/\/sinprofaz.org.br\/2024\/wp-json\/wp\/v2\/media\/8004"}],"wp:attachment":[{"href":"https:\/\/sinprofaz.org.br\/2024\/wp-json\/wp\/v2\/media?parent=8003"}],"wp:term":[{"taxonomy":"category","embeddable":true,"href":"https:\/\/sinprofaz.org.br\/2024\/wp-json\/wp\/v2\/categories?post=8003"},{"taxonomy":"post_tag","embeddable":true,"href":"https:\/\/sinprofaz.org.br\/2024\/wp-json\/wp\/v2\/tags?post=8003"}],"curies":[{"name":"wp","href":"https:\/\/api.w.org\/{rel}","templated":true}]}}