{"id":7984,"date":"2018-04-03T11:59:55","date_gmt":"2018-04-03T11:59:55","guid":{"rendered":"http:\/\/www.sinprofaz.org.br\/?p=7984"},"modified":"2018-04-03T11:59:55","modified_gmt":"2018-04-03T11:59:55","slug":"ago-autoriza-parcelamento-de-pedagio-dos-pfns-desfiliados","status":"publish","type":"post","link":"https:\/\/sinprofaz.org.br\/2024\/noticias\/ago-autoriza-parcelamento-de-pedagio-dos-pfns-desfiliados\/","title":{"rendered":"AGO AUTORIZA PARCELAMENTO DE &#8220;PED\u00c1GIO&#8221; DOS PFNS DESFILIADOS"},"content":{"rendered":"<p>Conforme definido na AGO do \u00faltimo dia 24, o SINPROFAZ passa a permitir o parcelamento do &#8220;ped\u00e1gio&#8221;, d\u00e9bito que o PFN desfiliado deve quitar para se refiliar ao Sindicato. A proposta do projeto de refinanciamento \u00e9 a de que o procurador da Fazenda Nacional interessado em voltar aos quadros de associados possa parcelar o d\u00e9bito em presta\u00e7\u00f5es mensais no valor m\u00ednimo de R$ 50.<\/p>\n<p>Os interessados em aderir ao programa devem enviar a solicita\u00e7\u00e3o de refilia\u00e7\u00e3o e de parcelamento para o e-mail <a href=\"mailto:financeiro@sinprofaz.org.br\" rel=\"noopener\" target=\"_blank\">financeiro@sinprofaz.org.br<\/a> ou entrar em contato pelos telefones (61) 3964-1218\/1215. O ped\u00e1gio est\u00e1 previsto no Estatuto do SINPROFAZ, de acordo com o qual o filiado que se desliga do Sindicato voluntariamente deve, ao retornar, pagar as contribui\u00e7\u00f5es ordin\u00e1rias relativas ao per\u00edodo de seu afastamento.<\/p>\n","protected":false},"excerpt":{"rendered":"<p>O SINPROFAZ passa a permitir o parcelamento do &#8220;ped\u00e1gio&#8221;. A proposta do projeto de refinanciamento \u00e9 a de que o PFN interessado em voltar ao Sindicato possa parcelar o d\u00e9bito em presta\u00e7\u00f5es de R$ 50 mensais.<\/p>\n","protected":false},"author":2,"featured_media":2626,"comment_status":"open","ping_status":"open","sticky":false,"template":"","format":"standard","meta":{"footnotes":""},"categories":[8],"tags":[41,32,25],"featured_image_url":"https:\/\/sinprofaz.org.br\/2024\/wp-content\/uploads\/2016\/01\/logo-sinprofaz.jpg","character_count":412,"formatted_date":"03\/04\/2018 - 11:59","contentNovo":"Conforme definido na AGO do \u00faltimo dia 24, o SINPROFAZ passa a permitir o parcelamento do \"ped\u00e1gio\", d\u00e9bito que o PFN desfiliado deve quitar para se refiliar ao Sindicato. A proposta do projeto de refinanciamento \u00e9 a de que o procurador da Fazenda Nacional interessado em voltar aos quadros de associados possa parcelar o d\u00e9bito em presta\u00e7\u00f5es mensais no valor m\u00ednimo de R$ 50.\r\n\r\nOs interessados em aderir ao programa devem enviar a solicita\u00e7\u00e3o de refilia\u00e7\u00e3o e de parcelamento para o e-mail <a href=\"mailto:financeiro@sinprofaz.org.br\" rel=\"noopener\" target=\"_blank\">financeiro@sinprofaz.org.br<\/a> ou entrar em contato pelos telefones (61) 3964-1218\/1215. O ped\u00e1gio est\u00e1 previsto no Estatuto do SINPROFAZ, de acordo com o qual o filiado que se desliga do Sindicato voluntariamente deve, ao retornar, pagar as contribui\u00e7\u00f5es ordin\u00e1rias relativas ao per\u00edodo de seu afastamento.","_links":{"self":[{"href":"https:\/\/sinprofaz.org.br\/2024\/wp-json\/wp\/v2\/posts\/7984"}],"collection":[{"href":"https:\/\/sinprofaz.org.br\/2024\/wp-json\/wp\/v2\/posts"}],"about":[{"href":"https:\/\/sinprofaz.org.br\/2024\/wp-json\/wp\/v2\/types\/post"}],"author":[{"embeddable":true,"href":"https:\/\/sinprofaz.org.br\/2024\/wp-json\/wp\/v2\/users\/2"}],"replies":[{"embeddable":true,"href":"https:\/\/sinprofaz.org.br\/2024\/wp-json\/wp\/v2\/comments?post=7984"}],"version-history":[{"count":1,"href":"https:\/\/sinprofaz.org.br\/2024\/wp-json\/wp\/v2\/posts\/7984\/revisions"}],"predecessor-version":[{"id":7985,"href":"https:\/\/sinprofaz.org.br\/2024\/wp-json\/wp\/v2\/posts\/7984\/revisions\/7985"}],"wp:featuredmedia":[{"embeddable":true,"href":"https:\/\/sinprofaz.org.br\/2024\/wp-json\/wp\/v2\/media\/2626"}],"wp:attachment":[{"href":"https:\/\/sinprofaz.org.br\/2024\/wp-json\/wp\/v2\/media?parent=7984"}],"wp:term":[{"taxonomy":"category","embeddable":true,"href":"https:\/\/sinprofaz.org.br\/2024\/wp-json\/wp\/v2\/categories?post=7984"},{"taxonomy":"post_tag","embeddable":true,"href":"https:\/\/sinprofaz.org.br\/2024\/wp-json\/wp\/v2\/tags?post=7984"}],"curies":[{"name":"wp","href":"https:\/\/api.w.org\/{rel}","templated":true}]}}