{"id":7934,"date":"2018-03-27T17:53:09","date_gmt":"2018-03-27T17:53:09","guid":{"rendered":"http:\/\/www.sinprofaz.org.br\/?p=7934"},"modified":"2018-03-27T20:53:51","modified_gmt":"2018-03-27T20:53:51","slug":"sinprofaz-faz-alteracoes-no-mailing-da-revista-justica-fiscal","status":"publish","type":"post","link":"https:\/\/sinprofaz.org.br\/2024\/noticias\/sinprofaz-faz-alteracoes-no-mailing-da-revista-justica-fiscal\/","title":{"rendered":"SINPROFAZ FAZ ALTERA\u00c7\u00d5ES NO MAILING DA REVISTA JUSTI\u00c7A FISCAL"},"content":{"rendered":"<p>A efici\u00eancia no emprego dos recursos financeiros foi pauta das reuni\u00f5es realizadas na \u00faltima semana entre os diretores e os delegados do SINPROFAZ. Visando a redu\u00e7\u00e3o dos gastos, foi deliberado que a distribui\u00e7\u00e3o da Revista Justi\u00e7a Fiscal, editada a cada quatro meses, sofrer\u00e1 altera\u00e7\u00f5es: os associados que n\u00e3o t\u00eam interesse em receber a vers\u00e3o impressa da publica\u00e7\u00e3o em suas resid\u00eancias devem solicitar a retirada de seus nomes do mailing.<\/p>\n<p>O exemplar f\u00edsico da Revista Justi\u00e7a Fiscal continuar\u00e1 sendo enviada a todos os filiados aposentados. Por sua vez, os filiados ativos que optarem por acessar a \u00edntegra da publica\u00e7\u00e3o apenas em sua vers\u00e3o digital, a ser disponibilizada no site do Sindicato, devem enviar e-mail para administrativo@sinprofaz.org.br solicitando a remo\u00e7\u00e3o de seus cadastros. A medida j\u00e1 vale para a pr\u00f3xima edi\u00e7\u00e3o da Revista, cuja distribui\u00e7\u00e3o est\u00e1 programada para o m\u00eas de abril.<\/p>\n<p>Pretendendo a redu\u00e7\u00e3o da tiragem da Revista e a economia para o SINPROFAZ, o Sindicato far\u00e1 ainda uma an\u00e1lise dos \u00f3rg\u00e3os p\u00fablicos que, atualmente, recebem a vers\u00e3o impressa da publica\u00e7\u00e3o e uma sele\u00e7\u00e3o daqueles para os quais o envio ser\u00e1 interrompido.<\/p>\n","protected":false},"excerpt":{"rendered":"<p>A efici\u00eancia no emprego dos recursos financeiros foi pauta das reuni\u00f5es realizadas entre os diretores e os delegados. Visando a redu\u00e7\u00e3o dos gastos, foi deliberado que a distribui\u00e7\u00e3o da Revista Justi\u00e7a Fiscal sofrer\u00e1 altera\u00e7\u00f5es.<\/p>\n","protected":false},"author":2,"featured_media":7935,"comment_status":"open","ping_status":"open","sticky":false,"template":"","format":"standard","meta":{"footnotes":""},"categories":[8],"tags":[41,32,25],"featured_image_url":"https:\/\/sinprofaz.org.br\/2024\/wp-content\/uploads\/2018\/03\/0118.jpg","character_count":599,"formatted_date":"27\/03\/2018 - 17:53","contentNovo":"<p>A efici\u00eancia no emprego dos recursos financeiros foi pauta das reuni\u00f5es realizadas na \u00faltima semana entre os diretores e os delegados do SINPROFAZ. Visando a redu\u00e7\u00e3o dos gastos, foi deliberado que a distribui\u00e7\u00e3o da Revista Justi\u00e7a Fiscal, editada a cada quatro meses, sofrer\u00e1 altera\u00e7\u00f5es: os associados que n\u00e3o t\u00eam interesse em receber a vers\u00e3o impressa da publica\u00e7\u00e3o em suas resid\u00eancias devem solicitar a retirada de seus nomes do mailing.<\/p>\r\n\r\n<p>O exemplar f\u00edsico da Revista Justi\u00e7a Fiscal continuar\u00e1 sendo enviada a todos os filiados aposentados. Por sua vez, os filiados ativos que optarem por acessar a \u00edntegra da publica\u00e7\u00e3o apenas em sua vers\u00e3o digital, a ser disponibilizada no site do Sindicato, devem enviar e-mail para administrativo@sinprofaz.org.br solicitando a remo\u00e7\u00e3o de seus cadastros. A medida j\u00e1 vale para a pr\u00f3xima edi\u00e7\u00e3o da Revista, cuja distribui\u00e7\u00e3o est\u00e1 programada para o m\u00eas de abril.<\/p>\r\n\r\n<p>Pretendendo a redu\u00e7\u00e3o da tiragem da Revista e a economia para o SINPROFAZ, o Sindicato far\u00e1 ainda uma an\u00e1lise dos \u00f3rg\u00e3os p\u00fablicos que, atualmente, recebem a vers\u00e3o impressa da publica\u00e7\u00e3o e uma sele\u00e7\u00e3o daqueles para os quais o envio ser\u00e1 interrompido.<\/p>","_links":{"self":[{"href":"https:\/\/sinprofaz.org.br\/2024\/wp-json\/wp\/v2\/posts\/7934"}],"collection":[{"href":"https:\/\/sinprofaz.org.br\/2024\/wp-json\/wp\/v2\/posts"}],"about":[{"href":"https:\/\/sinprofaz.org.br\/2024\/wp-json\/wp\/v2\/types\/post"}],"author":[{"embeddable":true,"href":"https:\/\/sinprofaz.org.br\/2024\/wp-json\/wp\/v2\/users\/2"}],"replies":[{"embeddable":true,"href":"https:\/\/sinprofaz.org.br\/2024\/wp-json\/wp\/v2\/comments?post=7934"}],"version-history":[{"count":1,"href":"https:\/\/sinprofaz.org.br\/2024\/wp-json\/wp\/v2\/posts\/7934\/revisions"}],"predecessor-version":[{"id":7936,"href":"https:\/\/sinprofaz.org.br\/2024\/wp-json\/wp\/v2\/posts\/7934\/revisions\/7936"}],"wp:featuredmedia":[{"embeddable":true,"href":"https:\/\/sinprofaz.org.br\/2024\/wp-json\/wp\/v2\/media\/7935"}],"wp:attachment":[{"href":"https:\/\/sinprofaz.org.br\/2024\/wp-json\/wp\/v2\/media?parent=7934"}],"wp:term":[{"taxonomy":"category","embeddable":true,"href":"https:\/\/sinprofaz.org.br\/2024\/wp-json\/wp\/v2\/categories?post=7934"},{"taxonomy":"post_tag","embeddable":true,"href":"https:\/\/sinprofaz.org.br\/2024\/wp-json\/wp\/v2\/tags?post=7934"}],"curies":[{"name":"wp","href":"https:\/\/api.w.org\/{rel}","templated":true}]}}