{"id":7930,"date":"2018-03-27T13:34:40","date_gmt":"2018-03-27T13:34:40","guid":{"rendered":"http:\/\/www.sinprofaz.org.br\/?p=7930"},"modified":"2018-03-27T17:53:35","modified_gmt":"2018-03-27T17:53:35","slug":"resolucao-da-assembleia-geral-do-sinprofaz-sobre-o-saj","status":"publish","type":"post","link":"https:\/\/sinprofaz.org.br\/2024\/noticias\/resolucao-da-assembleia-geral-do-sinprofaz-sobre-o-saj\/","title":{"rendered":"RESOLU\u00c7\u00c3O DA ASSEMBLEIA GERAL DO SINPROFAZ SOBRE O SAJ"},"content":{"rendered":"<p>Em face da vota\u00e7\u00e3o do item 8 pautado na AGO do SINPROFAZ, o qual, aprovado, disciplinou a n\u00e3o obrigatoriedade de alimenta\u00e7\u00e3o do SAJ por parte dos Procuradores da Fazenda Nacional, a Assembleia Geral definiu por unanimidade:<\/p>\n<p>1 &#8211; Repudiar qualquer transfer\u00eancia de trabalho administrativo por meio do SAJ aos Procuradores da Fazenda Nacional;<\/p>\n<p>2 &#8211; Recomendar que a Diretoria do SINPROFAZ institua uma comiss\u00e3o que colete sugest\u00f5es para aperfei\u00e7oamento e simplifica\u00e7\u00e3o de atua\u00e7\u00e3o no SAJ;<\/p>\n<p>3 &#8211; Recomendar que o SINPROFAZ oriente a Diretoria Jur\u00eddica para que construa um sistema de defesa em face de eventuais atos de controle administrativo por falhas no preenchimento do SAJ.<\/p>\n<p>Registra-se que o &#8220;reconhecimento da n\u00e3o obrigatoriedade de alimenta\u00e7\u00e3o do SAJ por parte dos Procuradores da Fazenda Nacional&#8221; foi item aprovado na AGO 2018 com 427 votos favor\u00e1veis, 76 desfavor\u00e1veis e 30 absten\u00e7\u00f5es.<\/p>\n","protected":false},"excerpt":{"rendered":"<p>Em face da vota\u00e7\u00e3o do item 8 pautado na AGO do SINPROFAZ, o qual, aprovado, disciplinou a n\u00e3o obrigatoriedade de alimenta\u00e7\u00e3o do SAJ por parte dos Procuradores da Fazenda Nacional, a Assembleia Geral definiu tr\u00eas resolu\u00e7\u00f5es.<\/p>\n","protected":false},"author":2,"featured_media":2626,"comment_status":"open","ping_status":"open","sticky":false,"template":"","format":"standard","meta":{"footnotes":""},"categories":[8],"tags":[41,32,25],"featured_image_url":"https:\/\/sinprofaz.org.br\/2024\/wp-content\/uploads\/2016\/01\/logo-sinprofaz.jpg","character_count":470,"formatted_date":"27\/03\/2018 - 13:34","contentNovo":"<p>Em face da vota\u00e7\u00e3o do item 8 pautado na AGO do SINPROFAZ, o qual, aprovado, disciplinou a n\u00e3o obrigatoriedade de alimenta\u00e7\u00e3o do SAJ por parte dos Procuradores da Fazenda Nacional, a Assembleia Geral definiu por unanimidade:<\/p>\r\n\r\n<p>1 - Repudiar qualquer transfer\u00eancia de trabalho administrativo por meio do SAJ aos Procuradores da Fazenda Nacional;<\/p>\r\n\r\n<p>2 - Recomendar que a Diretoria do SINPROFAZ institua uma comiss\u00e3o que colete sugest\u00f5es para aperfei\u00e7oamento e simplifica\u00e7\u00e3o de atua\u00e7\u00e3o no SAJ;<\/p>\r\n\r\n<p>3 - Recomendar que o SINPROFAZ oriente a Diretoria Jur\u00eddica para que construa um sistema de defesa em face de eventuais atos de controle administrativo por falhas no preenchimento do SAJ.<\/p>\r\n\r\n<p>Registra-se que o \"reconhecimento da n\u00e3o obrigatoriedade de alimenta\u00e7\u00e3o do SAJ por parte dos Procuradores da Fazenda Nacional\" foi item aprovado na AGO 2018 com 427 votos favor\u00e1veis, 76 desfavor\u00e1veis e 30 absten\u00e7\u00f5es.<\/p>","_links":{"self":[{"href":"https:\/\/sinprofaz.org.br\/2024\/wp-json\/wp\/v2\/posts\/7930"}],"collection":[{"href":"https:\/\/sinprofaz.org.br\/2024\/wp-json\/wp\/v2\/posts"}],"about":[{"href":"https:\/\/sinprofaz.org.br\/2024\/wp-json\/wp\/v2\/types\/post"}],"author":[{"embeddable":true,"href":"https:\/\/sinprofaz.org.br\/2024\/wp-json\/wp\/v2\/users\/2"}],"replies":[{"embeddable":true,"href":"https:\/\/sinprofaz.org.br\/2024\/wp-json\/wp\/v2\/comments?post=7930"}],"version-history":[{"count":3,"href":"https:\/\/sinprofaz.org.br\/2024\/wp-json\/wp\/v2\/posts\/7930\/revisions"}],"predecessor-version":[{"id":7933,"href":"https:\/\/sinprofaz.org.br\/2024\/wp-json\/wp\/v2\/posts\/7930\/revisions\/7933"}],"wp:featuredmedia":[{"embeddable":true,"href":"https:\/\/sinprofaz.org.br\/2024\/wp-json\/wp\/v2\/media\/2626"}],"wp:attachment":[{"href":"https:\/\/sinprofaz.org.br\/2024\/wp-json\/wp\/v2\/media?parent=7930"}],"wp:term":[{"taxonomy":"category","embeddable":true,"href":"https:\/\/sinprofaz.org.br\/2024\/wp-json\/wp\/v2\/categories?post=7930"},{"taxonomy":"post_tag","embeddable":true,"href":"https:\/\/sinprofaz.org.br\/2024\/wp-json\/wp\/v2\/tags?post=7930"}],"curies":[{"name":"wp","href":"https:\/\/api.w.org\/{rel}","templated":true}]}}