{"id":7926,"date":"2018-03-26T18:00:33","date_gmt":"2018-03-26T18:00:33","guid":{"rendered":"http:\/\/www.sinprofaz.org.br\/?p=7926"},"modified":"2018-03-27T17:53:44","modified_gmt":"2018-03-27T17:53:44","slug":"procuradoria-geral-da-fazenda-nacional-divulga-pgfn-em-numeros","status":"publish","type":"post","link":"https:\/\/sinprofaz.org.br\/2024\/noticias\/procuradoria-geral-da-fazenda-nacional-divulga-pgfn-em-numeros\/","title":{"rendered":"PROCURADORIA-GERAL DA FAZENDA NACIONAL DIVULGA &#8220;PGFN EM N\u00daMEROS&#8221;"},"content":{"rendered":"<p>A Procuradoria-Geral da Fazenda Nacional divulgou o &#8220;PGFN em N\u00fameros&#8221;, relat\u00f3rio anual que revela o quanto a Institui\u00e7\u00e3o colaborou com o pa\u00eds mediante a gest\u00e3o da d\u00edvida ativa da Uni\u00e3o, a representa\u00e7\u00e3o judicial e extrajudicial e a consultoria jur\u00eddica. De acordo com o documento, em 2017, atingiu-se recorde hist\u00f3rico de R$ 26 bilh\u00f5es recuperados em favor da Uni\u00e3o e do FGTS e evitou-se perdas superiores a R$ 600 bilh\u00f5es.<\/p>\n<p>O &#8220;PGFN em N\u00fameros&#8221; demonstra que a recupera\u00e7\u00e3o de cr\u00e9ditos contou com incremento de 75,4% em rela\u00e7\u00e3o a 2016, o que pode ser atribu\u00eddo \u00e0 utiliza\u00e7\u00e3o de novas estrat\u00e9gias de cobran\u00e7a no \u00e2mbito do Regime Diferenciado de Cobran\u00e7a de Cr\u00e9ditos &#8211; RDCC, \u00e0 introdu\u00e7\u00e3o da sistem\u00e1tica de remunera\u00e7\u00e3o por performance e \u00e0 exig\u00eancia do pagamento \u00e0 vista de at\u00e9 20% da d\u00edvida, sem descontos, para ades\u00e3o ao Programa Especial de Regulariza\u00e7\u00e3o Tribut\u00e1ria &#8211; Pert.<\/p>\n<p>Para consultar a \u00edntegra do relat\u00f3rio, acesse: <a href=\"http:\/\/goo.gl\/CPdusm\" target=\"_blank\" rel=\"noopener\">goo.gl\/CPdusm<\/a><\/p>\n","protected":false},"excerpt":{"rendered":"<p>A Procuradoria-Geral da Fazenda Nacional divulgou o &#8220;PGFN em N\u00fameros&#8221;, relat\u00f3rio que revela o quanto a Institui\u00e7\u00e3o colaborou com o pa\u00eds mediante a gest\u00e3o da d\u00edvida ativa, a representa\u00e7\u00e3o judicial e extrajudicial e a consultoria jur\u00eddica.<\/p>\n","protected":false},"author":2,"featured_media":7927,"comment_status":"open","ping_status":"open","sticky":false,"template":"","format":"standard","meta":{"footnotes":""},"categories":[8],"tags":[32,44,25],"featured_image_url":"https:\/\/sinprofaz.org.br\/2024\/wp-content\/uploads\/2018\/03\/0117-500x198.jpg","character_count":507,"formatted_date":"26\/03\/2018 - 18:00","contentNovo":"<p>A Procuradoria-Geral da Fazenda Nacional divulgou o \"PGFN em N\u00fameros\", relat\u00f3rio anual que revela o quanto a Institui\u00e7\u00e3o colaborou com o pa\u00eds mediante a gest\u00e3o da d\u00edvida ativa da Uni\u00e3o, a representa\u00e7\u00e3o judicial e extrajudicial e a consultoria jur\u00eddica. De acordo com o documento, em 2017, atingiu-se recorde hist\u00f3rico de R$ 26 bilh\u00f5es recuperados em favor da Uni\u00e3o e do FGTS e evitou-se perdas superiores a R$ 600 bilh\u00f5es.<\/p><p>O \"PGFN em N\u00fameros\" demonstra que a recupera\u00e7\u00e3o de cr\u00e9ditos contou com incremento de 75,4% em rela\u00e7\u00e3o a 2016, o que pode ser atribu\u00eddo \u00e0 utiliza\u00e7\u00e3o de novas estrat\u00e9gias de cobran\u00e7a no \u00e2mbito do Regime Diferenciado de Cobran\u00e7a de Cr\u00e9ditos - RDCC, \u00e0 introdu\u00e7\u00e3o da sistem\u00e1tica de remunera\u00e7\u00e3o por performance e \u00e0 exig\u00eancia do pagamento \u00e0 vista de at\u00e9 20% da d\u00edvida, sem descontos, para ades\u00e3o ao Programa Especial de Regulariza\u00e7\u00e3o Tribut\u00e1ria - Pert.<\/p><p>Para consultar a \u00edntegra do relat\u00f3rio, acesse: <a href=\"http:\/\/goo.gl\/CPdusm\" target=\"_blank\" rel=\"noopener\">goo.gl\/CPdusm<\/a><\/p>","_links":{"self":[{"href":"https:\/\/sinprofaz.org.br\/2024\/wp-json\/wp\/v2\/posts\/7926"}],"collection":[{"href":"https:\/\/sinprofaz.org.br\/2024\/wp-json\/wp\/v2\/posts"}],"about":[{"href":"https:\/\/sinprofaz.org.br\/2024\/wp-json\/wp\/v2\/types\/post"}],"author":[{"embeddable":true,"href":"https:\/\/sinprofaz.org.br\/2024\/wp-json\/wp\/v2\/users\/2"}],"replies":[{"embeddable":true,"href":"https:\/\/sinprofaz.org.br\/2024\/wp-json\/wp\/v2\/comments?post=7926"}],"version-history":[{"count":2,"href":"https:\/\/sinprofaz.org.br\/2024\/wp-json\/wp\/v2\/posts\/7926\/revisions"}],"predecessor-version":[{"id":7929,"href":"https:\/\/sinprofaz.org.br\/2024\/wp-json\/wp\/v2\/posts\/7926\/revisions\/7929"}],"wp:featuredmedia":[{"embeddable":true,"href":"https:\/\/sinprofaz.org.br\/2024\/wp-json\/wp\/v2\/media\/7927"}],"wp:attachment":[{"href":"https:\/\/sinprofaz.org.br\/2024\/wp-json\/wp\/v2\/media?parent=7926"}],"wp:term":[{"taxonomy":"category","embeddable":true,"href":"https:\/\/sinprofaz.org.br\/2024\/wp-json\/wp\/v2\/categories?post=7926"},{"taxonomy":"post_tag","embeddable":true,"href":"https:\/\/sinprofaz.org.br\/2024\/wp-json\/wp\/v2\/tags?post=7926"}],"curies":[{"name":"wp","href":"https:\/\/api.w.org\/{rel}","templated":true}]}}