{"id":7900,"date":"2018-03-21T17:12:04","date_gmt":"2018-03-21T17:12:04","guid":{"rendered":"http:\/\/www.sinprofaz.org.br\/?p=7900"},"modified":"2018-03-22T11:59:11","modified_gmt":"2018-03-22T11:59:11","slug":"debate-politico-norteia-reuniao-com-senador-paulo-paim","status":"publish","type":"post","link":"https:\/\/sinprofaz.org.br\/2024\/noticias\/debate-politico-norteia-reuniao-com-senador-paulo-paim\/","title":{"rendered":"DEBATE POL\u00cdTICO NORTEIA REUNI\u00c3O COM SENADOR PAULO PAIM"},"content":{"rendered":"<p>O SINPROFAZ, representado pelo presidente Achilles Frias, compareceu ontem (20) a reuni\u00e3o na sede da Associa\u00e7\u00e3o Nacional dos Auditores Fiscais da Receita Federal do Brasil &#8211; ANFIP, em Bras\u00edlia\/DF. O encontro, conduzido pelo senador Paulo Paim (PT\/RS), contou com dirigentes de diversas entidades de classe, que debateram a necessidade da elei\u00e7\u00e3o de representantes comprometidos com o Estado brasileiro e, por conseguinte, com o servi\u00e7o p\u00fablico.<\/p>\n<p>Em fala aos presentes, Achilles Frias exp\u00f4s os riscos da elei\u00e7\u00e3o de um Congresso conservador, que represente interesses diversos aos do trabalhador: &#8220;Vivemos quase que em um Estado de exce\u00e7\u00e3o, de priva\u00e7\u00e3o da liberdade, reformas ileg\u00edtimas, ufanismo, militariza\u00e7\u00e3o. Tudo isso \u00e9 extremamente preocupante. Enquanto servidores que sofrem ataque do pr\u00f3prio Governo, devemos preservar a mem\u00f3ria dos tempos pol\u00edticos em que o servi\u00e7o p\u00fablico era massacrado, e impedir, nas elei\u00e7\u00f5es, o retorno daquele cen\u00e1rio&#8221;.<\/p>\n<p>Na oportunidade, Paulo Paim lembrou os v\u00eddeos, viralizados nas redes sociais, em que o presidente do SINPROFAZ denunciou a fal\u00e1cia da reforma da Previd\u00eancia, os d\u00e9bitos de parlamentares e grandes corpora\u00e7\u00f5es com a Uni\u00e3o e as benesses dos Refis. Alinhado ao discurso de Achilles Frias, o senador fez reflex\u00f5es sobre o atual quadro pol\u00edtico e ressaltou a import\u00e2ncia de se manter a mobiliza\u00e7\u00e3o contra os abusos da reforma da Previd\u00eancia, que deve voltar \u00e0 pauta do Congresso Nacional no pr\u00f3ximo ano.<\/p>\n\n\t\t<style type=\"text\/css\">\n\t\t\t#gallery-1 {\n\t\t\t\tmargin: auto;\n\t\t\t}\n\t\t\t#gallery-1 .gallery-item {\n\t\t\t\tfloat: left;\n\t\t\t\tmargin-top: 10px;\n\t\t\t\ttext-align: center;\n\t\t\t\twidth: 33%;\n\t\t\t}\n\t\t\t#gallery-1 img {\n\t\t\t\tborder: 2px solid #cfcfcf;\n\t\t\t}\n\t\t\t#gallery-1 .gallery-caption {\n\t\t\t\tmargin-left: 0;\n\t\t\t}\n\t\t\t\/* see gallery_shortcode() in wp-includes\/media.php *\/\n\t\t<\/style>\n\t\t<div id='gallery-1' class='gallery galleryid-7900 gallery-columns-3 gallery-size-thumbnail'><dl class='gallery-item'>\n\t\t\t<dt class='gallery-icon landscape'>\n\t\t\t\t<a href='https:\/\/sinprofaz.org.br\/2024\/wp-content\/uploads\/2018\/03\/029.jpg'><img loading=\"lazy\" decoding=\"async\" width=\"150\" height=\"150\" src=\"https:\/\/sinprofaz.org.br\/2024\/wp-content\/uploads\/2018\/03\/029-150x150.jpg\" class=\"attachment-thumbnail size-thumbnail\" alt=\"\" \/><\/a>\n\t\t\t<\/dt><\/dl><dl class='gallery-item'>\n\t\t\t<dt class='gallery-icon landscape'>\n\t\t\t\t<a href='https:\/\/sinprofaz.org.br\/2024\/wp-content\/uploads\/2018\/03\/036.jpg'><img loading=\"lazy\" decoding=\"async\" width=\"150\" height=\"150\" src=\"https:\/\/sinprofaz.org.br\/2024\/wp-content\/uploads\/2018\/03\/036-150x150.jpg\" class=\"attachment-thumbnail size-thumbnail\" alt=\"\" \/><\/a>\n\t\t\t<\/dt><\/dl><dl class='gallery-item'>\n\t\t\t<dt class='gallery-icon landscape'>\n\t\t\t\t<a href='https:\/\/sinprofaz.org.br\/2024\/wp-content\/uploads\/2018\/03\/044.jpg'><img loading=\"lazy\" decoding=\"async\" width=\"150\" height=\"150\" src=\"https:\/\/sinprofaz.org.br\/2024\/wp-content\/uploads\/2018\/03\/044-150x150.jpg\" class=\"attachment-thumbnail size-thumbnail\" alt=\"\" \/><\/a>\n\t\t\t<\/dt><\/dl><br style=\"clear: both\" \/>\n\t\t<\/div>\n\n","protected":false},"excerpt":{"rendered":"<p>O encontro, conduzido pelo senador, contou com dirigentes de diversas entidades de classe, que debateram a necessidade da elei\u00e7\u00e3o de representantes comprometidos com o Estado e, por conseguinte, com o servi\u00e7o p\u00fablico.<\/p>\n","protected":false},"author":2,"featured_media":7901,"comment_status":"open","ping_status":"open","sticky":false,"template":"","format":"standard","meta":{"footnotes":""},"categories":[8],"tags":[93,23,25],"featured_image_url":"https:\/\/sinprofaz.org.br\/2024\/wp-content\/uploads\/2018\/03\/0114-800x198.jpg","character_count":943,"formatted_date":"21\/03\/2018 - 17:12","contentNovo":"O SINPROFAZ, representado pelo presidente Achilles Frias, compareceu ontem (20) a reuni\u00e3o na sede da Associa\u00e7\u00e3o Nacional dos Auditores Fiscais da Receita Federal do Brasil - ANFIP, em Bras\u00edlia\/DF. O encontro, conduzido pelo senador Paulo Paim (PT\/RS), contou com dirigentes de diversas entidades de classe, que debateram a necessidade da elei\u00e7\u00e3o de representantes comprometidos com o Estado brasileiro e, por conseguinte, com o servi\u00e7o p\u00fablico.\r\n\r\nEm fala aos presentes, Achilles Frias exp\u00f4s os riscos da elei\u00e7\u00e3o de um Congresso conservador, que represente interesses diversos aos do trabalhador: \"Vivemos quase que em um Estado de exce\u00e7\u00e3o, de priva\u00e7\u00e3o da liberdade, reformas ileg\u00edtimas, ufanismo, militariza\u00e7\u00e3o. Tudo isso \u00e9 extremamente preocupante. Enquanto servidores que sofrem ataque do pr\u00f3prio Governo, devemos preservar a mem\u00f3ria dos tempos pol\u00edticos em que o servi\u00e7o p\u00fablico era massacrado, e impedir, nas elei\u00e7\u00f5es, o retorno daquele cen\u00e1rio\".\r\n\r\nNa oportunidade, Paulo Paim lembrou os v\u00eddeos, viralizados nas redes sociais, em que o presidente do SINPROFAZ denunciou a fal\u00e1cia da reforma da Previd\u00eancia, os d\u00e9bitos de parlamentares e grandes corpora\u00e7\u00f5es com a Uni\u00e3o e as benesses dos Refis. Alinhado ao discurso de Achilles Frias, o senador fez reflex\u00f5es sobre o atual quadro pol\u00edtico e ressaltou a import\u00e2ncia de se manter a mobiliza\u00e7\u00e3o contra os abusos da reforma da Previd\u00eancia, que deve voltar \u00e0 pauta do Congresso Nacional no pr\u00f3ximo ano.\r\n\r\n[gallery link=\"file\" ids=\"7904,7903,7902\"]\r\n","_links":{"self":[{"href":"https:\/\/sinprofaz.org.br\/2024\/wp-json\/wp\/v2\/posts\/7900"}],"collection":[{"href":"https:\/\/sinprofaz.org.br\/2024\/wp-json\/wp\/v2\/posts"}],"about":[{"href":"https:\/\/sinprofaz.org.br\/2024\/wp-json\/wp\/v2\/types\/post"}],"author":[{"embeddable":true,"href":"https:\/\/sinprofaz.org.br\/2024\/wp-json\/wp\/v2\/users\/2"}],"replies":[{"embeddable":true,"href":"https:\/\/sinprofaz.org.br\/2024\/wp-json\/wp\/v2\/comments?post=7900"}],"version-history":[{"count":1,"href":"https:\/\/sinprofaz.org.br\/2024\/wp-json\/wp\/v2\/posts\/7900\/revisions"}],"predecessor-version":[{"id":7905,"href":"https:\/\/sinprofaz.org.br\/2024\/wp-json\/wp\/v2\/posts\/7900\/revisions\/7905"}],"wp:featuredmedia":[{"embeddable":true,"href":"https:\/\/sinprofaz.org.br\/2024\/wp-json\/wp\/v2\/media\/7901"}],"wp:attachment":[{"href":"https:\/\/sinprofaz.org.br\/2024\/wp-json\/wp\/v2\/media?parent=7900"}],"wp:term":[{"taxonomy":"category","embeddable":true,"href":"https:\/\/sinprofaz.org.br\/2024\/wp-json\/wp\/v2\/categories?post=7900"},{"taxonomy":"post_tag","embeddable":true,"href":"https:\/\/sinprofaz.org.br\/2024\/wp-json\/wp\/v2\/tags?post=7900"}],"curies":[{"name":"wp","href":"https:\/\/api.w.org\/{rel}","templated":true}]}}