{"id":7897,"date":"2018-03-20T16:51:57","date_gmt":"2018-03-20T16:51:57","guid":{"rendered":"http:\/\/www.sinprofaz.org.br\/?p=7897"},"modified":"2018-03-22T11:59:18","modified_gmt":"2018-03-22T11:59:18","slug":"portaria-da-pgfn-e-tema-de-audiencia-publica-em-sao-paulo","status":"publish","type":"post","link":"https:\/\/sinprofaz.org.br\/2024\/noticias\/portaria-da-pgfn-e-tema-de-audiencia-publica-em-sao-paulo\/","title":{"rendered":"PORTARIA DA PGFN \u00c9 TEMA DE AUDI\u00caNCIA P\u00daBLICA EM S\u00c3O PAULO"},"content":{"rendered":"<p>No pr\u00f3ximo dia 5 de abril, a Procuradoria-Geral da Fazenda Nacional realiza audi\u00eancia p\u00fablica para discuss\u00e3o a respeito dos procedimentos estabelecidos por meio da Portaria PGFN n\u00ba 33, de 8 de fevereiro de 2018. A Portaria regulamenta os artigos 20-B e 20-C da Lei n\u00ba 10.522\/2002, tais como o encaminhamento de d\u00e9bitos para inscri\u00e7\u00e3o em d\u00edvida ativa da Uni\u00e3o e os crit\u00e9rios para pedidos de revis\u00e3o de d\u00edvida, oferta antecipada de bens e direitos \u00e0 penhora e ajuizamento seletivo de execu\u00e7\u00f5es fiscais.<\/p>\n<p>O objetivo da audi\u00eancia \u00e9 receber sugest\u00f5es e contribui\u00e7\u00f5es dos interessados no assunto: magistrados, advogados p\u00fablicos e privados, promotores e procuradores de Justi\u00e7a e demais profissionais que exercem fun\u00e7\u00f5es essenciais \u00e0 Justi\u00e7a. O debate, a ser realizado na cidade de S\u00e3o Paulo\/SP, ser\u00e1 filmado e disponibilizado nos sites da PGFN e da Escola da AGU. Aqueles que desejarem enviar sugest\u00f5es ou contribui\u00e7\u00f5es ao texto da Portaria devem encaminhar seus apontamentos at\u00e9 dia 2 de abril para o e-mail <a href=\"mailto:inovadau@pgfn.gov.br\" rel=\"noopener\" target=\"_blank\">inovadau@pgfn.gov.br<\/a>.<\/p>\n","protected":false},"excerpt":{"rendered":"<p>No pr\u00f3ximo dia 5 de abril, em S\u00e3o Paulo\/SP, a Procuradoria-Geral da Fazenda Nacional realiza audi\u00eancia p\u00fablica para discuss\u00e3o a respeito dos procedimentos estabelecidos por meio da Portaria PGFN n\u00ba 33, de 8 de fevereiro de 2018.<\/p>\n","protected":false},"author":2,"featured_media":7898,"comment_status":"open","ping_status":"open","sticky":false,"template":"","format":"standard","meta":{"footnotes":""},"categories":[8],"tags":[32,44],"featured_image_url":"https:\/\/sinprofaz.org.br\/2024\/wp-content\/uploads\/2018\/03\/pgfn.jpg","character_count":530,"formatted_date":"20\/03\/2018 - 16:51","contentNovo":"No pr\u00f3ximo dia 5 de abril, a Procuradoria-Geral da Fazenda Nacional realiza audi\u00eancia p\u00fablica para discuss\u00e3o a respeito dos procedimentos estabelecidos por meio da Portaria PGFN n\u00ba 33, de 8 de fevereiro de 2018. A Portaria regulamenta os artigos 20-B e 20-C da Lei n\u00ba 10.522\/2002, tais como o encaminhamento de d\u00e9bitos para inscri\u00e7\u00e3o em d\u00edvida ativa da Uni\u00e3o e os crit\u00e9rios para pedidos de revis\u00e3o de d\u00edvida, oferta antecipada de bens e direitos \u00e0 penhora e ajuizamento seletivo de execu\u00e7\u00f5es fiscais.\r\n\r\nO objetivo da audi\u00eancia \u00e9 receber sugest\u00f5es e contribui\u00e7\u00f5es dos interessados no assunto: magistrados, advogados p\u00fablicos e privados, promotores e procuradores de Justi\u00e7a e demais profissionais que exercem fun\u00e7\u00f5es essenciais \u00e0 Justi\u00e7a. O debate, a ser realizado na cidade de S\u00e3o Paulo\/SP, ser\u00e1 filmado e disponibilizado nos sites da PGFN e da Escola da AGU. Aqueles que desejarem enviar sugest\u00f5es ou contribui\u00e7\u00f5es ao texto da Portaria devem encaminhar seus apontamentos at\u00e9 dia 2 de abril para o e-mail <a href=\"mailto:inovadau@pgfn.gov.br\" rel=\"noopener\" target=\"_blank\">inovadau@pgfn.gov.br<\/a>.","_links":{"self":[{"href":"https:\/\/sinprofaz.org.br\/2024\/wp-json\/wp\/v2\/posts\/7897"}],"collection":[{"href":"https:\/\/sinprofaz.org.br\/2024\/wp-json\/wp\/v2\/posts"}],"about":[{"href":"https:\/\/sinprofaz.org.br\/2024\/wp-json\/wp\/v2\/types\/post"}],"author":[{"embeddable":true,"href":"https:\/\/sinprofaz.org.br\/2024\/wp-json\/wp\/v2\/users\/2"}],"replies":[{"embeddable":true,"href":"https:\/\/sinprofaz.org.br\/2024\/wp-json\/wp\/v2\/comments?post=7897"}],"version-history":[{"count":1,"href":"https:\/\/sinprofaz.org.br\/2024\/wp-json\/wp\/v2\/posts\/7897\/revisions"}],"predecessor-version":[{"id":7899,"href":"https:\/\/sinprofaz.org.br\/2024\/wp-json\/wp\/v2\/posts\/7897\/revisions\/7899"}],"wp:featuredmedia":[{"embeddable":true,"href":"https:\/\/sinprofaz.org.br\/2024\/wp-json\/wp\/v2\/media\/7898"}],"wp:attachment":[{"href":"https:\/\/sinprofaz.org.br\/2024\/wp-json\/wp\/v2\/media?parent=7897"}],"wp:term":[{"taxonomy":"category","embeddable":true,"href":"https:\/\/sinprofaz.org.br\/2024\/wp-json\/wp\/v2\/categories?post=7897"},{"taxonomy":"post_tag","embeddable":true,"href":"https:\/\/sinprofaz.org.br\/2024\/wp-json\/wp\/v2\/tags?post=7897"}],"curies":[{"name":"wp","href":"https:\/\/api.w.org\/{rel}","templated":true}]}}