{"id":7890,"date":"2018-03-16T00:00:27","date_gmt":"2018-03-16T00:00:27","guid":{"rendered":"http:\/\/www.sinprofaz.org.br\/?p=7890"},"modified":"2018-03-21T17:13:15","modified_gmt":"2018-03-21T17:13:15","slug":"sinprofaz-discute-parcerias-com-movimento-acorda-sociedade","status":"publish","type":"post","link":"https:\/\/sinprofaz.org.br\/2024\/noticias\/sinprofaz-discute-parcerias-com-movimento-acorda-sociedade\/","title":{"rendered":"SINPROFAZ DISCUTE PARCERIAS COM MOVIMENTO ACORDA SOCIEDADE"},"content":{"rendered":"<p>O SINPROFAZ, representado pelo presidente Achilles Frias, esteve reunido com o coordenador do Movimento Acorda Sociedade (MAS), Nery J\u00fanior. O encontro ocorreu na quarta-feira (14), na sede do SINPROFAZ, em Bras\u00edlia\/DF.<\/p>\n<p>Durante a reuni\u00e3o, o SINPROFAZ foi convidado a ingressar no projeto \u201cAgente de Mudan\u00e7a\u201d, que levar\u00e1 o debate sobre Previd\u00eancia Social para o ambiente acad\u00eamico. O intuito da iniciativa \u00e9 oferecer aos estudantes universit\u00e1rios mais informa\u00e7\u00f5es a respeito do tema previdenci\u00e1rio, aumentando, assim, a capacidade de mobiliza\u00e7\u00e3o social em torno do assunto.<\/p>\n\n\t\t<style type=\"text\/css\">\n\t\t\t#gallery-1 {\n\t\t\t\tmargin: auto;\n\t\t\t}\n\t\t\t#gallery-1 .gallery-item {\n\t\t\t\tfloat: left;\n\t\t\t\tmargin-top: 10px;\n\t\t\t\ttext-align: center;\n\t\t\t\twidth: 33%;\n\t\t\t}\n\t\t\t#gallery-1 img {\n\t\t\t\tborder: 2px solid #cfcfcf;\n\t\t\t}\n\t\t\t#gallery-1 .gallery-caption {\n\t\t\t\tmargin-left: 0;\n\t\t\t}\n\t\t\t\/* see gallery_shortcode() in wp-includes\/media.php *\/\n\t\t<\/style>\n\t\t<div id='gallery-1' class='gallery galleryid-7890 gallery-columns-3 gallery-size-thumbnail'><dl class='gallery-item'>\n\t\t\t<dt class='gallery-icon landscape'>\n\t\t\t\t<a href='https:\/\/sinprofaz.org.br\/2024\/wp-content\/uploads\/2018\/03\/028.jpg'><img loading=\"lazy\" decoding=\"async\" width=\"150\" height=\"150\" src=\"https:\/\/sinprofaz.org.br\/2024\/wp-content\/uploads\/2018\/03\/028-150x150.jpg\" class=\"attachment-thumbnail size-thumbnail\" alt=\"\" \/><\/a>\n\t\t\t<\/dt><\/dl>\n\t\t\t<br style='clear: both' \/>\n\t\t<\/div>\n\n","protected":false},"excerpt":{"rendered":"<p>O SINPROFAZ, representado pelo presidente Achilles Frias, esteve reunido com o coordenador do Movimento Acorda Sociedade (MAS), Nery J\u00fanior. O encontro ocorreu na quarta-feira (14), na sede do SINPROFAZ, em Bras\u00edlia\/DF.<\/p>\n","protected":false},"author":2,"featured_media":7892,"comment_status":"open","ping_status":"open","sticky":false,"template":"","format":"standard","meta":{"footnotes":""},"categories":[8],"tags":[32,77,25],"featured_image_url":"https:\/\/sinprofaz.org.br\/2024\/wp-content\/uploads\/2018\/03\/0112-800x198.jpg","character_count":474,"formatted_date":"16\/03\/2018 - 00:00","contentNovo":"<p>O SINPROFAZ, representado pelo presidente Achilles Frias, esteve reunido com o coordenador do Movimento Acorda Sociedade (MAS), Nery J\u00fanior. O encontro ocorreu na quarta-feira (14), na sede do SINPROFAZ, em Bras\u00edlia\/DF.<\/p><p>Durante a reuni\u00e3o, o SINPROFAZ foi convidado a ingressar no projeto \u201cAgente de Mudan\u00e7a\u201d, que levar\u00e1 o debate sobre Previd\u00eancia Social para o ambiente acad\u00eamico. O intuito da iniciativa \u00e9 oferecer aos estudantes universit\u00e1rios mais informa\u00e7\u00f5es a respeito do tema previdenci\u00e1rio, aumentando, assim, a capacidade de mobiliza\u00e7\u00e3o social em torno do assunto.<\/p>[gallery link=\"file\" ids=\"7891\"]","_links":{"self":[{"href":"https:\/\/sinprofaz.org.br\/2024\/wp-json\/wp\/v2\/posts\/7890"}],"collection":[{"href":"https:\/\/sinprofaz.org.br\/2024\/wp-json\/wp\/v2\/posts"}],"about":[{"href":"https:\/\/sinprofaz.org.br\/2024\/wp-json\/wp\/v2\/types\/post"}],"author":[{"embeddable":true,"href":"https:\/\/sinprofaz.org.br\/2024\/wp-json\/wp\/v2\/users\/2"}],"replies":[{"embeddable":true,"href":"https:\/\/sinprofaz.org.br\/2024\/wp-json\/wp\/v2\/comments?post=7890"}],"version-history":[{"count":1,"href":"https:\/\/sinprofaz.org.br\/2024\/wp-json\/wp\/v2\/posts\/7890\/revisions"}],"predecessor-version":[{"id":7893,"href":"https:\/\/sinprofaz.org.br\/2024\/wp-json\/wp\/v2\/posts\/7890\/revisions\/7893"}],"wp:featuredmedia":[{"embeddable":true,"href":"https:\/\/sinprofaz.org.br\/2024\/wp-json\/wp\/v2\/media\/7892"}],"wp:attachment":[{"href":"https:\/\/sinprofaz.org.br\/2024\/wp-json\/wp\/v2\/media?parent=7890"}],"wp:term":[{"taxonomy":"category","embeddable":true,"href":"https:\/\/sinprofaz.org.br\/2024\/wp-json\/wp\/v2\/categories?post=7890"},{"taxonomy":"post_tag","embeddable":true,"href":"https:\/\/sinprofaz.org.br\/2024\/wp-json\/wp\/v2\/tags?post=7890"}],"curies":[{"name":"wp","href":"https:\/\/api.w.org\/{rel}","templated":true}]}}