{"id":7882,"date":"2018-03-14T19:41:30","date_gmt":"2018-03-14T19:41:30","guid":{"rendered":"http:\/\/www.sinprofaz.org.br\/?p=7882"},"modified":"2018-03-15T19:08:04","modified_gmt":"2018-03-15T19:08:04","slug":"atuacao-no-congresso-nacional-e-discutida-em-reuniao-no-sinprofaz","status":"publish","type":"post","link":"https:\/\/sinprofaz.org.br\/2024\/noticias\/atuacao-no-congresso-nacional-e-discutida-em-reuniao-no-sinprofaz\/","title":{"rendered":"ATUA\u00c7\u00c3O NO CONGRESSO NACIONAL \u00c9 DISCUTIDA EM REUNI\u00c3O NO SINPROFAZ"},"content":{"rendered":"<p>O SINPROFAZ, representado por Rodrigo Mellet, reuniu-se na ter\u00e7a-feira (13) com a equipe de assessores parlamentares do Sindicato. Na ocasi\u00e3o, o diretor tomou conhecimento da situa\u00e7\u00e3o em que tramitam, no Congresso Nacional, as pautas de interesse dos associados.<\/p>\n<p>\nAo longo do encontro, foi discutida ainda a atua\u00e7\u00e3o estrat\u00e9gica necess\u00e1ria \u00e0 consolida\u00e7\u00e3o das prerrogativas recentemente conquistadas pela Carreira. A respeito dessa demanda, o SINPROFAZ decidiu atuar em conjunto com as demais entidades do Movimento Nacional pela Advocacia P\u00fablica, de forma a conscientizar a sociedade sobre a import\u00e2ncia do trabalho desempenhado pelos advogados p\u00fablicos e a legitimidade dos direitos por eles assegurados.<\/p>\n","protected":false},"excerpt":{"rendered":"<p>O SINPROFAZ, representado por Rodrigo Mellet, reuniu-se com a equipe de assessores parlamentares do Sindicato. Na ocasi\u00e3o, o diretor tomou conhecimento da situa\u00e7\u00e3o em que tramitam as pautas de interesse dos associados.<\/p>\n","protected":false},"author":2,"featured_media":7883,"comment_status":"open","ping_status":"open","sticky":false,"template":"","format":"standard","meta":{"footnotes":""},"categories":[8],"tags":[32,25],"featured_image_url":"https:\/\/sinprofaz.org.br\/2024\/wp-content\/uploads\/2018\/03\/0110-800x198.jpg","character_count":360,"formatted_date":"14\/03\/2018 - 19:41","contentNovo":"<p>O SINPROFAZ, representado por Rodrigo Mellet, reuniu-se na ter\u00e7a-feira (13) com a equipe de assessores parlamentares do Sindicato. Na ocasi\u00e3o, o diretor tomou conhecimento da situa\u00e7\u00e3o em que tramitam, no Congresso Nacional, as pautas de interesse dos associados.<\/p><p>\r\nAo longo do encontro, foi discutida ainda a atua\u00e7\u00e3o estrat\u00e9gica necess\u00e1ria \u00e0 consolida\u00e7\u00e3o das prerrogativas recentemente conquistadas pela Carreira. A respeito dessa demanda, o SINPROFAZ decidiu atuar em conjunto com as demais entidades do Movimento Nacional pela Advocacia P\u00fablica, de forma a conscientizar a sociedade sobre a import\u00e2ncia do trabalho desempenhado pelos advogados p\u00fablicos e a legitimidade dos direitos por eles assegurados.<\/p>\r\n","_links":{"self":[{"href":"https:\/\/sinprofaz.org.br\/2024\/wp-json\/wp\/v2\/posts\/7882"}],"collection":[{"href":"https:\/\/sinprofaz.org.br\/2024\/wp-json\/wp\/v2\/posts"}],"about":[{"href":"https:\/\/sinprofaz.org.br\/2024\/wp-json\/wp\/v2\/types\/post"}],"author":[{"embeddable":true,"href":"https:\/\/sinprofaz.org.br\/2024\/wp-json\/wp\/v2\/users\/2"}],"replies":[{"embeddable":true,"href":"https:\/\/sinprofaz.org.br\/2024\/wp-json\/wp\/v2\/comments?post=7882"}],"version-history":[{"count":2,"href":"https:\/\/sinprofaz.org.br\/2024\/wp-json\/wp\/v2\/posts\/7882\/revisions"}],"predecessor-version":[{"id":7885,"href":"https:\/\/sinprofaz.org.br\/2024\/wp-json\/wp\/v2\/posts\/7882\/revisions\/7885"}],"wp:featuredmedia":[{"embeddable":true,"href":"https:\/\/sinprofaz.org.br\/2024\/wp-json\/wp\/v2\/media\/7883"}],"wp:attachment":[{"href":"https:\/\/sinprofaz.org.br\/2024\/wp-json\/wp\/v2\/media?parent=7882"}],"wp:term":[{"taxonomy":"category","embeddable":true,"href":"https:\/\/sinprofaz.org.br\/2024\/wp-json\/wp\/v2\/categories?post=7882"},{"taxonomy":"post_tag","embeddable":true,"href":"https:\/\/sinprofaz.org.br\/2024\/wp-json\/wp\/v2\/tags?post=7882"}],"curies":[{"name":"wp","href":"https:\/\/api.w.org\/{rel}","templated":true}]}}