{"id":7870,"date":"2018-03-13T18:17:27","date_gmt":"2018-03-13T18:17:27","guid":{"rendered":"http:\/\/www.sinprofaz.org.br\/?p=7870"},"modified":"2018-03-14T11:37:18","modified_gmt":"2018-03-14T11:37:18","slug":"sinprofaz-participa-de-reuniao-da-comissao-nacional-de-advocacia-publica","status":"publish","type":"post","link":"https:\/\/sinprofaz.org.br\/2024\/noticias\/sinprofaz-participa-de-reuniao-da-comissao-nacional-de-advocacia-publica\/","title":{"rendered":"SINPROFAZ PARTICIPA DE REUNI\u00c3O DA COMISS\u00c3O NACIONAL DE ADVOCACIA P\u00daBLICA"},"content":{"rendered":"<p>O SINPROFAZ, representado pelo diretor-jur\u00eddico Roberto Rodrigues e pelo presidente Achilles Frias, compareceu \u00e0 reuni\u00e3o da Comiss\u00e3o Nacional de Advocacia P\u00fablica do Conselho Federal da Ordem dos Advogados do Brasil &#8211; Comiss\u00e3o da qual Roberto Rodrigues \u00e9 membro consultor. O encontro ocorreu na \u00faltima quarta-feira (7), na sede do CFOAB, em Bras\u00edlia\/DF, e contou, entre outras, com a presen\u00e7a de Marcello Terto, presidente da Comiss\u00e3o.<\/p>\n<p>A partir de profundos debates a respeito de temas afetos aos Advogados P\u00fablicos, a Comiss\u00e3o Nacional de Advocacia P\u00fablica objetiva fixar, no \u00e2mbito da OAB, diretrizes que reverberem no maior respeito \u00e0 Carreira, tanto do ponto de vista da atua\u00e7\u00e3o profissional, quanto da estrutura disponibilizada aos membros. Como integrante do comit\u00ea, Roberto Rodrigues tem contribu\u00eddo com sugest\u00f5es e delibera\u00e7\u00f5es que repercutem no amplo exerc\u00edcio dos Advogados P\u00fablicos, em especial, dos Procuradores da Fazenda Nacional.<br \/>\n\n\t\t<style type=\"text\/css\">\n\t\t\t#gallery-1 {\n\t\t\t\tmargin: auto;\n\t\t\t}\n\t\t\t#gallery-1 .gallery-item {\n\t\t\t\tfloat: left;\n\t\t\t\tmargin-top: 10px;\n\t\t\t\ttext-align: center;\n\t\t\t\twidth: 33%;\n\t\t\t}\n\t\t\t#gallery-1 img {\n\t\t\t\tborder: 2px solid #cfcfcf;\n\t\t\t}\n\t\t\t#gallery-1 .gallery-caption {\n\t\t\t\tmargin-left: 0;\n\t\t\t}\n\t\t\t\/* see gallery_shortcode() in wp-includes\/media.php *\/\n\t\t<\/style>\n\t\t<div id='gallery-1' class='gallery galleryid-7870 gallery-columns-3 gallery-size-thumbnail'><dl class='gallery-item'>\n\t\t\t<dt class='gallery-icon landscape'>\n\t\t\t\t<a href='https:\/\/sinprofaz.org.br\/2024\/wp-content\/uploads\/2018\/03\/026.jpg'><img loading=\"lazy\" decoding=\"async\" width=\"150\" height=\"150\" src=\"https:\/\/sinprofaz.org.br\/2024\/wp-content\/uploads\/2018\/03\/026-150x150.jpg\" class=\"attachment-thumbnail size-thumbnail\" alt=\"\" \/><\/a>\n\t\t\t<\/dt><\/dl><dl class='gallery-item'>\n\t\t\t<dt class='gallery-icon landscape'>\n\t\t\t\t<a href='https:\/\/sinprofaz.org.br\/2024\/wp-content\/uploads\/2018\/03\/035.jpg'><img loading=\"lazy\" decoding=\"async\" width=\"150\" height=\"150\" src=\"https:\/\/sinprofaz.org.br\/2024\/wp-content\/uploads\/2018\/03\/035-150x150.jpg\" class=\"attachment-thumbnail size-thumbnail\" alt=\"\" \/><\/a>\n\t\t\t<\/dt><\/dl>\n\t\t\t<br style='clear: both' \/>\n\t\t<\/div>\n<\/p>\n","protected":false},"excerpt":{"rendered":"<p>O SINPROFAZ, representado por Roberto Rodrigues e por Achilles Frias, compareceu \u00e0 reuni\u00e3o da Comiss\u00e3o Nacional de Advocacia P\u00fablica do Conselho Federal da OAB, da qual o diretor Roberto Rodrigues \u00e9 membro consultor.\u00a0<\/p>\n","protected":false},"author":2,"featured_media":7873,"comment_status":"open","ping_status":"open","sticky":false,"template":"","format":"standard","meta":{"footnotes":""},"categories":[8],"tags":[32,22,25],"featured_image_url":"https:\/\/sinprofaz.org.br\/2024\/wp-content\/uploads\/2018\/03\/019-800x198.jpg","character_count":673,"formatted_date":"13\/03\/2018 - 18:17","contentNovo":"O SINPROFAZ, representado pelo diretor-jur\u00eddico Roberto Rodrigues e pelo presidente Achilles Frias, compareceu \u00e0 reuni\u00e3o da Comiss\u00e3o Nacional de Advocacia P\u00fablica do Conselho Federal da Ordem dos Advogados do Brasil - Comiss\u00e3o da qual Roberto Rodrigues \u00e9 membro consultor. O encontro ocorreu na \u00faltima quarta-feira (7), na sede do CFOAB, em Bras\u00edlia\/DF, e contou, entre outras, com a presen\u00e7a de Marcello Terto, presidente da Comiss\u00e3o.\r\n\r\nA partir de profundos debates a respeito de temas afetos aos Advogados P\u00fablicos, a Comiss\u00e3o Nacional de Advocacia P\u00fablica objetiva fixar, no \u00e2mbito da OAB, diretrizes que reverberem no maior respeito \u00e0 Carreira, tanto do ponto de vista da atua\u00e7\u00e3o profissional, quanto da estrutura disponibilizada aos membros. Como integrante do comit\u00ea, Roberto Rodrigues tem contribu\u00eddo com sugest\u00f5es e delibera\u00e7\u00f5es que repercutem no amplo exerc\u00edcio dos Advogados P\u00fablicos, em especial, dos Procuradores da Fazenda Nacional.\r\n[gallery link=\"file\" ids=\"7871,7872\"]","_links":{"self":[{"href":"https:\/\/sinprofaz.org.br\/2024\/wp-json\/wp\/v2\/posts\/7870"}],"collection":[{"href":"https:\/\/sinprofaz.org.br\/2024\/wp-json\/wp\/v2\/posts"}],"about":[{"href":"https:\/\/sinprofaz.org.br\/2024\/wp-json\/wp\/v2\/types\/post"}],"author":[{"embeddable":true,"href":"https:\/\/sinprofaz.org.br\/2024\/wp-json\/wp\/v2\/users\/2"}],"replies":[{"embeddable":true,"href":"https:\/\/sinprofaz.org.br\/2024\/wp-json\/wp\/v2\/comments?post=7870"}],"version-history":[{"count":1,"href":"https:\/\/sinprofaz.org.br\/2024\/wp-json\/wp\/v2\/posts\/7870\/revisions"}],"predecessor-version":[{"id":7874,"href":"https:\/\/sinprofaz.org.br\/2024\/wp-json\/wp\/v2\/posts\/7870\/revisions\/7874"}],"wp:featuredmedia":[{"embeddable":true,"href":"https:\/\/sinprofaz.org.br\/2024\/wp-json\/wp\/v2\/media\/7873"}],"wp:attachment":[{"href":"https:\/\/sinprofaz.org.br\/2024\/wp-json\/wp\/v2\/media?parent=7870"}],"wp:term":[{"taxonomy":"category","embeddable":true,"href":"https:\/\/sinprofaz.org.br\/2024\/wp-json\/wp\/v2\/categories?post=7870"},{"taxonomy":"post_tag","embeddable":true,"href":"https:\/\/sinprofaz.org.br\/2024\/wp-json\/wp\/v2\/tags?post=7870"}],"curies":[{"name":"wp","href":"https:\/\/api.w.org\/{rel}","templated":true}]}}