{"id":7845,"date":"2018-03-08T16:40:02","date_gmt":"2018-03-08T16:40:02","guid":{"rendered":"http:\/\/www.sinprofaz.org.br\/?p=7845"},"modified":"2018-03-09T20:45:45","modified_gmt":"2018-03-09T20:45:45","slug":"sinprofaz-comparece-a-abertura-do-seminario-internacional-agu-25-anos","status":"publish","type":"post","link":"https:\/\/sinprofaz.org.br\/2024\/noticias\/sinprofaz-comparece-a-abertura-do-seminario-internacional-agu-25-anos\/","title":{"rendered":"SINPROFAZ COMPARECE \u00c0 ABERTURA DO SEMIN\u00c1RIO INTERNACIONAL AGU 25 ANOS"},"content":{"rendered":"<p>O SINPROFAZ, representado pelo presidente Achilles Frias e pelo diretor Roberto Rodrigues, compareceu nesta quarta-feira (7) \u00e0 abertura do &#8220;Semin\u00e1rio Internacional AGU 25 anos: Seguran\u00e7a Jur\u00eddica para o Brasil&#8221;. A cerim\u00f4nia, realizada em Bras\u00edlia\/DF, contou com as presen\u00e7as do presidente da Rep\u00fablica, Michel Temer, da advogada-geral da Uni\u00e3o, Grace Mendon\u00e7a, da presidente do STF, C\u00e1rmen L\u00facia, do presidente nacional da OAB, Carlos Lamachia, de ministros como Eliseu Padilha, Raul Jungmann e Torquato Jardim, entre outras autoridades.<\/p>\n<p>Em discurso, a advogada-geral da Uni\u00e3o fez um balan\u00e7o da gest\u00e3o, enumerando alguns dos principais feitos do \u00faltimo ano. \u201cEm 2017, evitamos que sa\u00edsse dos cofres p\u00fablicos algo em torno de R$ 1,1 trilh\u00e3o em demandas de toda natureza movidas contra a Uni\u00e3o\u201d, destacou. A ministra lembrou tamb\u00e9m que a atua\u00e7\u00e3o judicial dos advogados da AGU fez com que, em 2017, a Uni\u00e3o efetivasse o ingresso de R$ 32 milh\u00f5es aos cofres p\u00fablicos. De acordo com Grace Mendon\u00e7a, a Advocacia-Geral da Uni\u00e3o conta hoje com mais de 8600 advogados p\u00fablicos, os quais atuam em cerca de 20 milh\u00f5es de processos por ano.<\/p>\n<p>O presidente Michel Temer, ao fazer uso da palavra, parabenizou os membros da AGU pelo anivers\u00e1rio e lembrou que ele pr\u00f3prio participou da cria\u00e7\u00e3o do \u00f3rg\u00e3o quando deputado da Assembleia Nacional Constituinte em 1988. A Advocacia-Geral da Uni\u00e3o, no entanto, s\u00f3 tomou forma institucional cinco anos depois, com a aprova\u00e7\u00e3o da Lei Complementar 73\/93. \u201cO advogado p\u00fablico faz exatamente o que o advogado privado faz, mas sua miss\u00e3o \u00e9 mais nobre: \u00e9 a de defender os interesses do poder p\u00fablico\u201d, discursou o presidente.<\/p>\n<p>O &#8220;Semin\u00e1rio Internacional AGU 25 anos&#8221; tem dura\u00e7\u00e3o de tr\u00eas dias e conta com a participa\u00e7\u00e3o de representantes da advocacia p\u00fablica de diversos pa\u00edses latino-americanos, que debater\u00e3o temas como direitos fundamentais, democracia, redu\u00e7\u00e3o da litigiosidade, governan\u00e7a p\u00fablica e combate \u00e0 corrup\u00e7\u00e3o. O evento marcar\u00e1 ainda a assinatura do estatuto da Associa\u00e7\u00e3o Latino-Americana de Advocacias e Procuradorias de Estado, entidade que reunir\u00e1 institui\u00e7\u00f5es an\u00e1logas \u00e0 AGU de pelos menos dez pa\u00edses da Am\u00e9rica Latina e que servir\u00e1 como espa\u00e7o para coopera\u00e7\u00e3o e troca de experi\u00eancias.<br \/>\n\n\t\t<style type=\"text\/css\">\n\t\t\t#gallery-1 {\n\t\t\t\tmargin: auto;\n\t\t\t}\n\t\t\t#gallery-1 .gallery-item {\n\t\t\t\tfloat: left;\n\t\t\t\tmargin-top: 10px;\n\t\t\t\ttext-align: center;\n\t\t\t\twidth: 33%;\n\t\t\t}\n\t\t\t#gallery-1 img {\n\t\t\t\tborder: 2px solid #cfcfcf;\n\t\t\t}\n\t\t\t#gallery-1 .gallery-caption {\n\t\t\t\tmargin-left: 0;\n\t\t\t}\n\t\t\t\/* see gallery_shortcode() in wp-includes\/media.php *\/\n\t\t<\/style>\n\t\t<div id='gallery-1' class='gallery galleryid-7845 gallery-columns-3 gallery-size-thumbnail'><dl class='gallery-item'>\n\t\t\t<dt class='gallery-icon landscape'>\n\t\t\t\t<a href='https:\/\/sinprofaz.org.br\/2024\/wp-content\/uploads\/2018\/03\/023.jpg'><img loading=\"lazy\" decoding=\"async\" width=\"150\" height=\"150\" src=\"https:\/\/sinprofaz.org.br\/2024\/wp-content\/uploads\/2018\/03\/023-150x150.jpg\" class=\"attachment-thumbnail size-thumbnail\" alt=\"\" \/><\/a>\n\t\t\t<\/dt><\/dl><dl class='gallery-item'>\n\t\t\t<dt class='gallery-icon landscape'>\n\t\t\t\t<a href='https:\/\/sinprofaz.org.br\/2024\/wp-content\/uploads\/2018\/03\/033.jpg'><img loading=\"lazy\" decoding=\"async\" width=\"150\" height=\"150\" src=\"https:\/\/sinprofaz.org.br\/2024\/wp-content\/uploads\/2018\/03\/033-150x150.jpg\" class=\"attachment-thumbnail size-thumbnail\" alt=\"\" \/><\/a>\n\t\t\t<\/dt><\/dl><dl class='gallery-item'>\n\t\t\t<dt class='gallery-icon landscape'>\n\t\t\t\t<a href='https:\/\/sinprofaz.org.br\/2024\/wp-content\/uploads\/2018\/03\/042.jpg'><img loading=\"lazy\" decoding=\"async\" width=\"150\" height=\"150\" src=\"https:\/\/sinprofaz.org.br\/2024\/wp-content\/uploads\/2018\/03\/042-150x150.jpg\" class=\"attachment-thumbnail size-thumbnail\" alt=\"\" \/><\/a>\n\t\t\t<\/dt><\/dl><br style=\"clear: both\" \/>\n\t\t<\/div>\n<\/p>\n","protected":false},"excerpt":{"rendered":"<p>O SINPROFAZ, representado pelo presidente Achilles Frias e pelo diretor Roberto Rodrigues, compareceu nesta quarta-feira (7) \u00e0 abertura do &#8220;Semin\u00e1rio Internacional AGU 25 anos: Seguran\u00e7a Jur\u00eddica para o Brasil&#8221;, realizado em Bras\u00edlia. <\/p>\n","protected":false},"author":2,"featured_media":7849,"comment_status":"open","ping_status":"open","sticky":false,"template":"","format":"standard","meta":{"footnotes":""},"categories":[8],"tags":[43,32,25],"featured_image_url":"https:\/\/sinprofaz.org.br\/2024\/wp-content\/uploads\/2018\/03\/015-800x198.jpg","character_count":1354,"formatted_date":"08\/03\/2018 - 16:40","contentNovo":"O SINPROFAZ, representado pelo presidente Achilles Frias e pelo diretor Roberto Rodrigues, compareceu nesta quarta-feira (7) \u00e0 abertura do \"Semin\u00e1rio Internacional AGU 25 anos: Seguran\u00e7a Jur\u00eddica para o Brasil\". A cerim\u00f4nia, realizada em Bras\u00edlia\/DF, contou com as presen\u00e7as do presidente da Rep\u00fablica, Michel Temer, da advogada-geral da Uni\u00e3o, Grace Mendon\u00e7a, da presidente do STF, C\u00e1rmen L\u00facia, do presidente nacional da OAB, Carlos Lamachia, de ministros como Eliseu Padilha, Raul Jungmann e Torquato Jardim, entre outras autoridades.\r\n\r\nEm discurso, a advogada-geral da Uni\u00e3o fez um balan\u00e7o da gest\u00e3o, enumerando alguns dos principais feitos do \u00faltimo ano. \u201cEm 2017, evitamos que sa\u00edsse dos cofres p\u00fablicos algo em torno de R$ 1,1 trilh\u00e3o em demandas de toda natureza movidas contra a Uni\u00e3o\u201d, destacou. A ministra lembrou tamb\u00e9m que a atua\u00e7\u00e3o judicial dos advogados da AGU fez com que, em 2017, a Uni\u00e3o efetivasse o ingresso de R$ 32 milh\u00f5es aos cofres p\u00fablicos. De acordo com Grace Mendon\u00e7a, a Advocacia-Geral da Uni\u00e3o conta hoje com mais de 8600 advogados p\u00fablicos, os quais atuam em cerca de 20 milh\u00f5es de processos por ano.\r\n\r\nO presidente Michel Temer, ao fazer uso da palavra, parabenizou os membros da AGU pelo anivers\u00e1rio e lembrou que ele pr\u00f3prio participou da cria\u00e7\u00e3o do \u00f3rg\u00e3o quando deputado da Assembleia Nacional Constituinte em 1988. A Advocacia-Geral da Uni\u00e3o, no entanto, s\u00f3 tomou forma institucional cinco anos depois, com a aprova\u00e7\u00e3o da Lei Complementar 73\/93. \u201cO advogado p\u00fablico faz exatamente o que o advogado privado faz, mas sua miss\u00e3o \u00e9 mais nobre: \u00e9 a de defender os interesses do poder p\u00fablico\u201d, discursou o presidente.\r\n\r\nO \"Semin\u00e1rio Internacional AGU 25 anos\" tem dura\u00e7\u00e3o de tr\u00eas dias e conta com a participa\u00e7\u00e3o de representantes da advocacia p\u00fablica de diversos pa\u00edses latino-americanos, que debater\u00e3o temas como direitos fundamentais, democracia, redu\u00e7\u00e3o da litigiosidade, governan\u00e7a p\u00fablica e combate \u00e0 corrup\u00e7\u00e3o. O evento marcar\u00e1 ainda a assinatura do estatuto da Associa\u00e7\u00e3o Latino-Americana de Advocacias e Procuradorias de Estado, entidade que reunir\u00e1 institui\u00e7\u00f5es an\u00e1logas \u00e0 AGU de pelos menos dez pa\u00edses da Am\u00e9rica Latina e que servir\u00e1 como espa\u00e7o para coopera\u00e7\u00e3o e troca de experi\u00eancias.\r\n[gallery link=\"file\" ids=\"7846,7847,7848\"]","_links":{"self":[{"href":"https:\/\/sinprofaz.org.br\/2024\/wp-json\/wp\/v2\/posts\/7845"}],"collection":[{"href":"https:\/\/sinprofaz.org.br\/2024\/wp-json\/wp\/v2\/posts"}],"about":[{"href":"https:\/\/sinprofaz.org.br\/2024\/wp-json\/wp\/v2\/types\/post"}],"author":[{"embeddable":true,"href":"https:\/\/sinprofaz.org.br\/2024\/wp-json\/wp\/v2\/users\/2"}],"replies":[{"embeddable":true,"href":"https:\/\/sinprofaz.org.br\/2024\/wp-json\/wp\/v2\/comments?post=7845"}],"version-history":[{"count":1,"href":"https:\/\/sinprofaz.org.br\/2024\/wp-json\/wp\/v2\/posts\/7845\/revisions"}],"predecessor-version":[{"id":7850,"href":"https:\/\/sinprofaz.org.br\/2024\/wp-json\/wp\/v2\/posts\/7845\/revisions\/7850"}],"wp:featuredmedia":[{"embeddable":true,"href":"https:\/\/sinprofaz.org.br\/2024\/wp-json\/wp\/v2\/media\/7849"}],"wp:attachment":[{"href":"https:\/\/sinprofaz.org.br\/2024\/wp-json\/wp\/v2\/media?parent=7845"}],"wp:term":[{"taxonomy":"category","embeddable":true,"href":"https:\/\/sinprofaz.org.br\/2024\/wp-json\/wp\/v2\/categories?post=7845"},{"taxonomy":"post_tag","embeddable":true,"href":"https:\/\/sinprofaz.org.br\/2024\/wp-json\/wp\/v2\/tags?post=7845"}],"curies":[{"name":"wp","href":"https:\/\/api.w.org\/{rel}","templated":true}]}}