{"id":784,"date":"2012-05-15T12:16:01","date_gmt":"2012-05-15T12:16:01","guid":{"rendered":""},"modified":"-0001-11-30T00:00:00","modified_gmt":"-0001-11-30T03:00:00","slug":"edicao-numero-11-de-justica-fiscal-esta-em-circulacao","status":"publish","type":"post","link":"https:\/\/sinprofaz.org.br\/2024\/noticias\/edicao-numero-11-de-justica-fiscal-esta-em-circulacao\/","title":{"rendered":"Edi\u00e7\u00e3o n\u00famero 11 de Justi\u00e7a Fiscal est\u00e1 em circula\u00e7\u00e3o"},"content":{"rendered":"<p>19 anos da AGU, deflagra\u00e7\u00e3o da campanha salarial, a\u00e7\u00f5es da campanha Quanto Custa o Brasil pra Voc\u00ea? Estes s\u00e3o alguns temas abordados na edi\u00e7\u00e3o de abril da revista Justi\u00e7a Fiscal.<\/p>\n<p>O exemplar traz publicada mat\u00e9ria especial com balan\u00e7o da atua\u00e7\u00e3o dos representantes da carreira no Conselho Superior da AGU, os Procuradores da Fazenda Andr\u00e9 Campello e James Siqueira. O mandato dos PFNs se encerrar\u00e1 em breve, inclusive j\u00e1 foi publicada Portaria da AGU constituindo a comiss\u00e3o eleitoral e criando os par\u00e2metros m\u00ednimos para a elei\u00e7\u00e3o dos novos representantes das carreiras da AGU que integram o Conselho Superior e tamb\u00e9m o Edital referente ao processo eleitoral.<\/p>\n<p>JF 11 revela ainda como \u00e9 o cotidiano dos Procuradores que atuam na PRFN da 2\u00aa Regi\u00e3o no Rio de Janeiro, unidade comandada pelo PFN Agostinho Netto. Outra mat\u00e9ria nesta edi\u00e7\u00e3o relembra os fatos que marcaram do Esc\u00e2ndalo da Mandioca. O Novo Basquete Brasil (NBB) e o fasc\u00ednio do brasileiro por personagens caricatos da televis\u00e3o tamb\u00e9m tem espa\u00e7o neste n\u00famero. Confira!<\/p>\n<p style=\"margin-top: 80px; text-align: center;\"><img decoding=\"async\" style=\"border: 1px solid #000000;\" title=\"Mobiliza\u00e7\u00e3o\" alt=\"Banner Mobiliza\u00e7\u00e3o\" src=\"\/images\/noticias\/mobilizacao.gif\" \/><\/p>\n","protected":false},"excerpt":{"rendered":"<p>Os Procuradores da Fazenda Nacional filiados ao SINPROFAZ receber\u00e3o em breve mais um exemplar da revista. Destaques da edi\u00e7\u00e3o j\u00e1 podem ser conferidos no site.<\/p>\n","protected":false},"author":1,"featured_media":0,"comment_status":"closed","ping_status":"open","sticky":false,"template":"","format":"standard","meta":{"footnotes":""},"categories":[8],"tags":[],"featured_image_url":"https:\/\/dummyimage.com\/720x400","character_count":533,"formatted_date":"15\/05\/2012 - 12:16","contentNovo":"\r\n<p>19 anos da AGU, deflagra\u00e7\u00e3o da campanha salarial, a\u00e7\u00f5es da campanha Quanto Custa o Brasil pra Voc\u00ea? Estes s\u00e3o alguns temas abordados na edi\u00e7\u00e3o de abril da revista Justi\u00e7a Fiscal.<\/p>\r\n<p>O exemplar traz publicada mat\u00e9ria especial com balan\u00e7o da atua\u00e7\u00e3o dos representantes da carreira no Conselho Superior da AGU, os Procuradores da Fazenda Andr\u00e9 Campello e James Siqueira. O mandato dos PFNs se encerrar\u00e1 em breve, inclusive j\u00e1 foi publicada Portaria da AGU constituindo a comiss\u00e3o eleitoral e criando os par\u00e2metros m\u00ednimos para a elei\u00e7\u00e3o dos novos representantes das carreiras da AGU que integram o Conselho Superior e tamb\u00e9m o Edital referente ao processo eleitoral.<\/p>\r\n<p>JF 11 revela ainda como \u00e9 o cotidiano dos Procuradores que atuam na PRFN da 2\u00aa Regi\u00e3o no Rio de Janeiro, unidade comandada pelo PFN Agostinho Netto. Outra mat\u00e9ria nesta edi\u00e7\u00e3o relembra os fatos que marcaram do Esc\u00e2ndalo da Mandioca. O Novo Basquete Brasil (NBB) e o fasc\u00ednio do brasileiro por personagens caricatos da televis\u00e3o tamb\u00e9m tem espa\u00e7o neste n\u00famero. Confira!<\/p>\r\n<p style=\"margin-top: 80px; text-align: center;\"><\/p>","_links":{"self":[{"href":"https:\/\/sinprofaz.org.br\/2024\/wp-json\/wp\/v2\/posts\/784"}],"collection":[{"href":"https:\/\/sinprofaz.org.br\/2024\/wp-json\/wp\/v2\/posts"}],"about":[{"href":"https:\/\/sinprofaz.org.br\/2024\/wp-json\/wp\/v2\/types\/post"}],"author":[{"embeddable":true,"href":"https:\/\/sinprofaz.org.br\/2024\/wp-json\/wp\/v2\/users\/1"}],"replies":[{"embeddable":true,"href":"https:\/\/sinprofaz.org.br\/2024\/wp-json\/wp\/v2\/comments?post=784"}],"version-history":[{"count":0,"href":"https:\/\/sinprofaz.org.br\/2024\/wp-json\/wp\/v2\/posts\/784\/revisions"}],"wp:attachment":[{"href":"https:\/\/sinprofaz.org.br\/2024\/wp-json\/wp\/v2\/media?parent=784"}],"wp:term":[{"taxonomy":"category","embeddable":true,"href":"https:\/\/sinprofaz.org.br\/2024\/wp-json\/wp\/v2\/categories?post=784"},{"taxonomy":"post_tag","embeddable":true,"href":"https:\/\/sinprofaz.org.br\/2024\/wp-json\/wp\/v2\/tags?post=784"}],"curies":[{"name":"wp","href":"https:\/\/api.w.org\/{rel}","templated":true}]}}