{"id":7832,"date":"2018-03-07T14:12:41","date_gmt":"2018-03-07T14:12:41","guid":{"rendered":"http:\/\/www.sinprofaz.org.br\/?p=7832"},"modified":"2018-03-08T12:08:02","modified_gmt":"2018-03-08T12:08:02","slug":"pleitos-comuns-pautam-reuniao-entre-entidades-da-advocacia-publica-federal","status":"publish","type":"post","link":"https:\/\/sinprofaz.org.br\/2024\/noticias\/pleitos-comuns-pautam-reuniao-entre-entidades-da-advocacia-publica-federal\/","title":{"rendered":"PLEITOS COMUNS PAUTAM REUNI\u00c3O ENTRE ENTIDADES DA ADVOCACIA P\u00daBLICA FEDERAL"},"content":{"rendered":"<p>O SINPROFAZ, representado pelo presidente Achilles Frias e pelo diretor Giuliano Menezes, participou ontem (6) de reuni\u00e3o com dirigentes de entidades representativas da Advocacia P\u00fablica Federal. Al\u00e9m do SINPROFAZ, estiveram presentes os presidentes da ANAUNI, da ANAJUR e da ANPPREV, cuja sede recebeu o encontro.<\/p>\n<p>Visando a atua\u00e7\u00e3o conjunta, as entidades debateram medidas estrat\u00e9gicas para fortalecimento das carreiras da Advocacia P\u00fablica Federal. Discutiu-se ainda a import\u00e2ncia da defesa dos pleitos de un\u00e2nime interesse, em particular, das prerrogativas recentemente conquistadas.<\/p>\n\n\t\t<style type=\"text\/css\">\n\t\t\t#gallery-1 {\n\t\t\t\tmargin: auto;\n\t\t\t}\n\t\t\t#gallery-1 .gallery-item {\n\t\t\t\tfloat: left;\n\t\t\t\tmargin-top: 10px;\n\t\t\t\ttext-align: center;\n\t\t\t\twidth: 33%;\n\t\t\t}\n\t\t\t#gallery-1 img {\n\t\t\t\tborder: 2px solid #cfcfcf;\n\t\t\t}\n\t\t\t#gallery-1 .gallery-caption {\n\t\t\t\tmargin-left: 0;\n\t\t\t}\n\t\t\t\/* see gallery_shortcode() in wp-includes\/media.php *\/\n\t\t<\/style>\n\t\t<div id='gallery-1' class='gallery galleryid-7832 gallery-columns-3 gallery-size-thumbnail'><dl class='gallery-item'>\n\t\t\t<dt class='gallery-icon landscape'>\n\t\t\t\t<a href='https:\/\/sinprofaz.org.br\/2024\/wp-content\/uploads\/2018\/03\/021.jpg'><img loading=\"lazy\" decoding=\"async\" width=\"150\" height=\"150\" src=\"https:\/\/sinprofaz.org.br\/2024\/wp-content\/uploads\/2018\/03\/021-150x150.jpg\" class=\"attachment-thumbnail size-thumbnail\" alt=\"\" \/><\/a>\n\t\t\t<\/dt><\/dl><dl class='gallery-item'>\n\t\t\t<dt class='gallery-icon landscape'>\n\t\t\t\t<a href='https:\/\/sinprofaz.org.br\/2024\/wp-content\/uploads\/2018\/03\/031.jpg'><img loading=\"lazy\" decoding=\"async\" width=\"150\" height=\"150\" src=\"https:\/\/sinprofaz.org.br\/2024\/wp-content\/uploads\/2018\/03\/031-150x150.jpg\" class=\"attachment-thumbnail size-thumbnail\" alt=\"\" \/><\/a>\n\t\t\t<\/dt><\/dl><dl class='gallery-item'>\n\t\t\t<dt class='gallery-icon landscape'>\n\t\t\t\t<a href='https:\/\/sinprofaz.org.br\/2024\/wp-content\/uploads\/2018\/03\/04.jpg'><img loading=\"lazy\" decoding=\"async\" width=\"150\" height=\"150\" src=\"https:\/\/sinprofaz.org.br\/2024\/wp-content\/uploads\/2018\/03\/04-150x150.jpg\" class=\"attachment-thumbnail size-thumbnail\" alt=\"\" \/><\/a>\n\t\t\t<\/dt><\/dl><br style=\"clear: both\" \/>\n\t\t<\/div>\n\n","protected":false},"excerpt":{"rendered":"<p>O SINPROFAZ participou ontem de reuni\u00e3o com dirigentes de entidades representativas da Advocacia P\u00fablica Federal. Estiveram presentes os presidentes da ANAUNI, da ANAJUR e da ANPPREV, cuja sede recebeu o encontro.<\/p>\n","protected":false},"author":2,"featured_media":7833,"comment_status":"open","ping_status":"open","sticky":false,"template":"","format":"standard","meta":{"footnotes":""},"categories":[8],"tags":[34,32,25],"featured_image_url":"https:\/\/sinprofaz.org.br\/2024\/wp-content\/uploads\/2018\/03\/013-800x198.jpg","character_count":487,"formatted_date":"07\/03\/2018 - 14:12","contentNovo":"O SINPROFAZ, representado pelo presidente Achilles Frias e pelo diretor Giuliano Menezes, participou ontem (6) de reuni\u00e3o com dirigentes de entidades representativas da Advocacia P\u00fablica Federal. Al\u00e9m do SINPROFAZ, estiveram presentes os presidentes da ANAUNI, da ANAJUR e da ANPPREV, cuja sede recebeu o encontro.\r\n\r\nVisando a atua\u00e7\u00e3o conjunta, as entidades debateram medidas estrat\u00e9gicas para fortalecimento das carreiras da Advocacia P\u00fablica Federal. Discutiu-se ainda a import\u00e2ncia da defesa dos pleitos de un\u00e2nime interesse, em particular, das prerrogativas recentemente conquistadas.\r\n\r\n[gallery link=\"file\" ids=\"7834,7835,7836\"]","_links":{"self":[{"href":"https:\/\/sinprofaz.org.br\/2024\/wp-json\/wp\/v2\/posts\/7832"}],"collection":[{"href":"https:\/\/sinprofaz.org.br\/2024\/wp-json\/wp\/v2\/posts"}],"about":[{"href":"https:\/\/sinprofaz.org.br\/2024\/wp-json\/wp\/v2\/types\/post"}],"author":[{"embeddable":true,"href":"https:\/\/sinprofaz.org.br\/2024\/wp-json\/wp\/v2\/users\/2"}],"replies":[{"embeddable":true,"href":"https:\/\/sinprofaz.org.br\/2024\/wp-json\/wp\/v2\/comments?post=7832"}],"version-history":[{"count":1,"href":"https:\/\/sinprofaz.org.br\/2024\/wp-json\/wp\/v2\/posts\/7832\/revisions"}],"predecessor-version":[{"id":7837,"href":"https:\/\/sinprofaz.org.br\/2024\/wp-json\/wp\/v2\/posts\/7832\/revisions\/7837"}],"wp:featuredmedia":[{"embeddable":true,"href":"https:\/\/sinprofaz.org.br\/2024\/wp-json\/wp\/v2\/media\/7833"}],"wp:attachment":[{"href":"https:\/\/sinprofaz.org.br\/2024\/wp-json\/wp\/v2\/media?parent=7832"}],"wp:term":[{"taxonomy":"category","embeddable":true,"href":"https:\/\/sinprofaz.org.br\/2024\/wp-json\/wp\/v2\/categories?post=7832"},{"taxonomy":"post_tag","embeddable":true,"href":"https:\/\/sinprofaz.org.br\/2024\/wp-json\/wp\/v2\/tags?post=7832"}],"curies":[{"name":"wp","href":"https:\/\/api.w.org\/{rel}","templated":true}]}}