{"id":7827,"date":"2018-03-07T11:48:20","date_gmt":"2018-03-07T11:48:20","guid":{"rendered":"http:\/\/www.sinprofaz.org.br\/?p=7827"},"modified":"2018-03-08T12:08:09","modified_gmt":"2018-03-08T12:08:09","slug":"sinprofaz-marca-presenca-em-reuniao-do-fonacate","status":"publish","type":"post","link":"https:\/\/sinprofaz.org.br\/2024\/noticias\/sinprofaz-marca-presenca-em-reuniao-do-fonacate\/","title":{"rendered":"SINPROFAZ MARCA PRESEN\u00c7A EM REUNI\u00c3O DO FONACATE"},"content":{"rendered":"<p>O SINPROFAZ, representado pelo diretor Giuliano Menezes Campos, compareceu na ter\u00e7a-feira (6) \u00e0 reuni\u00e3o do F\u00f3rum Nacional Permanente de Carreiras T\u00edpicas de Estado, o Fonacate. Ao longo do encontro, realizado na sede do F\u00f3rum, em Bras\u00edlia\/DF, discutiram-se pautas pol\u00edticas, como o PL 7448\/17, o qual inclui, na Lei de Introdu\u00e7\u00e3o \u00e0s Normas do Direito Brasileiro, disposi\u00e7\u00f5es sobre seguran\u00e7a jur\u00eddica e efici\u00eancia na cria\u00e7\u00e3o e na aplica\u00e7\u00e3o do direito p\u00fablico.<\/p>\n<p>Esteve em pauta ainda a 5\u00aa Confer\u00eancia Nacional das Carreiras T\u00edpicas de Estado. O evento, promovido pelo Fonacate, ocorre nos dias 17 e 18 de abril, na capital federal, e tem como tema \u201cAs Carreiras T\u00edpicas de Estado e o Futuro da Democracia no Brasil\u201d. Integrantes da Administra\u00e7\u00e3o P\u00fablica, servidores federais, estaduais, distritais e municipais, especialistas e estudiosos da \u00e1rea, sociedade civil organizada e, especialmente, representantes das carreiras de Estado s\u00e3o o p\u00fablico-alvo do evento, cuja pr\u00e9-programa\u00e7\u00e3o pode ser consultada em <a href=\"http:\/\/goo.gl\/wP6sui\" rel=\"noopener\" target=\"_blank\">goo.gl\/wP6sui<\/a>.<\/p>\n\n\t\t<style type=\"text\/css\">\n\t\t\t#gallery-1 {\n\t\t\t\tmargin: auto;\n\t\t\t}\n\t\t\t#gallery-1 .gallery-item {\n\t\t\t\tfloat: left;\n\t\t\t\tmargin-top: 10px;\n\t\t\t\ttext-align: center;\n\t\t\t\twidth: 33%;\n\t\t\t}\n\t\t\t#gallery-1 img {\n\t\t\t\tborder: 2px solid #cfcfcf;\n\t\t\t}\n\t\t\t#gallery-1 .gallery-caption {\n\t\t\t\tmargin-left: 0;\n\t\t\t}\n\t\t\t\/* see gallery_shortcode() in wp-includes\/media.php *\/\n\t\t<\/style>\n\t\t<div id='gallery-1' class='gallery galleryid-7827 gallery-columns-3 gallery-size-thumbnail'><dl class='gallery-item'>\n\t\t\t<dt class='gallery-icon landscape'>\n\t\t\t\t<a href='https:\/\/sinprofaz.org.br\/2024\/wp-content\/uploads\/2018\/03\/02.jpg'><img loading=\"lazy\" decoding=\"async\" width=\"150\" height=\"150\" src=\"https:\/\/sinprofaz.org.br\/2024\/wp-content\/uploads\/2018\/03\/02-150x150.jpg\" class=\"attachment-thumbnail size-thumbnail\" alt=\"\" \/><\/a>\n\t\t\t<\/dt><\/dl><dl class='gallery-item'>\n\t\t\t<dt class='gallery-icon landscape'>\n\t\t\t\t<a href='https:\/\/sinprofaz.org.br\/2024\/wp-content\/uploads\/2018\/03\/03.jpg'><img loading=\"lazy\" decoding=\"async\" width=\"150\" height=\"150\" src=\"https:\/\/sinprofaz.org.br\/2024\/wp-content\/uploads\/2018\/03\/03-150x150.jpg\" class=\"attachment-thumbnail size-thumbnail\" alt=\"\" \/><\/a>\n\t\t\t<\/dt><\/dl>\n\t\t\t<br style='clear: both' \/>\n\t\t<\/div>\n\n","protected":false},"excerpt":{"rendered":"<p>Durante o encontro, realizado na sede do F\u00f3rum, discutiram-se pautas como o PL 7448\/17, o qual inclui, na Lei de Introdu\u00e7\u00e3o \u00e0s Normas do Direito Brasileiro, disposi\u00e7\u00f5es sobre seguran\u00e7a jur\u00eddica e efici\u00eancia na cria\u00e7\u00e3o e na aplica\u00e7\u00e3o do direito p\u00fablico.<\/p>\n","protected":false},"author":2,"featured_media":7829,"comment_status":"open","ping_status":"open","sticky":false,"template":"","format":"standard","meta":{"footnotes":""},"categories":[8],"tags":[32,122,25],"featured_image_url":"https:\/\/sinprofaz.org.br\/2024\/wp-content\/uploads\/2018\/03\/012-800x198.jpg","character_count":713,"formatted_date":"07\/03\/2018 - 11:48","contentNovo":"<p>O SINPROFAZ, representado pelo diretor Giuliano Menezes Campos, compareceu na ter\u00e7a-feira (6) \u00e0 reuni\u00e3o do F\u00f3rum Nacional Permanente de Carreiras T\u00edpicas de Estado, o Fonacate. Ao longo do encontro, realizado na sede do F\u00f3rum, em Bras\u00edlia\/DF, discutiram-se pautas pol\u00edticas, como o PL 7448\/17, o qual inclui, na Lei de Introdu\u00e7\u00e3o \u00e0s Normas do Direito Brasileiro, disposi\u00e7\u00f5es sobre seguran\u00e7a jur\u00eddica e efici\u00eancia na cria\u00e7\u00e3o e na aplica\u00e7\u00e3o do direito p\u00fablico.<\/p>\r\n<p>Esteve em pauta ainda a 5\u00aa Confer\u00eancia Nacional das Carreiras T\u00edpicas de Estado. O evento, promovido pelo Fonacate, ocorre nos dias 17 e 18 de abril, na capital federal, e tem como tema \u201cAs Carreiras T\u00edpicas de Estado e o Futuro da Democracia no Brasil\u201d. Integrantes da Administra\u00e7\u00e3o P\u00fablica, servidores federais, estaduais, distritais e municipais, especialistas e estudiosos da \u00e1rea, sociedade civil organizada e, especialmente, representantes das carreiras de Estado s\u00e3o o p\u00fablico-alvo do evento, cuja pr\u00e9-programa\u00e7\u00e3o pode ser consultada em <a href=\"http:\/\/goo.gl\/wP6sui\" rel=\"noopener\" target=\"_blank\">goo.gl\/wP6sui<\/a>.<\/p>\r\n[gallery link=\"file\" ids=\"7830,7828\"]","_links":{"self":[{"href":"https:\/\/sinprofaz.org.br\/2024\/wp-json\/wp\/v2\/posts\/7827"}],"collection":[{"href":"https:\/\/sinprofaz.org.br\/2024\/wp-json\/wp\/v2\/posts"}],"about":[{"href":"https:\/\/sinprofaz.org.br\/2024\/wp-json\/wp\/v2\/types\/post"}],"author":[{"embeddable":true,"href":"https:\/\/sinprofaz.org.br\/2024\/wp-json\/wp\/v2\/users\/2"}],"replies":[{"embeddable":true,"href":"https:\/\/sinprofaz.org.br\/2024\/wp-json\/wp\/v2\/comments?post=7827"}],"version-history":[{"count":1,"href":"https:\/\/sinprofaz.org.br\/2024\/wp-json\/wp\/v2\/posts\/7827\/revisions"}],"predecessor-version":[{"id":7831,"href":"https:\/\/sinprofaz.org.br\/2024\/wp-json\/wp\/v2\/posts\/7827\/revisions\/7831"}],"wp:featuredmedia":[{"embeddable":true,"href":"https:\/\/sinprofaz.org.br\/2024\/wp-json\/wp\/v2\/media\/7829"}],"wp:attachment":[{"href":"https:\/\/sinprofaz.org.br\/2024\/wp-json\/wp\/v2\/media?parent=7827"}],"wp:term":[{"taxonomy":"category","embeddable":true,"href":"https:\/\/sinprofaz.org.br\/2024\/wp-json\/wp\/v2\/categories?post=7827"},{"taxonomy":"post_tag","embeddable":true,"href":"https:\/\/sinprofaz.org.br\/2024\/wp-json\/wp\/v2\/tags?post=7827"}],"curies":[{"name":"wp","href":"https:\/\/api.w.org\/{rel}","templated":true}]}}