{"id":7820,"date":"2018-03-01T11:20:27","date_gmt":"2018-03-01T11:20:27","guid":{"rendered":"http:\/\/www.sinprofaz.org.br\/?p=7820"},"modified":"2018-03-05T17:39:34","modified_gmt":"2018-03-05T17:39:34","slug":"em-xvii-encontro-presidente-da-anauni-defende-uniao-da-advocacia-publica","status":"publish","type":"post","link":"https:\/\/sinprofaz.org.br\/2024\/noticias\/em-xvii-encontro-presidente-da-anauni-defende-uniao-da-advocacia-publica\/","title":{"rendered":"EM XVII ENCONTRO, PRESIDENTE DA ANAUNI DEFENDE UNI\u00c3O DA ADVOCACIA P\u00daBLICA"},"content":{"rendered":"<p>O XVII Encontro do SINPROFAZ contou com a presen\u00e7a de M\u00e1rcia David, presidente da Associa\u00e7\u00e3o Nacional dos Advogados da Uni\u00e3o &#8211; ANAUNI. Em entrevista \u00e0 TV SINPROFAZ, a advogada da Uni\u00e3o defendeu a atua\u00e7\u00e3o conjunta dos membros da Advocacia P\u00fablica, de modo que ela esteja cada vez mais credenciada a levar ao Congresso Nacional e \u00e0 sociedade a import\u00e2ncia do trabalho realizado pela carreira.<\/p>\n<p>&#8220;Quando se tem um \u00f3rg\u00e3o pautado pela efici\u00eancia e pela meritocracia no ingresso dos seus membros &#8211; caso da Procuradoria da Fazenda Nacional e da Procuradoria da Uni\u00e3o -, ele fica blindado neste momento de crise, em que a Rep\u00fablica e as institui\u00e7\u00f5es est\u00e3o sendo atacadas. Somos a parte t\u00e9cnica do Estado, que funciona, que arrecada, que faz a justi\u00e7a social, que faz o pa\u00eds andar&#8221;, defendeu.<\/p>\n<p>Veja a entrevista completa: <a href=\"https:\/\/www.youtube.com\/watch?v=W2UChCU1_fY&amp;t=\" target=\"_blank\">goo.gl\/wtEoYd<\/a><\/p>\n","protected":false},"excerpt":{"rendered":"<p>Em entrevista, a advogada da Uni\u00e3o defendeu a atua\u00e7\u00e3o conjunta dos membros da Advocacia P\u00fablica, de modo que ela esteja cada vez mais credenciada a levar ao Congresso Nacional e \u00e0 sociedade a import\u00e2ncia do trabalho realizado pela carreira.<\/p>\n","protected":false},"author":2,"featured_media":7821,"comment_status":"open","ping_status":"open","sticky":false,"template":"","format":"standard","meta":{"footnotes":""},"categories":[8],"tags":[32,62,25],"featured_image_url":"https:\/\/sinprofaz.org.br\/2024\/wp-content\/uploads\/2018\/03\/01-800x198.jpg","character_count":436,"formatted_date":"01\/03\/2018 - 11:20","contentNovo":"O XVII Encontro do SINPROFAZ contou com a presen\u00e7a de M\u00e1rcia David, presidente da Associa\u00e7\u00e3o Nacional dos Advogados da Uni\u00e3o - ANAUNI. Em entrevista \u00e0 TV SINPROFAZ, a advogada da Uni\u00e3o defendeu a atua\u00e7\u00e3o conjunta dos membros da Advocacia P\u00fablica, de modo que ela esteja cada vez mais credenciada a levar ao Congresso Nacional e \u00e0 sociedade a import\u00e2ncia do trabalho realizado pela carreira.\r\n\r\n\"Quando se tem um \u00f3rg\u00e3o pautado pela efici\u00eancia e pela meritocracia no ingresso dos seus membros - caso da Procuradoria da Fazenda Nacional e da Procuradoria da Uni\u00e3o -, ele fica blindado neste momento de crise, em que a Rep\u00fablica e as institui\u00e7\u00f5es est\u00e3o sendo atacadas. Somos a parte t\u00e9cnica do Estado, que funciona, que arrecada, que faz a justi\u00e7a social, que faz o pa\u00eds andar\", defendeu.\r\n\r\nVeja a entrevista completa: <a href=\"https:\/\/www.youtube.com\/watch?v=W2UChCU1_fY&amp;t=\" target=\"_blank\">goo.gl\/wtEoYd<\/a>","_links":{"self":[{"href":"https:\/\/sinprofaz.org.br\/2024\/wp-json\/wp\/v2\/posts\/7820"}],"collection":[{"href":"https:\/\/sinprofaz.org.br\/2024\/wp-json\/wp\/v2\/posts"}],"about":[{"href":"https:\/\/sinprofaz.org.br\/2024\/wp-json\/wp\/v2\/types\/post"}],"author":[{"embeddable":true,"href":"https:\/\/sinprofaz.org.br\/2024\/wp-json\/wp\/v2\/users\/2"}],"replies":[{"embeddable":true,"href":"https:\/\/sinprofaz.org.br\/2024\/wp-json\/wp\/v2\/comments?post=7820"}],"version-history":[{"count":1,"href":"https:\/\/sinprofaz.org.br\/2024\/wp-json\/wp\/v2\/posts\/7820\/revisions"}],"predecessor-version":[{"id":7822,"href":"https:\/\/sinprofaz.org.br\/2024\/wp-json\/wp\/v2\/posts\/7820\/revisions\/7822"}],"wp:featuredmedia":[{"embeddable":true,"href":"https:\/\/sinprofaz.org.br\/2024\/wp-json\/wp\/v2\/media\/7821"}],"wp:attachment":[{"href":"https:\/\/sinprofaz.org.br\/2024\/wp-json\/wp\/v2\/media?parent=7820"}],"wp:term":[{"taxonomy":"category","embeddable":true,"href":"https:\/\/sinprofaz.org.br\/2024\/wp-json\/wp\/v2\/categories?post=7820"},{"taxonomy":"post_tag","embeddable":true,"href":"https:\/\/sinprofaz.org.br\/2024\/wp-json\/wp\/v2\/tags?post=7820"}],"curies":[{"name":"wp","href":"https:\/\/api.w.org\/{rel}","templated":true}]}}