{"id":7804,"date":"2018-02-23T13:10:08","date_gmt":"2018-02-23T13:10:08","guid":{"rendered":"http:\/\/www.sinprofaz.org.br\/?p=7804"},"modified":"2018-02-27T19:08:12","modified_gmt":"2018-02-27T19:08:12","slug":"assuntos-parlamentares-sao-temas-de-reuniao-no-sinprofaz","status":"publish","type":"post","link":"https:\/\/sinprofaz.org.br\/2024\/noticias\/assuntos-parlamentares-sao-temas-de-reuniao-no-sinprofaz\/","title":{"rendered":"ASSUNTOS PARLAMENTARES S\u00c3O TEMAS DE REUNI\u00c3O NO SINPROFAZ"},"content":{"rendered":"<p>O SINPROFAZ, representado por Rodrigo Mellet, reuniu-se na ter\u00e7a-feira (20) com a equipe de assessores parlamentares do Sindicato. Na oportunidade, o diretor tomou conhecimento da situa\u00e7\u00e3o em que tramitam pautas de interesse dos associados.<\/p>\n<p>O encontro foi convocado pelo SINPROFAZ especialmente para discuss\u00e3o de estrat\u00e9gias necess\u00e1rias \u00e0 defesa das prerrogativas rec\u00e9m-conquistadas pela Carreira. Deliberou-se atuar em conjunto com as demais entidades da Advocacia P\u00fablica em n\u00edvel federal e estadual, de modo a conscientizar sociedade e Congresso Nacional sobre a legitimidade dos direitos assegurados pelos advogados p\u00fablicos.<\/p>\n","protected":false},"excerpt":{"rendered":"<p>O SINPROFAZ, representado por Rodrigo Mellet, reuniu-se na ter\u00e7a-feira (20) com a equipe de assessores parlamentares do Sindicato. Na oportunidade, o diretor tomou conhecimento da situa\u00e7\u00e3o em que tramitam pautas de interesse dos associados.<\/p>\n","protected":false},"author":2,"featured_media":7806,"comment_status":"open","ping_status":"open","sticky":false,"template":"","format":"standard","meta":{"footnotes":""},"categories":[8],"tags":[32,25],"featured_image_url":"https:\/\/sinprofaz.org.br\/2024\/wp-content\/uploads\/2018\/02\/0112-800x198.jpg","character_count":321,"formatted_date":"23\/02\/2018 - 13:10","contentNovo":"O SINPROFAZ, representado por Rodrigo Mellet, reuniu-se na ter\u00e7a-feira (20) com a equipe de assessores parlamentares do Sindicato. Na oportunidade, o diretor tomou conhecimento da situa\u00e7\u00e3o em que tramitam pautas de interesse dos associados.\r\n\r\nO encontro foi convocado pelo SINPROFAZ especialmente para discuss\u00e3o de estrat\u00e9gias necess\u00e1rias \u00e0 defesa das prerrogativas rec\u00e9m-conquistadas pela Carreira. Deliberou-se atuar em conjunto com as demais entidades da Advocacia P\u00fablica em n\u00edvel federal e estadual, de modo a conscientizar sociedade e Congresso Nacional sobre a legitimidade dos direitos assegurados pelos advogados p\u00fablicos.","_links":{"self":[{"href":"https:\/\/sinprofaz.org.br\/2024\/wp-json\/wp\/v2\/posts\/7804"}],"collection":[{"href":"https:\/\/sinprofaz.org.br\/2024\/wp-json\/wp\/v2\/posts"}],"about":[{"href":"https:\/\/sinprofaz.org.br\/2024\/wp-json\/wp\/v2\/types\/post"}],"author":[{"embeddable":true,"href":"https:\/\/sinprofaz.org.br\/2024\/wp-json\/wp\/v2\/users\/2"}],"replies":[{"embeddable":true,"href":"https:\/\/sinprofaz.org.br\/2024\/wp-json\/wp\/v2\/comments?post=7804"}],"version-history":[{"count":1,"href":"https:\/\/sinprofaz.org.br\/2024\/wp-json\/wp\/v2\/posts\/7804\/revisions"}],"predecessor-version":[{"id":7807,"href":"https:\/\/sinprofaz.org.br\/2024\/wp-json\/wp\/v2\/posts\/7804\/revisions\/7807"}],"wp:featuredmedia":[{"embeddable":true,"href":"https:\/\/sinprofaz.org.br\/2024\/wp-json\/wp\/v2\/media\/7806"}],"wp:attachment":[{"href":"https:\/\/sinprofaz.org.br\/2024\/wp-json\/wp\/v2\/media?parent=7804"}],"wp:term":[{"taxonomy":"category","embeddable":true,"href":"https:\/\/sinprofaz.org.br\/2024\/wp-json\/wp\/v2\/categories?post=7804"},{"taxonomy":"post_tag","embeddable":true,"href":"https:\/\/sinprofaz.org.br\/2024\/wp-json\/wp\/v2\/tags?post=7804"}],"curies":[{"name":"wp","href":"https:\/\/api.w.org\/{rel}","templated":true}]}}