{"id":7796,"date":"2018-02-22T19:25:06","date_gmt":"2018-02-22T19:25:06","guid":{"rendered":"http:\/\/www.sinprofaz.org.br\/?p=7796"},"modified":"2018-02-27T19:07:59","modified_gmt":"2018-02-27T19:07:59","slug":"diretoria-acompanha-participacao-do-sinprofaz-em-audiencia-no-senado","status":"publish","type":"post","link":"https:\/\/sinprofaz.org.br\/2024\/noticias\/diretoria-acompanha-participacao-do-sinprofaz-em-audiencia-no-senado\/","title":{"rendered":"DIRETORIA ACOMPANHA PARTICIPA\u00c7\u00c3O DO SINPROFAZ EM AUDI\u00caNCIA NO SENADO"},"content":{"rendered":"<p>O SINPROFAZ, representado pelo presidente Achilles Frias, comp\u00f4s a mesa de debates em audi\u00eancia p\u00fablica realizada no Senado Federal em 6 de fevereiro. Na oportunidade, em que foi discutido o relat\u00f3rio da CPI da Previd\u00eancia, estiveram presentes os diretores Iolanda Guindani, Jos\u00e9 Ernane Brito, Giuliano Menezes, Andr\u00e9 Campello, Val\u00e9ria Ferreira e Carlos Alexandre Torres.<\/p>\n<p>Ao longo da reuni\u00e3o, os diretores assistiram ao presidente do SINPROFAZ, que exp\u00f4s quest\u00f5es como o preju\u00edzo dos parcelamentos peri\u00f3dicos conhecidos por Refis, o risco dos projetos de terceiriza\u00e7\u00e3o e privatiza\u00e7\u00e3o da d\u00edvida ativa da Uni\u00e3o, a fal\u00e1cia da PEC 287, que pretendeu extinguir a Previd\u00eancia Social, e o ataque, pelo Governo Federal, aos agentes p\u00fablicos e Institui\u00e7\u00f5es do Estado. A \u00edntegra da exposi\u00e7\u00e3o de Achilles Frias pode ser assistida em goo.gl\/jVfvTc.<\/p>\n<p>No Senado Federal, a diretoria do SINPROFAZ esteve ainda com Alvaro Dias (PODE\/PR). Pr\u00e9-candidato \u00e0 presid\u00eancia da Rep\u00fablica, o senador manifestou interesse em se reunir formalmente com os representantes do Sindicato para melhor compreender os pleitos da Carreira. O encontro deve ocorrer \u00e0 semelhan\u00e7a daquele realizado com o tamb\u00e9m pr\u00e9-candidato Ciro Gomes &#8211; reuni\u00e3o que ocorreu em 16 de fevereiro, no Cear\u00e1.<\/p>\n\n\t\t<style type=\"text\/css\">\n\t\t\t#gallery-1 {\n\t\t\t\tmargin: auto;\n\t\t\t}\n\t\t\t#gallery-1 .gallery-item {\n\t\t\t\tfloat: left;\n\t\t\t\tmargin-top: 10px;\n\t\t\t\ttext-align: center;\n\t\t\t\twidth: 33%;\n\t\t\t}\n\t\t\t#gallery-1 img {\n\t\t\t\tborder: 2px solid #cfcfcf;\n\t\t\t}\n\t\t\t#gallery-1 .gallery-caption {\n\t\t\t\tmargin-left: 0;\n\t\t\t}\n\t\t\t\/* see gallery_shortcode() in wp-includes\/media.php *\/\n\t\t<\/style>\n\t\t<div id='gallery-1' class='gallery galleryid-7796 gallery-columns-3 gallery-size-thumbnail'><dl class='gallery-item'>\n\t\t\t<dt class='gallery-icon landscape'>\n\t\t\t\t<a href='https:\/\/sinprofaz.org.br\/2024\/wp-content\/uploads\/2018\/02\/025.jpg'><img loading=\"lazy\" decoding=\"async\" width=\"150\" height=\"150\" src=\"https:\/\/sinprofaz.org.br\/2024\/wp-content\/uploads\/2018\/02\/025-150x150.jpg\" class=\"attachment-thumbnail size-thumbnail\" alt=\"\" \/><\/a>\n\t\t\t<\/dt><\/dl>\n\t\t\t<br style='clear: both' \/>\n\t\t<\/div>\n\n","protected":false},"excerpt":{"rendered":"<p>Na oportunidade, em que foi discutido o relat\u00f3rio da CPI da Previd\u00eancia, estiveram presentes, al\u00e9m do presidente Achilles Frias, os diretores Iolanda Guindani, Jos\u00e9 Ernane Brito, Giuliano Menezes, Andr\u00e9 Campello, Val\u00e9ria Ferreira e Carlos Alexandre Torres.<\/p>\n","protected":false},"author":2,"featured_media":7798,"comment_status":"open","ping_status":"open","sticky":false,"template":"","format":"standard","meta":{"footnotes":""},"categories":[8],"tags":[32,53,25],"featured_image_url":"https:\/\/sinprofaz.org.br\/2024\/wp-content\/uploads\/2018\/02\/019-800x198.jpg","character_count":823,"formatted_date":"22\/02\/2018 - 19:25","contentNovo":"O SINPROFAZ, representado pelo presidente Achilles Frias, comp\u00f4s a mesa de debates em audi\u00eancia p\u00fablica realizada no Senado Federal em 6 de fevereiro. Na oportunidade, em que foi discutido o relat\u00f3rio da CPI da Previd\u00eancia, estiveram presentes os diretores Iolanda Guindani, Jos\u00e9 Ernane Brito, Giuliano Menezes, Andr\u00e9 Campello, Val\u00e9ria Ferreira e Carlos Alexandre Torres.\r\n\r\nAo longo da reuni\u00e3o, os diretores assistiram ao presidente do SINPROFAZ, que exp\u00f4s quest\u00f5es como o preju\u00edzo dos parcelamentos peri\u00f3dicos conhecidos por Refis, o risco dos projetos de terceiriza\u00e7\u00e3o e privatiza\u00e7\u00e3o da d\u00edvida ativa da Uni\u00e3o, a fal\u00e1cia da PEC 287, que pretendeu extinguir a Previd\u00eancia Social, e o ataque, pelo Governo Federal, aos agentes p\u00fablicos e Institui\u00e7\u00f5es do Estado. A \u00edntegra da exposi\u00e7\u00e3o de Achilles Frias pode ser assistida em goo.gl\/jVfvTc.\r\n\r\nNo Senado Federal, a diretoria do SINPROFAZ esteve ainda com Alvaro Dias (PODE\/PR). Pr\u00e9-candidato \u00e0 presid\u00eancia da Rep\u00fablica, o senador manifestou interesse em se reunir formalmente com os representantes do Sindicato para melhor compreender os pleitos da Carreira. O encontro deve ocorrer \u00e0 semelhan\u00e7a daquele realizado com o tamb\u00e9m pr\u00e9-candidato Ciro Gomes - reuni\u00e3o que ocorreu em 16 de fevereiro, no Cear\u00e1.\r\n\r\n[gallery link=\"file\" ids=\"7797\"]","_links":{"self":[{"href":"https:\/\/sinprofaz.org.br\/2024\/wp-json\/wp\/v2\/posts\/7796"}],"collection":[{"href":"https:\/\/sinprofaz.org.br\/2024\/wp-json\/wp\/v2\/posts"}],"about":[{"href":"https:\/\/sinprofaz.org.br\/2024\/wp-json\/wp\/v2\/types\/post"}],"author":[{"embeddable":true,"href":"https:\/\/sinprofaz.org.br\/2024\/wp-json\/wp\/v2\/users\/2"}],"replies":[{"embeddable":true,"href":"https:\/\/sinprofaz.org.br\/2024\/wp-json\/wp\/v2\/comments?post=7796"}],"version-history":[{"count":1,"href":"https:\/\/sinprofaz.org.br\/2024\/wp-json\/wp\/v2\/posts\/7796\/revisions"}],"predecessor-version":[{"id":7799,"href":"https:\/\/sinprofaz.org.br\/2024\/wp-json\/wp\/v2\/posts\/7796\/revisions\/7799"}],"wp:featuredmedia":[{"embeddable":true,"href":"https:\/\/sinprofaz.org.br\/2024\/wp-json\/wp\/v2\/media\/7798"}],"wp:attachment":[{"href":"https:\/\/sinprofaz.org.br\/2024\/wp-json\/wp\/v2\/media?parent=7796"}],"wp:term":[{"taxonomy":"category","embeddable":true,"href":"https:\/\/sinprofaz.org.br\/2024\/wp-json\/wp\/v2\/categories?post=7796"},{"taxonomy":"post_tag","embeddable":true,"href":"https:\/\/sinprofaz.org.br\/2024\/wp-json\/wp\/v2\/tags?post=7796"}],"curies":[{"name":"wp","href":"https:\/\/api.w.org\/{rel}","templated":true}]}}