{"id":779,"date":"2012-05-11T11:35:26","date_gmt":"2012-05-11T11:35:26","guid":{"rendered":""},"modified":"-0001-11-30T00:00:00","modified_gmt":"-0001-11-30T03:00:00","slug":"campanha-salarial-aumenta-pressao-das-carreiras-em-brasilia-e-nos-estados","status":"publish","type":"post","link":"https:\/\/sinprofaz.org.br\/2024\/noticias\/campanha-salarial-aumenta-pressao-das-carreiras-em-brasilia-e-nos-estados\/","title":{"rendered":"Campanha salarial: aumenta press\u00e3o das carreiras em Bras\u00edlia e nos estados"},"content":{"rendered":"<p>Em Bras\u00edlia e outras 14 grandes cidades brasileiras, membros das carreiras da AGU e defensores p\u00fablicos federais se reuniram para protestar contra o descaso do governo em rela\u00e7\u00e3o \u00e0s reivindica\u00e7\u00f5es da campanha salarial. Debateram tamb\u00e9m estrat\u00e9gias para dar continuidade \u00e0 mobiliza\u00e7\u00e3o nacional.<\/p>\n<p>A maioria dos atos foi organizada em conjunto por delegados sindicais das entidades representativas das carreiras da Advocacia P\u00fablica Federal, em algumas localidades com apoio da OAB.<\/p>\n<h3>S\u00e3o Paulo<\/h3>\n<p>Mais de 120 advogados p\u00fablicos federais se reuniram na PRFN3 em uma produtiva mobiliza\u00e7\u00e3o de todas as carreiras da AGU, representadas pelo SINPROFAZ, Anpprev, Anpaf, Anajur, APBC, Anauni e Unafe, al\u00e9m de representante da OAB-SP.<\/p>\n<p>Houve manifesta\u00e7\u00f5es incisivas das bases das associa\u00e7\u00f5es, que criticaram a in\u00e9rcia da AGU ao n\u00e3o defender publicamente os destinos das suas carreiras. Foram anotadas sugest\u00f5es e o evento resultou em uma uni\u00e3o ainda maior de todas as associa\u00e7\u00f5es em torno da intensifica\u00e7\u00e3o da mobiliza\u00e7\u00e3o.<\/p>\n<h3>Vit\u00f3ria<\/h3>\n<p>Cerca de 30 representantes da AGU e da DPU se reuniram em assembleia na seccional da OAB por cerca de duas horas. O n\u00famero \u00e9 expressivo para o Esp\u00edrito Santo que conta com cerca de 70 advogados p\u00fablicos.<\/p>\n<p>Foram discutidas v\u00e1rias propostas para intensificar o processo de mobiliza\u00e7\u00e3o, como visitas \u00e0s chefias da AGU, Pol\u00edcia Federal e Fisco, visitas aos parlamentares nas bases estaduais, cria\u00e7\u00e3o de mecanismos de comunica\u00e7\u00e3o em massa, como as redes sociais, para fortalecer a mobiliza\u00e7\u00e3o, e solicita\u00e7\u00e3o de apoio institucional das OABs.<\/p>\n<h3>Macei\u00f3<\/h3>\n<p>Procuradores da Fazenda Nacional, Procuradores Federais e Advogados da Uni\u00e3o se reuniram na Ordem dos Advogados do Brasil (OAB\/AL) para pressionar o governo federal por melhorias estruturais, amplia\u00e7\u00e3o do quadro de servidores auxiliares e readequa\u00e7\u00e3o salarial em rela\u00e7\u00e3o \u00e0 Justi\u00e7a Federal e ao Minist\u00e9rio P\u00fablico Federal.<\/p>\n<p>Al\u00e9m da defasagem salarial em rela\u00e7\u00e3o a ju\u00edzes e promotores, uma das principais cr\u00edticas levantadas no encontro foi a falta de servidores.<\/p>\n<h3>Recife<\/h3>\n<p>O evento contou com grande ades\u00e3o dos Procuradores lotados na PRFN5. Foram expostas as reivindica\u00e7\u00f5es e a necessidade de as categorias se manterem mobilizadas, al\u00e9m de buscar agregar novos colegas de todas as carreiras envolvidas na luta pelas demandas comuns.<\/p>\n<h3>Rio de Janeiro<\/h3>\n<p>Estiveram presentes \u00e0 reuni\u00e3o realizada no Rio de Janeiro aproximadamente 70 Advogados P\u00fablicos Federais. Ap\u00f3s os debates, onde ficou evidenciado o sentimento de que o AGU n\u00e3o atua em sintonia com os interesses das carreiras, foi deliberada a forma\u00e7\u00e3o de grupos para visita\u00e7\u00e3o a parlamentares e outros agentes p\u00fablicos para que a causa da Advocacia P\u00fablica fique mais conhecida, bem como a busca de poss\u00edveis interlocutores no di\u00e1logo com o Governo. Deliberou-se ainda, por maioria, a elabora\u00e7\u00e3o de Nota de Rep\u00fadio ao posicionamento do Ministro Adams, bem como ao pr\u00f3prio ministro, tendo em vista o posicionamento externado por ele na reuni\u00e3o realizada com os representantes sindicais em 08\/05\/2012.<\/p>\n<p>&nbsp;<\/p>\n<div style=\"text-align: center;\">\n<p><img loading=\"lazy\" decoding=\"async\" style=\"margin-right: 5px; border: 1px solid #000000;\" alt=\"Campanha salarial: aumenta press\u00e3o das carreiras em Bras\u00edlia e nos estados\" src=\"images\/noticias\/mobilizacao-campanha-salarial-estados\/fotos-2011-409.jpg\" height=\"135\" width=\"180\" \/><img loading=\"lazy\" decoding=\"async\" style=\"margin-right: 5px; border: 1px solid #000000;\" alt=\"Campanha salarial: aumenta press\u00e3o das carreiras em Bras\u00edlia e nos estados\" src=\"images\/noticias\/mobilizacao-campanha-salarial-estados\/fotos-2011-410.jpg\" height=\"135\" width=\"180\" \/><img loading=\"lazy\" decoding=\"async\" style=\"border: 1px solid #000000;\" alt=\"Campanha salarial: aumenta press\u00e3o das carreiras em Bras\u00edlia e nos estados\" src=\"images\/noticias\/mobilizacao-campanha-salarial-estados\/fotos-2011-414.jpg\" height=\"135\" width=\"180\" \/><\/p>\n<p><img loading=\"lazy\" decoding=\"async\" style=\"margin-right: 5px; border: 1px solid #000000;\" alt=\"Campanha salarial: aumenta press\u00e3o das carreiras em Bras\u00edlia e nos estados\" src=\"images\/noticias\/mobilizacao-campanha-salarial-estados\/fotos-2011-415.jpg\" height=\"135\" width=\"180\" \/><img loading=\"lazy\" decoding=\"async\" style=\"margin-right: 5px; border: 1px solid #000000;\" alt=\"Campanha salarial: aumenta press\u00e3o das carreiras em Bras\u00edlia e nos estados\" src=\"images\/noticias\/mobilizacao-campanha-salarial-estados\/fotos-2011-419.jpg\" height=\"135\" width=\"180\" \/><img loading=\"lazy\" decoding=\"async\" style=\"border: 1px solid #000000;\" alt=\"Campanha salarial: aumenta press\u00e3o das carreiras em Bras\u00edlia e nos estados\" src=\"images\/noticias\/mobilizacao-campanha-salarial-estados\/fotos-2011-419.jpg\" height=\"135\" width=\"180\" \/><\/p>\n<p><img loading=\"lazy\" decoding=\"async\" style=\"margin-right: 5px; border: 1px solid #000000;\" alt=\"Campanha salarial: aumenta press\u00e3o das carreiras em Bras\u00edlia e nos estados\" src=\"images\/noticias\/mobilizacao-campanha-salarial-estados\/paralisacao-es.jpg\" height=\"135\" width=\"180\" \/><img loading=\"lazy\" decoding=\"async\" style=\"border: 1px solid #000000;\" alt=\"Campanha salarial: aumenta press\u00e3o das carreiras em Bras\u00edlia e nos estados\" src=\"images\/noticias\/mobilizacao-campanha-salarial-estados\/paralisacao-pe.jpg\" height=\"135\" width=\"180\" \/><\/p>\n<\/div>\n<p style=\"margin-top: 80px; text-align: center;\"><img decoding=\"async\" style=\"border: 1px solid #000000;\" title=\"Mobiliza\u00e7\u00e3o\" alt=\"Banner Mobiliza\u00e7\u00e3o\" src=\"\/images\/noticias\/mobilizacao.gif\" \/><\/p>\n","protected":false},"excerpt":{"rendered":"<p>A paralisa\u00e7\u00e3o nacional desta quarta-feira, 9\/5, teve ades\u00e3o significativa de advogados e defensores p\u00fablicos federais. Atos v\u00e3o se intensificar nos pr\u00f3ximos dias.<\/p>\n","protected":false},"author":1,"featured_media":0,"comment_status":"closed","ping_status":"open","sticky":false,"template":"","format":"standard","meta":{"footnotes":""},"categories":[8],"tags":[],"featured_image_url":"https:\/\/dummyimage.com\/720x400","character_count":1551,"formatted_date":"11\/05\/2012 - 11:35","contentNovo":"\r\n<p>Em Bras\u00edlia e outras 14 grandes cidades brasileiras, membros das carreiras da AGU e defensores p\u00fablicos federais se reuniram para protestar contra o descaso do governo em rela\u00e7\u00e3o \u00e0s reivindica\u00e7\u00f5es da campanha salarial. Debateram tamb\u00e9m estrat\u00e9gias para dar continuidade \u00e0 mobiliza\u00e7\u00e3o nacional.<\/p>\r\n<p>A maioria dos atos foi organizada em conjunto por delegados sindicais das entidades representativas das carreiras da Advocacia P\u00fablica Federal, em algumas localidades com apoio da OAB.<\/p>\r\nS\u00e3o Paulo\r\n<p>Mais de 120 advogados p\u00fablicos federais se reuniram na PRFN3 em uma produtiva mobiliza\u00e7\u00e3o de todas as carreiras da AGU, representadas pelo SINPROFAZ, Anpprev, Anpaf, Anajur, APBC, Anauni e Unafe, al\u00e9m de representante da OAB-SP.<\/p>\r\n<p>Houve manifesta\u00e7\u00f5es incisivas das bases das associa\u00e7\u00f5es, que criticaram a in\u00e9rcia da AGU ao n\u00e3o defender publicamente os destinos das suas carreiras. Foram anotadas sugest\u00f5es e o evento resultou em uma uni\u00e3o ainda maior de todas as associa\u00e7\u00f5es em torno da intensifica\u00e7\u00e3o da mobiliza\u00e7\u00e3o.<\/p>\r\nVit\u00f3ria\r\n<p>Cerca de 30 representantes da AGU e da DPU se reuniram em assembleia na seccional da OAB por cerca de duas horas. O n\u00famero \u00e9 expressivo para o Esp\u00edrito Santo que conta com cerca de 70 advogados p\u00fablicos.<\/p>\r\n<p>Foram discutidas v\u00e1rias propostas para intensificar o processo de mobiliza\u00e7\u00e3o, como visitas \u00e0s chefias da AGU, Pol\u00edcia Federal e Fisco, visitas aos parlamentares nas bases estaduais, cria\u00e7\u00e3o de mecanismos de comunica\u00e7\u00e3o em massa, como as redes sociais, para fortalecer a mobiliza\u00e7\u00e3o, e solicita\u00e7\u00e3o de apoio institucional das OABs.<\/p>\r\nMacei\u00f3\r\n<p>Procuradores da Fazenda Nacional, Procuradores Federais e Advogados da Uni\u00e3o se reuniram na Ordem dos Advogados do Brasil (OAB\/AL) para pressionar o governo federal por melhorias estruturais, amplia\u00e7\u00e3o do quadro de servidores auxiliares e readequa\u00e7\u00e3o salarial em rela\u00e7\u00e3o \u00e0 Justi\u00e7a Federal e ao Minist\u00e9rio P\u00fablico Federal.<\/p>\r\n<p>Al\u00e9m da defasagem salarial em rela\u00e7\u00e3o a ju\u00edzes e promotores, uma das principais cr\u00edticas levantadas no encontro foi a falta de servidores.<\/p>\r\nRecife\r\n<p>O evento contou com grande ades\u00e3o dos Procuradores lotados na PRFN5. Foram expostas as reivindica\u00e7\u00f5es e a necessidade de as categorias se manterem mobilizadas, al\u00e9m de buscar agregar novos colegas de todas as carreiras envolvidas na luta pelas demandas comuns.<\/p>\r\nRio de Janeiro\r\n<p>Estiveram presentes \u00e0 reuni\u00e3o realizada no Rio de Janeiro aproximadamente 70 Advogados P\u00fablicos Federais. Ap\u00f3s os debates, onde ficou evidenciado o sentimento de que o AGU n\u00e3o atua em sintonia com os interesses das carreiras, foi deliberada a forma\u00e7\u00e3o de grupos para visita\u00e7\u00e3o a parlamentares e outros agentes p\u00fablicos para que a causa da Advocacia P\u00fablica fique mais conhecida, bem como a busca de poss\u00edveis interlocutores no di\u00e1logo com o Governo. Deliberou-se ainda, por maioria, a elabora\u00e7\u00e3o de Nota de Rep\u00fadio ao posicionamento do Ministro Adams, bem como ao pr\u00f3prio ministro, tendo em vista o posicionamento externado por ele na reuni\u00e3o realizada com os representantes sindicais em 08\/05\/2012.<\/p>\r\n<p>&nbsp;<\/p>\r\n\r\n<p><\/p>\r\n<p><\/p>\r\n<p><\/p>\r\n\r\n<p style=\"margin-top: 80px; text-align: center;\"><\/p>","_links":{"self":[{"href":"https:\/\/sinprofaz.org.br\/2024\/wp-json\/wp\/v2\/posts\/779"}],"collection":[{"href":"https:\/\/sinprofaz.org.br\/2024\/wp-json\/wp\/v2\/posts"}],"about":[{"href":"https:\/\/sinprofaz.org.br\/2024\/wp-json\/wp\/v2\/types\/post"}],"author":[{"embeddable":true,"href":"https:\/\/sinprofaz.org.br\/2024\/wp-json\/wp\/v2\/users\/1"}],"replies":[{"embeddable":true,"href":"https:\/\/sinprofaz.org.br\/2024\/wp-json\/wp\/v2\/comments?post=779"}],"version-history":[{"count":0,"href":"https:\/\/sinprofaz.org.br\/2024\/wp-json\/wp\/v2\/posts\/779\/revisions"}],"wp:attachment":[{"href":"https:\/\/sinprofaz.org.br\/2024\/wp-json\/wp\/v2\/media?parent=779"}],"wp:term":[{"taxonomy":"category","embeddable":true,"href":"https:\/\/sinprofaz.org.br\/2024\/wp-json\/wp\/v2\/categories?post=779"},{"taxonomy":"post_tag","embeddable":true,"href":"https:\/\/sinprofaz.org.br\/2024\/wp-json\/wp\/v2\/tags?post=779"}],"curies":[{"name":"wp","href":"https:\/\/api.w.org\/{rel}","templated":true}]}}