{"id":7786,"date":"2018-02-21T11:31:03","date_gmt":"2018-02-21T11:31:03","guid":{"rendered":"http:\/\/www.sinprofaz.org.br\/?p=7786"},"modified":"2018-02-22T12:12:12","modified_gmt":"2018-02-22T12:12:12","slug":"entidades-da-advocacia-publica-discutem-estrategias-para-defesa-de-prerrogativas","status":"publish","type":"post","link":"https:\/\/sinprofaz.org.br\/2024\/noticias\/entidades-da-advocacia-publica-discutem-estrategias-para-defesa-de-prerrogativas\/","title":{"rendered":"ENTIDADES DA ADVOCACIA P\u00daBLICA DISCUTEM ESTRAT\u00c9GIAS PARA DEFESA DE PRERROGATIVAS"},"content":{"rendered":"<div>\n<p>Nesta ter\u00e7a-feira (20), entidades representativas da Advocacia P\u00fablica em n\u00edvel federal e estadual estiveram reunidas para debater estrat\u00e9gias de atua\u00e7\u00e3o conjunta em defesa das prerrogativas dos advogados p\u00fablicos. O encontro ocorreu na sede da ANAPE, em Bras\u00edlia\/DF, e reuniu representantes do SINPROFAZ, ANAFE,\u00a0ANAJUR,\u00a0ANAUNI e ANPPREV. Representaram o SINPROFAZ o presidente Achilles Frias e o diretor Rodrigo Mellet.<\/p>\n<p>Na ocasi\u00e3o, as entidades discutiram a retomada do Movimento Nacional pela Advocacia P\u00fablica. Foram abordadas as a\u00e7\u00f5es que ser\u00e3o desenvolvidas para instituir mar\u00e7o como o m\u00eas da Advocacia P\u00fablica, centrando as comemora\u00e7\u00f5es no dia 7,\u00a0 j\u00e1 definido como Dia Nacional da Advocacia P\u00fablica. A proposta dessa mobiliza\u00e7\u00e3o \u00e9 conscientizar sociedade e Congresso Nacional a respeito da import\u00e2ncia do trabalho desempenhado pelos advogados p\u00fablicos.<\/p>\n\n\t\t<style type=\"text\/css\">\n\t\t\t#gallery-1 {\n\t\t\t\tmargin: auto;\n\t\t\t}\n\t\t\t#gallery-1 .gallery-item {\n\t\t\t\tfloat: left;\n\t\t\t\tmargin-top: 10px;\n\t\t\t\ttext-align: center;\n\t\t\t\twidth: 33%;\n\t\t\t}\n\t\t\t#gallery-1 img {\n\t\t\t\tborder: 2px solid #cfcfcf;\n\t\t\t}\n\t\t\t#gallery-1 .gallery-caption {\n\t\t\t\tmargin-left: 0;\n\t\t\t}\n\t\t\t\/* see gallery_shortcode() in wp-includes\/media.php *\/\n\t\t<\/style>\n\t\t<div id='gallery-1' class='gallery galleryid-7786 gallery-columns-3 gallery-size-thumbnail'><dl class='gallery-item'>\n\t\t\t<dt class='gallery-icon landscape'>\n\t\t\t\t<a href='https:\/\/sinprofaz.org.br\/2024\/wp-content\/uploads\/2018\/02\/a2.jpg'><img loading=\"lazy\" decoding=\"async\" width=\"150\" height=\"150\" src=\"https:\/\/sinprofaz.org.br\/2024\/wp-content\/uploads\/2018\/02\/a2-150x150.jpg\" class=\"attachment-thumbnail size-thumbnail\" alt=\"\" \/><\/a>\n\t\t\t<\/dt><\/dl><dl class='gallery-item'>\n\t\t\t<dt class='gallery-icon landscape'>\n\t\t\t\t<a href='https:\/\/sinprofaz.org.br\/2024\/wp-content\/uploads\/2018\/02\/a3.jpg'><img loading=\"lazy\" decoding=\"async\" width=\"150\" height=\"150\" src=\"https:\/\/sinprofaz.org.br\/2024\/wp-content\/uploads\/2018\/02\/a3-150x150.jpg\" class=\"attachment-thumbnail size-thumbnail\" alt=\"\" \/><\/a>\n\t\t\t<\/dt><\/dl><dl class='gallery-item'>\n\t\t\t<dt class='gallery-icon landscape'>\n\t\t\t\t<a href='https:\/\/sinprofaz.org.br\/2024\/wp-content\/uploads\/2018\/02\/a4.jpg'><img loading=\"lazy\" decoding=\"async\" width=\"150\" height=\"150\" src=\"https:\/\/sinprofaz.org.br\/2024\/wp-content\/uploads\/2018\/02\/a4-150x150.jpg\" class=\"attachment-thumbnail size-thumbnail\" alt=\"\" \/><\/a>\n\t\t\t<\/dt><\/dl><br style=\"clear: both\" \/><dl class='gallery-item'>\n\t\t\t<dt class='gallery-icon landscape'>\n\t\t\t\t<a href='https:\/\/sinprofaz.org.br\/2024\/wp-content\/uploads\/2018\/02\/a5.jpg'><img loading=\"lazy\" decoding=\"async\" width=\"150\" height=\"150\" src=\"https:\/\/sinprofaz.org.br\/2024\/wp-content\/uploads\/2018\/02\/a5-150x150.jpg\" class=\"attachment-thumbnail size-thumbnail\" alt=\"\" \/><\/a>\n\t\t\t<\/dt><\/dl>\n\t\t\t<br style='clear: both' \/>\n\t\t<\/div>\n\n<\/div>\n","protected":false},"excerpt":{"rendered":"<p>Entidades representativas da Advocacia P\u00fablica em n\u00edvel federal e estadual se reuniram para debater estrat\u00e9gias de defesa das prerrogativas dos advogados p\u00fablicos.  Representaram o SINPROFAZ o presidente Achilles Frias e o diretor Rodrigo Mellet.<\/p>\n","protected":false},"author":2,"featured_media":7787,"comment_status":"open","ping_status":"open","sticky":false,"template":"","format":"standard","meta":{"footnotes":""},"categories":[8],"tags":[34,32,25],"featured_image_url":"https:\/\/sinprofaz.org.br\/2024\/wp-content\/uploads\/2018\/02\/a1-800x198.jpg","character_count":642,"formatted_date":"21\/02\/2018 - 11:31","contentNovo":"\r\n\r\nNesta ter\u00e7a-feira (20), entidades representativas da Advocacia P\u00fablica em n\u00edvel federal e estadual estiveram reunidas para debater estrat\u00e9gias de atua\u00e7\u00e3o conjunta em defesa das prerrogativas dos advogados p\u00fablicos. O encontro ocorreu na sede da ANAPE, em Bras\u00edlia\/DF, e reuniu representantes do SINPROFAZ, ANAFE,\u00a0ANAJUR,\u00a0ANAUNI e ANPPREV. Representaram o SINPROFAZ o presidente Achilles Frias e o diretor Rodrigo Mellet.\r\n\r\nNa ocasi\u00e3o, as entidades discutiram a retomada do Movimento Nacional pela Advocacia P\u00fablica. Foram abordadas as a\u00e7\u00f5es que ser\u00e3o desenvolvidas para instituir mar\u00e7o como o m\u00eas da Advocacia P\u00fablica, centrando as comemora\u00e7\u00f5es no dia 7,\u00a0 j\u00e1 definido como Dia Nacional da Advocacia P\u00fablica. A proposta dessa mobiliza\u00e7\u00e3o \u00e9 conscientizar sociedade e Congresso Nacional a respeito da import\u00e2ncia do trabalho desempenhado pelos advogados p\u00fablicos.\r\n\r\n[gallery link=\"file\" ids=\"7788,7789,7790,7791\"]\r\n\r\n","_links":{"self":[{"href":"https:\/\/sinprofaz.org.br\/2024\/wp-json\/wp\/v2\/posts\/7786"}],"collection":[{"href":"https:\/\/sinprofaz.org.br\/2024\/wp-json\/wp\/v2\/posts"}],"about":[{"href":"https:\/\/sinprofaz.org.br\/2024\/wp-json\/wp\/v2\/types\/post"}],"author":[{"embeddable":true,"href":"https:\/\/sinprofaz.org.br\/2024\/wp-json\/wp\/v2\/users\/2"}],"replies":[{"embeddable":true,"href":"https:\/\/sinprofaz.org.br\/2024\/wp-json\/wp\/v2\/comments?post=7786"}],"version-history":[{"count":2,"href":"https:\/\/sinprofaz.org.br\/2024\/wp-json\/wp\/v2\/posts\/7786\/revisions"}],"predecessor-version":[{"id":7793,"href":"https:\/\/sinprofaz.org.br\/2024\/wp-json\/wp\/v2\/posts\/7786\/revisions\/7793"}],"wp:featuredmedia":[{"embeddable":true,"href":"https:\/\/sinprofaz.org.br\/2024\/wp-json\/wp\/v2\/media\/7787"}],"wp:attachment":[{"href":"https:\/\/sinprofaz.org.br\/2024\/wp-json\/wp\/v2\/media?parent=7786"}],"wp:term":[{"taxonomy":"category","embeddable":true,"href":"https:\/\/sinprofaz.org.br\/2024\/wp-json\/wp\/v2\/categories?post=7786"},{"taxonomy":"post_tag","embeddable":true,"href":"https:\/\/sinprofaz.org.br\/2024\/wp-json\/wp\/v2\/tags?post=7786"}],"curies":[{"name":"wp","href":"https:\/\/api.w.org\/{rel}","templated":true}]}}