{"id":7776,"date":"2018-02-19T13:17:14","date_gmt":"2018-02-19T13:17:14","guid":{"rendered":"http:\/\/www.sinprofaz.org.br\/?p=7776"},"modified":"2018-02-19T18:55:13","modified_gmt":"2018-02-19T18:55:13","slug":"no-senado-presidente-do-sinprofaz-aborda-questoes-relativas-a-atuacao-dos-pfns","status":"publish","type":"post","link":"https:\/\/sinprofaz.org.br\/2024\/noticias\/no-senado-presidente-do-sinprofaz-aborda-questoes-relativas-a-atuacao-dos-pfns\/","title":{"rendered":"NO SENADO, PRESIDENTE DO SINPROFAZ ABORDA QUEST\u00d5ES RELATIVAS \u00c0 ATUA\u00c7\u00c3O DOS PFNS"},"content":{"rendered":"<p>O procurador da Fazenda Nacional e presidente do SINPROFAZ, Achilles Frias, participou, no dia 6 de fevereiro, de audi\u00eancia p\u00fablica no Senado Federal para debate a respeito do relat\u00f3rio da CPI da Previd\u00eancia. A reuni\u00e3o, comandada pelo presidente da Comiss\u00e3o, o senador Paulo Paim (PT\/RS), contou com a presen\u00e7a dos senadores H\u00e9lio Jos\u00e9 (PROS\/DF), F\u00e1tima Bezerra (PT\/RN) e Regina Sousa (PT\/PI) e do deputado federal Bohn Gass (PT\/RS).<\/p>\n<p>Em discurso aos presentes, o presidente do SINPROFAZ abordou quest\u00f5es como o preju\u00edzo dos parcelamentos peri\u00f3dicos conhecidos por Refis, o risco dos projetos de terceiriza\u00e7\u00e3o e privatiza\u00e7\u00e3o da d\u00edvida ativa da Uni\u00e3o, a fal\u00e1cia da PEC 287, que pretende extinguir a Previd\u00eancia Social, e o ataque, pelo Governo Federal, aos agentes p\u00fablicos e Institui\u00e7\u00f5es do Estado.<\/p>\n<p>Confira aqui a \u00edntegra da exposi\u00e7\u00e3o de Achilles Frias no Senado Federal:  <a href=\"https:\/\/goo.gl\/jVfvTc\" target=\"_blank\">goo.gl\/jVfvTc<\/a><\/p>\n","protected":false},"excerpt":{"rendered":"<p>O presidente abordou quest\u00f5es como o preju\u00edzo dos parcelamentos peri\u00f3dicos, o risco dos projetos de terceiriza\u00e7\u00e3o e privatiza\u00e7\u00e3o da DAU, a fal\u00e1cia da PEC 287 e o ataque do Governo Federal aos agentes p\u00fablicos e Institui\u00e7\u00f5es do Estado.<\/p>\n","protected":false},"author":2,"featured_media":7777,"comment_status":"open","ping_status":"open","sticky":false,"template":"","format":"standard","meta":{"footnotes":""},"categories":[8],"tags":[77,53,25],"featured_image_url":"https:\/\/sinprofaz.org.br\/2024\/wp-content\/uploads\/2018\/02\/017.jpg","character_count":457,"formatted_date":"19\/02\/2018 - 13:17","contentNovo":"<p>O procurador da Fazenda Nacional e presidente do SINPROFAZ, Achilles Frias, participou, no dia 6 de fevereiro, de audi\u00eancia p\u00fablica no Senado Federal para debate a respeito do relat\u00f3rio da CPI da Previd\u00eancia. A reuni\u00e3o, comandada pelo presidente da Comiss\u00e3o, o senador Paulo Paim (PT\/RS), contou com a presen\u00e7a dos senadores H\u00e9lio Jos\u00e9 (PROS\/DF), F\u00e1tima Bezerra (PT\/RN) e Regina Sousa (PT\/PI) e do deputado federal Bohn Gass (PT\/RS).<\/p><p>Em discurso aos presentes, o presidente do SINPROFAZ abordou quest\u00f5es como o preju\u00edzo dos parcelamentos peri\u00f3dicos conhecidos por Refis, o risco dos projetos de terceiriza\u00e7\u00e3o e privatiza\u00e7\u00e3o da d\u00edvida ativa da Uni\u00e3o, a fal\u00e1cia da PEC 287, que pretende extinguir a Previd\u00eancia Social, e o ataque, pelo Governo Federal, aos agentes p\u00fablicos e Institui\u00e7\u00f5es do Estado.<\/p><p>Confira aqui a \u00edntegra da exposi\u00e7\u00e3o de Achilles Frias no Senado Federal:  <a href=\"https:\/\/goo.gl\/jVfvTc\" target=\"_blank\">goo.gl\/jVfvTc<\/a><\/p>","_links":{"self":[{"href":"https:\/\/sinprofaz.org.br\/2024\/wp-json\/wp\/v2\/posts\/7776"}],"collection":[{"href":"https:\/\/sinprofaz.org.br\/2024\/wp-json\/wp\/v2\/posts"}],"about":[{"href":"https:\/\/sinprofaz.org.br\/2024\/wp-json\/wp\/v2\/types\/post"}],"author":[{"embeddable":true,"href":"https:\/\/sinprofaz.org.br\/2024\/wp-json\/wp\/v2\/users\/2"}],"replies":[{"embeddable":true,"href":"https:\/\/sinprofaz.org.br\/2024\/wp-json\/wp\/v2\/comments?post=7776"}],"version-history":[{"count":1,"href":"https:\/\/sinprofaz.org.br\/2024\/wp-json\/wp\/v2\/posts\/7776\/revisions"}],"predecessor-version":[{"id":7778,"href":"https:\/\/sinprofaz.org.br\/2024\/wp-json\/wp\/v2\/posts\/7776\/revisions\/7778"}],"wp:featuredmedia":[{"embeddable":true,"href":"https:\/\/sinprofaz.org.br\/2024\/wp-json\/wp\/v2\/media\/7777"}],"wp:attachment":[{"href":"https:\/\/sinprofaz.org.br\/2024\/wp-json\/wp\/v2\/media?parent=7776"}],"wp:term":[{"taxonomy":"category","embeddable":true,"href":"https:\/\/sinprofaz.org.br\/2024\/wp-json\/wp\/v2\/categories?post=7776"},{"taxonomy":"post_tag","embeddable":true,"href":"https:\/\/sinprofaz.org.br\/2024\/wp-json\/wp\/v2\/tags?post=7776"}],"curies":[{"name":"wp","href":"https:\/\/api.w.org\/{rel}","templated":true}]}}