{"id":7770,"date":"2018-02-16T20:04:22","date_gmt":"2018-02-16T20:04:22","guid":{"rendered":"http:\/\/www.sinprofaz.org.br\/?p=7770"},"modified":"2018-02-19T18:55:22","modified_gmt":"2018-02-19T18:55:22","slug":"ciro-gomes-recebe-sinprofaz","status":"publish","type":"post","link":"https:\/\/sinprofaz.org.br\/2024\/noticias\/ciro-gomes-recebe-sinprofaz\/","title":{"rendered":"CIRO GOMES RECEBE SINPROFAZ"},"content":{"rendered":"<p>O SINPROFAZ, representado pelo presidente Achilles Frias, pelo vice-presidente Juscelino Ferreira, pelo diretor Giuliano Menezes e pelos filiados Fernando Oliveira e Andr\u00e9 Allem\u00e3o, foi recebido pelo vice-presidente do PDT e pr\u00e9-candidato \u00e0 presid\u00eancia da Rep\u00fablica, Ciro Gomes. O encontro ocorreu hoje (16), na casa do pol\u00edtico, em Fortaleza\/CE.<\/p>\n<p>Na ocasi\u00e3o, os representantes do SINPROFAZ expuseram quest\u00f5es de interesse comum \u00e0 Carreira e \u00e0 sociedade em geral, como a necessidade de estrutura\u00e7\u00e3o da Procuradoria-Geral da Fazenda Nacional e o combate \u00e0 corrup\u00e7\u00e3o e \u00e0 sonega\u00e7\u00e3o fiscal. Esclarecido a respeito do trabalho desempenhado pelos PFNs, Ciro Gomes firmou compromisso com o SINPROFAZ no sentido de, se eleito, atuar pela garantia de recursos or\u00e7ament\u00e1rios e de carreira de apoio que auxiliem os procuradores da Fazenda no cumprimento de sua miss\u00e3o constitucional.<\/p>\n<p>Ciro Gomes assumiu ainda o compromisso de n\u00e3o promover Refis ao longo de seu mandato presidencial &#8211; a exemplo do que ocorreu enquanto foi governador do estado do Cear\u00e1, per\u00edodo no qual n\u00e3o houve nenhum refinanciamento.<\/p>\n\n\t\t<style type=\"text\/css\">\n\t\t\t#gallery-1 {\n\t\t\t\tmargin: auto;\n\t\t\t}\n\t\t\t#gallery-1 .gallery-item {\n\t\t\t\tfloat: left;\n\t\t\t\tmargin-top: 10px;\n\t\t\t\ttext-align: center;\n\t\t\t\twidth: 33%;\n\t\t\t}\n\t\t\t#gallery-1 img {\n\t\t\t\tborder: 2px solid #cfcfcf;\n\t\t\t}\n\t\t\t#gallery-1 .gallery-caption {\n\t\t\t\tmargin-left: 0;\n\t\t\t}\n\t\t\t\/* see gallery_shortcode() in wp-includes\/media.php *\/\n\t\t<\/style>\n\t\t<div id='gallery-1' class='gallery galleryid-7770 gallery-columns-3 gallery-size-thumbnail'><dl class='gallery-item'>\n\t\t\t<dt class='gallery-icon landscape'>\n\t\t\t\t<a href='https:\/\/sinprofaz.org.br\/2024\/wp-content\/uploads\/2018\/02\/023.jpg'><img loading=\"lazy\" decoding=\"async\" width=\"150\" height=\"150\" src=\"https:\/\/sinprofaz.org.br\/2024\/wp-content\/uploads\/2018\/02\/023-150x150.jpg\" class=\"attachment-thumbnail size-thumbnail\" alt=\"\" \/><\/a>\n\t\t\t<\/dt><\/dl><dl class='gallery-item'>\n\t\t\t<dt class='gallery-icon landscape'>\n\t\t\t\t<a href='https:\/\/sinprofaz.org.br\/2024\/wp-content\/uploads\/2018\/02\/032.jpg'><img loading=\"lazy\" decoding=\"async\" width=\"150\" height=\"150\" src=\"https:\/\/sinprofaz.org.br\/2024\/wp-content\/uploads\/2018\/02\/032-150x150.jpg\" class=\"attachment-thumbnail size-thumbnail\" alt=\"\" \/><\/a>\n\t\t\t<\/dt><\/dl><dl class='gallery-item'>\n\t\t\t<dt class='gallery-icon landscape'>\n\t\t\t\t<a href='https:\/\/sinprofaz.org.br\/2024\/wp-content\/uploads\/2018\/02\/042.jpg'><img loading=\"lazy\" decoding=\"async\" width=\"150\" height=\"150\" src=\"https:\/\/sinprofaz.org.br\/2024\/wp-content\/uploads\/2018\/02\/042-150x150.jpg\" class=\"attachment-thumbnail size-thumbnail\" alt=\"\" \/><\/a>\n\t\t\t<\/dt><\/dl><br style=\"clear: both\" \/>\n\t\t<\/div>\n\n","protected":false},"excerpt":{"rendered":"<p>O SINPROFAZ, representado por Achilles Frias, Juscelino Ferreira, Giuliano Menezes, Fernando Oliveira e Andr\u00e9 Allem\u00e3o, foi recebido pelo vice-presidente do PDT e pr\u00e9-candidato \u00e0 presid\u00eancia da Rep\u00fablica, Ciro Gomes.<\/p>\n","protected":false},"author":2,"featured_media":7774,"comment_status":"open","ping_status":"open","sticky":false,"template":"","format":"standard","meta":{"footnotes":""},"categories":[8],"tags":[27,123,25],"featured_image_url":"https:\/\/sinprofaz.org.br\/2024\/wp-content\/uploads\/2018\/02\/016-800x198.jpg","character_count":750,"formatted_date":"16\/02\/2018 - 20:04","contentNovo":"<p>O SINPROFAZ, representado pelo presidente Achilles Frias, pelo vice-presidente Juscelino Ferreira, pelo diretor Giuliano Menezes e pelos filiados Fernando Oliveira e Andr\u00e9 Allem\u00e3o, foi recebido pelo vice-presidente do PDT e pr\u00e9-candidato \u00e0 presid\u00eancia da Rep\u00fablica, Ciro Gomes. O encontro ocorreu hoje (16), na casa do pol\u00edtico, em Fortaleza\/CE.<\/p><p>Na ocasi\u00e3o, os representantes do SINPROFAZ expuseram quest\u00f5es de interesse comum \u00e0 Carreira e \u00e0 sociedade em geral, como a necessidade de estrutura\u00e7\u00e3o da Procuradoria-Geral da Fazenda Nacional e o combate \u00e0 corrup\u00e7\u00e3o e \u00e0 sonega\u00e7\u00e3o fiscal. Esclarecido a respeito do trabalho desempenhado pelos PFNs, Ciro Gomes firmou compromisso com o SINPROFAZ no sentido de, se eleito, atuar pela garantia de recursos or\u00e7ament\u00e1rios e de carreira de apoio que auxiliem os procuradores da Fazenda no cumprimento de sua miss\u00e3o constitucional.<\/p><p>Ciro Gomes assumiu ainda o compromisso de n\u00e3o promover Refis ao longo de seu mandato presidencial - a exemplo do que ocorreu enquanto foi governador do estado do Cear\u00e1, per\u00edodo no qual n\u00e3o houve nenhum refinanciamento.<\/p>\r\n[gallery link=\"file\" ids=\"7772,7773,7771\"]","_links":{"self":[{"href":"https:\/\/sinprofaz.org.br\/2024\/wp-json\/wp\/v2\/posts\/7770"}],"collection":[{"href":"https:\/\/sinprofaz.org.br\/2024\/wp-json\/wp\/v2\/posts"}],"about":[{"href":"https:\/\/sinprofaz.org.br\/2024\/wp-json\/wp\/v2\/types\/post"}],"author":[{"embeddable":true,"href":"https:\/\/sinprofaz.org.br\/2024\/wp-json\/wp\/v2\/users\/2"}],"replies":[{"embeddable":true,"href":"https:\/\/sinprofaz.org.br\/2024\/wp-json\/wp\/v2\/comments?post=7770"}],"version-history":[{"count":1,"href":"https:\/\/sinprofaz.org.br\/2024\/wp-json\/wp\/v2\/posts\/7770\/revisions"}],"predecessor-version":[{"id":7775,"href":"https:\/\/sinprofaz.org.br\/2024\/wp-json\/wp\/v2\/posts\/7770\/revisions\/7775"}],"wp:featuredmedia":[{"embeddable":true,"href":"https:\/\/sinprofaz.org.br\/2024\/wp-json\/wp\/v2\/media\/7774"}],"wp:attachment":[{"href":"https:\/\/sinprofaz.org.br\/2024\/wp-json\/wp\/v2\/media?parent=7770"}],"wp:term":[{"taxonomy":"category","embeddable":true,"href":"https:\/\/sinprofaz.org.br\/2024\/wp-json\/wp\/v2\/categories?post=7770"},{"taxonomy":"post_tag","embeddable":true,"href":"https:\/\/sinprofaz.org.br\/2024\/wp-json\/wp\/v2\/tags?post=7770"}],"curies":[{"name":"wp","href":"https:\/\/api.w.org\/{rel}","templated":true}]}}