{"id":774,"date":"2012-05-09T14:43:02","date_gmt":"2012-05-09T14:43:02","guid":{"rendered":""},"modified":"-0001-11-30T00:00:00","modified_gmt":"-0001-11-30T03:00:00","slug":"liderancas-da-advocacia-publica-reforcam-pleitos-na-camara","status":"publish","type":"post","link":"https:\/\/sinprofaz.org.br\/2024\/noticias\/liderancas-da-advocacia-publica-reforcam-pleitos-na-camara\/","title":{"rendered":"Lideran\u00e7as da Advocacia P\u00fablica refor\u00e7am pleitos na C\u00e2mara"},"content":{"rendered":"<p><img loading=\"lazy\" decoding=\"async\" style=\"margin-right: 10px; border: 1px solid #000000; float: left;\" alt=\"Lideran\u00e7as da Advocacia P\u00fablica refor\u00e7am pleitos na C\u00e2mara\" src=\"images\/noticias\/frente-parlamentar052012\/frente-parlamentar-01.jpg\" height=\"154\" width=\"218\" \/>Foi durante o relan\u00e7amento da Frente Parlamentar Mista em Defesa da Advocacia P\u00fablica. Deputado F\u00e1bio Trad assumiu coordena\u00e7\u00e3o e renovou compromissos com as carreiras.<\/p>\n<p>Deputados, advogados p\u00fablicos e lideran\u00e7as sindicais e associativas das carreiras da AGU e Defensoria P\u00fablica Federal estiveram presentes no evento, que ocorreu nesta ter\u00e7a-feira, 8 de maio, na C\u00e2mara.<\/p>\n<p>O novo coordenador da Frente, deputado F\u00e1bio Trad (PMDB-MS), ratificou os princ\u00edpios que nortearam a cria\u00e7\u00e3o do grupo parlamentar em agosto do ano passado: fortalecer a Advocacia P\u00fablica com a aprova\u00e7\u00e3o de <img loading=\"lazy\" decoding=\"async\" style=\"margin-left: 10px; border: 1px solid #000000; float: right;\" alt=\"Lideran\u00e7as da Advocacia P\u00fablica refor\u00e7am pleitos na C\u00e2mara\" src=\"images\/noticias\/frente-parlamentar052012\/frente-parlamentar-02.jpg\" height=\"114\" width=\"200\" \/>normas que tratem os advogados p\u00fablicos da mesma maneira que as demais Fun\u00e7\u00f5es Essenciais \u00e0 Justi\u00e7a, para a garantia de prerrogativas e a valoriza\u00e7\u00e3o dos profissionais.<\/p>\n<p>Trad reiterou sua satisfa\u00e7\u00e3o em liderar a Frente e renovou seus compromissos com as reivindica\u00e7\u00f5es das carreiras, ressaltando o direito ao recebimento de honor\u00e1rios e a aprova\u00e7\u00e3o das PECs 443 e 452, de 2009, que promovem a reforma da Advocacia P\u00fablica para garantir prerrogativas e remunera\u00e7\u00e3o condizentes com suas atribui\u00e7\u00f5es e em condi\u00e7\u00f5es de igualdade com as demais Fun\u00e7\u00f5es Essenciais \u00e0 Justi\u00e7a, conforme professa a Constitui\u00e7\u00e3o.<\/p>\n<p>O deputado comentou que pretende realizar um grande semin\u00e1rio no segundo semestre para debater especificamente as demandas da Advocacia P\u00fablica reunindo o Legislativo, as lideran\u00e7as sindicais e associativas e tamb\u00e9m representantes dos poderes Executivo e Judici\u00e1rio.<\/p>\n<p>Trad sugeriu que a mobiliza\u00e7\u00e3o das carreiras, al\u00e9m da atua\u00e7\u00e3o permanente no Congresso Nacional, avance para as redes sociais, citando como exemplo a PEC 270, sobre integralidade da aposentadoria por invalidez, hoje Emenda Constitucional n\u00ba 70. \u201cPrecisamos refor\u00e7ar esse debate no espa\u00e7o virtual, trocar ideias pelas redes sociais, que podem ser grandes aliadas nesse processo\u201d.<\/p>\n<p>Ele tamb\u00e9m alertou aos dirigentes para a apresenta\u00e7\u00e3o nesta quarta, 9, dos relat\u00f3rios parciais do projeto do novo CPC. O deputado \u00e9 o presidente da comiss\u00e3o especial que examina o PL 8.046\/10. Segundo Trad, o relat\u00f3rio final ser\u00e1 apresentado somente em 8 de agosto, mas conhecer o conte\u00fado dos relat\u00f3rios parciais \u00e9 fundamental para verificar se demandas como o recebimento de honor\u00e1rios pelos advogados foram contempladas. Sobre este assunto, o SINPROFAZ e o Forvm Nacional fizeram v\u00e1rias gest\u00f5es junto ao relator da parte geral do CPC, deputado Efraim Filho (DEM-PB).<\/p>\n<p>Ap\u00f3s as considera\u00e7\u00f5es iniciais, o deputado F\u00e1bio Trad franqueou a palavra aos dirigentes da Advocacia P\u00fablica Federal.<\/p>\n<p>Na oportunidade, os representantes das carreiras apresentaram os principais pleitos da mobiliza\u00e7\u00e3o e pediram apoio \u00e0 aprova\u00e7\u00e3o dos projetos de lei e propostas de emenda \u00e0 Constitui\u00e7\u00e3o que corrigem as disparidades entre as Fun\u00e7\u00f5es Essenciais \u00e0 <img loading=\"lazy\" decoding=\"async\" style=\"margin-left: 10px; float: right;\" alt=\"Lideran\u00e7as da Advocacia P\u00fablica refor\u00e7am pleitos na C\u00e2mara\" src=\"images\/noticias\/frente-parlamentar052012\/frente-parlamentar-03.jpg\" height=\"150\" width=\"200\" \/>Justi\u00e7a.<\/p>\n<p>O presidente do SINPROFAZ e do Forvm Nacional da Advocacia P\u00fablica Federal, Allan Titonelli, lembrou aos presentes que a inten\u00e7\u00e3o do Legislador Constituinte ao incluir a Advocacia P\u00fablica entre as Fun\u00e7\u00f5es Essenciais \u00e0 Justi\u00e7a foi criar um \u00f3rg\u00e3o t\u00e9cnico capaz de prestar aux\u00edlio ao governante e, ao mesmo tempo, resguardar os interesses sociais.<\/p>\n<p>Ele cobrou mais uma vez que os poderes constitu\u00eddos respeitem a Constitui\u00e7\u00e3o Federal: \u201cna Carta Magna n\u00e3o h\u00e1 hierarquia entre as Fun\u00e7\u00f5es Essenciais \u00e0 Justi\u00e7a, mas o que se observa hoje \u00e9 uma grande distor\u00e7\u00e3o pelo fato de o Minist\u00e9rio P\u00fablico e a Magistratura possu\u00edrem remunera\u00e7\u00e3o e prerrogativas muito melhores do que os membros da Advocacia P\u00fablica Federal\u201d, afirmou Titonelli.<\/p>\n<p>A mobiliza\u00e7\u00e3o pela valoriza\u00e7\u00e3o da Advocacia P\u00fablica Federal continua nesta quarta (9) com o Dia Nacional de Paralisa\u00e7\u00e3o de Advert\u00eancia. Veja a agenda atualizada dos eventos nos estados:<\/p>\n<h4>Bras\u00edlia<\/h4>\n<p><strong>Local:<\/strong> Mobiliza\u00e7\u00e3o em frente aos pr\u00e9dios da AGU, PGFN, PGBC e DPU<br \/> <strong>Hor\u00e1rio:<\/strong> 11h<\/p>\n<h4>S\u00e3o Paulo<\/h4>\n<p><strong>Local:<\/strong> Pr\u00e9dio da PRFN da 3\u00aa Regi\u00e3o, audit\u00f3rio, 1\u00ba andar, Av. Alameda Santos, 647, Cerqueira C\u00e9sar<br \/> <strong>Hor\u00e1rio:<\/strong> 14h30<\/p>\n<h4>Rio de Janeiro<\/h4>\n<p><strong>Local:<\/strong> Sede da OAB-RJ, Plen\u00e1rio Evandro Lins e Silva, av. Marechal C\u00e2mara, 150 \u2013 4\u00ba andar \u2013 Castelo<br \/> Hor\u00e1rio: 14h<\/p>\n<h4>Cuiab\u00e1<\/h4>\n<p><strong>Local:<\/strong> Sede da OAB-MT , 2\u00aa Avenida Transversal, S\/N &#8211; Centro Pol\u00edtico Administrativo<br \/> <strong>Hor\u00e1rio:<\/strong> 8h30<\/p>\n<h4>Belo Horizonte<\/h4>\n<p><strong>Local:<\/strong> Audit\u00f3rio da OABMG, na Rua Albita, 260 \u2013 Cruzeiro <strong>Hor\u00e1rio:<\/strong> a partir das 14h<\/p>\n<h4>Santos<\/h4>\n<p><strong>Local:<\/strong> Em frente ao pr\u00e9dio da Alf\u00e2ndega de Santos, na Pra\u00e7a da Rep\u00fablica, s\/n<br \/> <strong>Hor\u00e1rio:<\/strong> a partir das 14h<\/p>\n<h4>Natal<\/h4>\n<p><strong>Local:<\/strong> Audit\u00f3rio da Procuradoria Federal no Estado, na Avenida Almirante Alexandrino de Alencar, 1402 \u2013 Tirol<br \/> <strong>Hor\u00e1rio:<\/strong> a partir das 14h<\/p>\n<h4>Porto Alegre<\/h4>\n<p><strong>Local:<\/strong> Audit\u00f3rio da OAB em Porto Alegre, na Rua Washington Luiz, 1110, 13\u00ba andar, Centro<br \/> <strong>Hor\u00e1rio:<\/strong> a partir das 17h<\/p>\n<h4>Fortaleza<\/h4>\n<p><strong>Local:<\/strong> Plen\u00e1rio da OAB-CE, na Rua L\u00edvio Barreto, 668, Joaquim T\u00e1vora<br \/> <strong>Hor\u00e1rio:<\/strong> a partir das 14h<\/p>\n<h4>Teresina<\/h4>\n<p><strong>Local:<\/strong> Audit\u00f3rio da ESAPI na OAB\/PI, Rua Governador Tib\u00e9rio Nunes, Bairro Cabral<br \/> <strong>Hor\u00e1rio:<\/strong> a partir das 14h<\/p>\n<h4>Vit\u00f3ria<\/h4>\n<p><strong>Local:<\/strong> Sede da OAB-ES, Rua Alberto de Oliveira Santos, 59 . Ed. Ricamar 3\u00ba e 4\u00ba andares. Centro<br \/> <strong>Hor\u00e1rio:<\/strong> a partir das 14h<\/p>\n<h4>Florian\u00f3polis<\/h4>\n<p>Local: Escola da PGFN (Sede da PFN\/SC)<br \/> Hor\u00e1rio: 16h<\/p>\n<h4>Jo\u00e3o Pessoa<\/h4>\n<p><strong>Local:<\/strong> Audit\u00f3rio do INCRA\/PB (Rua Desportista Aur\u00e9lio Rocha, 592 &#8211; Pedro Gondim)<br \/> <strong>Hor\u00e1rio:<\/strong> 16h<\/p>\n<h4>Goi\u00e2nia<\/h4>\n<p><strong>Local:<\/strong> Audit\u00f3rio da PFN\/GO, Pra\u00e7a Dr. Pedro Ludovico Teixeira, 210 \u2013 Centro<br \/> <strong>Hor\u00e1rio:<\/strong> 14h30<\/p>\n<p style=\"margin-top: 80px; text-align: center;\"><img decoding=\"async\" style=\"border: 1px solid #000000;\" title=\"Mobiliza\u00e7\u00e3o\" alt=\"Banner Mobiliza\u00e7\u00e3o\" src=\"\/images\/noticias\/mobilizacao.gif\" \/><\/p>\n","protected":false},"excerpt":{"rendered":"<p>Foi durante o relan\u00e7amento da Frente Parlamentar Mista em Defesa da Advocacia P\u00fablica. Deputado F\u00e1bio Trad assumiu coordena\u00e7\u00e3o e renovou compromissos com as carreiras.<\/p>\n","protected":false},"author":1,"featured_media":0,"comment_status":"closed","ping_status":"open","sticky":false,"template":"","format":"standard","meta":{"footnotes":""},"categories":[8],"tags":[],"featured_image_url":"https:\/\/dummyimage.com\/720x400","character_count":2716,"formatted_date":"09\/05\/2012 - 14:43","contentNovo":"\r\n<p>Foi durante o relan\u00e7amento da Frente Parlamentar Mista em Defesa da Advocacia P\u00fablica. Deputado F\u00e1bio Trad assumiu coordena\u00e7\u00e3o e renovou compromissos com as carreiras.<\/p>\r\n<p>Deputados, advogados p\u00fablicos e lideran\u00e7as sindicais e associativas das carreiras da AGU e Defensoria P\u00fablica Federal estiveram presentes no evento, que ocorreu nesta ter\u00e7a-feira, 8 de maio, na C\u00e2mara.<\/p>\r\n<p>O novo coordenador da Frente, deputado F\u00e1bio Trad (PMDB-MS), ratificou os princ\u00edpios que nortearam a cria\u00e7\u00e3o do grupo parlamentar em agosto do ano passado: fortalecer a Advocacia P\u00fablica com a aprova\u00e7\u00e3o de normas que tratem os advogados p\u00fablicos da mesma maneira que as demais Fun\u00e7\u00f5es Essenciais \u00e0 Justi\u00e7a, para a garantia de prerrogativas e a valoriza\u00e7\u00e3o dos profissionais.<\/p>\r\n<p>Trad reiterou sua satisfa\u00e7\u00e3o em liderar a Frente e renovou seus compromissos com as reivindica\u00e7\u00f5es das carreiras, ressaltando o direito ao recebimento de honor\u00e1rios e a aprova\u00e7\u00e3o das PECs 443 e 452, de 2009, que promovem a reforma da Advocacia P\u00fablica para garantir prerrogativas e remunera\u00e7\u00e3o condizentes com suas atribui\u00e7\u00f5es e em condi\u00e7\u00f5es de igualdade com as demais Fun\u00e7\u00f5es Essenciais \u00e0 Justi\u00e7a, conforme professa a Constitui\u00e7\u00e3o.<\/p>\r\n<p>O deputado comentou que pretende realizar um grande semin\u00e1rio no segundo semestre para debater especificamente as demandas da Advocacia P\u00fablica reunindo o Legislativo, as lideran\u00e7as sindicais e associativas e tamb\u00e9m representantes dos poderes Executivo e Judici\u00e1rio.<\/p>\r\n<p>Trad sugeriu que a mobiliza\u00e7\u00e3o das carreiras, al\u00e9m da atua\u00e7\u00e3o permanente no Congresso Nacional, avance para as redes sociais, citando como exemplo a PEC 270, sobre integralidade da aposentadoria por invalidez, hoje Emenda Constitucional n\u00ba 70. \u201cPrecisamos refor\u00e7ar esse debate no espa\u00e7o virtual, trocar ideias pelas redes sociais, que podem ser grandes aliadas nesse processo\u201d.<\/p>\r\n<p>Ele tamb\u00e9m alertou aos dirigentes para a apresenta\u00e7\u00e3o nesta quarta, 9, dos relat\u00f3rios parciais do projeto do novo CPC. O deputado \u00e9 o presidente da comiss\u00e3o especial que examina o PL 8.046\/10. Segundo Trad, o relat\u00f3rio final ser\u00e1 apresentado somente em 8 de agosto, mas conhecer o conte\u00fado dos relat\u00f3rios parciais \u00e9 fundamental para verificar se demandas como o recebimento de honor\u00e1rios pelos advogados foram contempladas. Sobre este assunto, o SINPROFAZ e o Forvm Nacional fizeram v\u00e1rias gest\u00f5es junto ao relator da parte geral do CPC, deputado Efraim Filho (DEM-PB).<\/p>\r\n<p>Ap\u00f3s as considera\u00e7\u00f5es iniciais, o deputado F\u00e1bio Trad franqueou a palavra aos dirigentes da Advocacia P\u00fablica Federal.<\/p>\r\n<p>Na oportunidade, os representantes das carreiras apresentaram os principais pleitos da mobiliza\u00e7\u00e3o e pediram apoio \u00e0 aprova\u00e7\u00e3o dos projetos de lei e propostas de emenda \u00e0 Constitui\u00e7\u00e3o que corrigem as disparidades entre as Fun\u00e7\u00f5es Essenciais \u00e0 Justi\u00e7a.<\/p>\r\n<p>O presidente do SINPROFAZ e do Forvm Nacional da Advocacia P\u00fablica Federal, Allan Titonelli, lembrou aos presentes que a inten\u00e7\u00e3o do Legislador Constituinte ao incluir a Advocacia P\u00fablica entre as Fun\u00e7\u00f5es Essenciais \u00e0 Justi\u00e7a foi criar um \u00f3rg\u00e3o t\u00e9cnico capaz de prestar aux\u00edlio ao governante e, ao mesmo tempo, resguardar os interesses sociais.<\/p>\r\n<p>Ele cobrou mais uma vez que os poderes constitu\u00eddos respeitem a Constitui\u00e7\u00e3o Federal: \u201cna Carta Magna n\u00e3o h\u00e1 hierarquia entre as Fun\u00e7\u00f5es Essenciais \u00e0 Justi\u00e7a, mas o que se observa hoje \u00e9 uma grande distor\u00e7\u00e3o pelo fato de o Minist\u00e9rio P\u00fablico e a Magistratura possu\u00edrem remunera\u00e7\u00e3o e prerrogativas muito melhores do que os membros da Advocacia P\u00fablica Federal\u201d, afirmou Titonelli.<\/p>\r\n<p>A mobiliza\u00e7\u00e3o pela valoriza\u00e7\u00e3o da Advocacia P\u00fablica Federal continua nesta quarta (9) com o Dia Nacional de Paralisa\u00e7\u00e3o de Advert\u00eancia. Veja a agenda atualizada dos eventos nos estados:<\/p>\r\nBras\u00edlia\r\n<p><strong>Local:<\/strong> Mobiliza\u00e7\u00e3o em frente aos pr\u00e9dios da AGU, PGFN, PGBC e DPU <strong>Hor\u00e1rio:<\/strong> 11h<\/p>\r\nS\u00e3o Paulo\r\n<p><strong>Local:<\/strong> Pr\u00e9dio da PRFN da 3\u00aa Regi\u00e3o, audit\u00f3rio, 1\u00ba andar, Av. Alameda Santos, 647, Cerqueira C\u00e9sar <strong>Hor\u00e1rio:<\/strong> 14h30<\/p>\r\nRio de Janeiro\r\n<p><strong>Local:<\/strong> Sede da OAB-RJ, Plen\u00e1rio Evandro Lins e Silva, av. Marechal C\u00e2mara, 150 \u2013 4\u00ba andar \u2013 Castelo Hor\u00e1rio: 14h<\/p>\r\nCuiab\u00e1\r\n<p><strong>Local:<\/strong> Sede da OAB-MT , 2\u00aa Avenida Transversal, S\/N - Centro Pol\u00edtico Administrativo <strong>Hor\u00e1rio:<\/strong> 8h30<\/p>\r\nBelo Horizonte\r\n<p><strong>Local:<\/strong> Audit\u00f3rio da OABMG, na Rua Albita, 260 \u2013 Cruzeiro <strong>Hor\u00e1rio:<\/strong> a partir das 14h<\/p>\r\nSantos\r\n<p><strong>Local:<\/strong> Em frente ao pr\u00e9dio da Alf\u00e2ndega de Santos, na Pra\u00e7a da Rep\u00fablica, s\/n <strong>Hor\u00e1rio:<\/strong> a partir das 14h<\/p>\r\nNatal\r\n<p><strong>Local:<\/strong> Audit\u00f3rio da Procuradoria Federal no Estado, na Avenida Almirante Alexandrino de Alencar, 1402 \u2013 Tirol <strong>Hor\u00e1rio:<\/strong> a partir das 14h<\/p>\r\nPorto Alegre\r\n<p><strong>Local:<\/strong> Audit\u00f3rio da OAB em Porto Alegre, na Rua Washington Luiz, 1110, 13\u00ba andar, Centro <strong>Hor\u00e1rio:<\/strong> a partir das 17h<\/p>\r\nFortaleza\r\n<p><strong>Local:<\/strong> Plen\u00e1rio da OAB-CE, na Rua L\u00edvio Barreto, 668, Joaquim T\u00e1vora <strong>Hor\u00e1rio:<\/strong> a partir das 14h<\/p>\r\nTeresina\r\n<p><strong>Local:<\/strong> Audit\u00f3rio da ESAPI na OAB\/PI, Rua Governador Tib\u00e9rio Nunes, Bairro Cabral <strong>Hor\u00e1rio:<\/strong> a partir das 14h<\/p>\r\nVit\u00f3ria\r\n<p><strong>Local:<\/strong> Sede da OAB-ES, Rua Alberto de Oliveira Santos, 59 . Ed. Ricamar 3\u00ba e 4\u00ba andares. Centro <strong>Hor\u00e1rio:<\/strong> a partir das 14h<\/p>\r\nFlorian\u00f3polis\r\n<p>Local: Escola da PGFN (Sede da PFN\/SC) Hor\u00e1rio: 16h<\/p>\r\nJo\u00e3o Pessoa\r\n<p><strong>Local:<\/strong> Audit\u00f3rio do INCRA\/PB (Rua Desportista Aur\u00e9lio Rocha, 592 - Pedro Gondim) <strong>Hor\u00e1rio:<\/strong> 16h<\/p>\r\nGoi\u00e2nia\r\n<p><strong>Local:<\/strong> Audit\u00f3rio da PFN\/GO, Pra\u00e7a Dr. Pedro Ludovico Teixeira, 210 \u2013 Centro <strong>Hor\u00e1rio:<\/strong> 14h30<\/p>\r\n<p style=\"margin-top: 80px; text-align: center;\"><\/p>","_links":{"self":[{"href":"https:\/\/sinprofaz.org.br\/2024\/wp-json\/wp\/v2\/posts\/774"}],"collection":[{"href":"https:\/\/sinprofaz.org.br\/2024\/wp-json\/wp\/v2\/posts"}],"about":[{"href":"https:\/\/sinprofaz.org.br\/2024\/wp-json\/wp\/v2\/types\/post"}],"author":[{"embeddable":true,"href":"https:\/\/sinprofaz.org.br\/2024\/wp-json\/wp\/v2\/users\/1"}],"replies":[{"embeddable":true,"href":"https:\/\/sinprofaz.org.br\/2024\/wp-json\/wp\/v2\/comments?post=774"}],"version-history":[{"count":0,"href":"https:\/\/sinprofaz.org.br\/2024\/wp-json\/wp\/v2\/posts\/774\/revisions"}],"wp:attachment":[{"href":"https:\/\/sinprofaz.org.br\/2024\/wp-json\/wp\/v2\/media?parent=774"}],"wp:term":[{"taxonomy":"category","embeddable":true,"href":"https:\/\/sinprofaz.org.br\/2024\/wp-json\/wp\/v2\/categories?post=774"},{"taxonomy":"post_tag","embeddable":true,"href":"https:\/\/sinprofaz.org.br\/2024\/wp-json\/wp\/v2\/tags?post=774"}],"curies":[{"name":"wp","href":"https:\/\/api.w.org\/{rel}","templated":true}]}}