{"id":7735,"date":"2018-02-07T13:47:49","date_gmt":"2018-02-07T13:47:49","guid":{"rendered":"http:\/\/www.sinprofaz.org.br\/?p=7735"},"modified":"2018-02-07T15:41:19","modified_gmt":"2018-02-07T15:41:19","slug":"em-audiencia-no-senado-sinprofaz-denuncia-falacias-da-reforma-da-previdencia","status":"publish","type":"post","link":"https:\/\/sinprofaz.org.br\/2024\/noticias\/em-audiencia-no-senado-sinprofaz-denuncia-falacias-da-reforma-da-previdencia\/","title":{"rendered":"EM AUDI\u00caNCIA NO SENADO, SINPROFAZ DENUNCIA FAL\u00c1CIAS DA REFORMA DA PREVID\u00caNCIA"},"content":{"rendered":"<p>Ap\u00f3s beneficiar grandes empres\u00e1rios com o perd\u00e3o de suas d\u00edvidas e renunciar a bilh\u00f5es de reais, o Governo Federal cede \u00e0 press\u00e3o das ag\u00eancias internacionais de risco e usa a reforma da Previd\u00eancia como moeda de troca para que a nota do pa\u00eds n\u00e3o seja rebaixada.<\/p>\n<p>A den\u00fancia foi feita ontem (6), no Senado Federal, pelo procurador da Fazenda Nacional e presidente do SINPROFAZ, Achilles Frias. Assista: <a href=\"https:\/\/www.youtube.com\/watch?v=NMdc07xCLl0\">goo.gl\/hwJGyp<\/a><\/p>\n","protected":false},"excerpt":{"rendered":"<p>Ap\u00f3s beneficiar empres\u00e1rios com o perd\u00e3o das d\u00edvidas e renunciar a bilh\u00f5es de reais, o Governo cede \u00e0 press\u00e3o das ag\u00eancias internacionais de risco e usa a reforma como moeda de troca para que a nota do pa\u00eds n\u00e3o seja rebaixada.<\/p>\n","protected":false},"author":2,"featured_media":7741,"comment_status":"open","ping_status":"open","sticky":false,"template":"","format":"standard","meta":{"footnotes":""},"categories":[8],"tags":[77,53,25],"featured_image_url":"https:\/\/sinprofaz.org.br\/2024\/wp-content\/uploads\/2018\/02\/ddfd-800x198.jpg","character_count":214,"formatted_date":"07\/02\/2018 - 13:47","contentNovo":"Ap\u00f3s beneficiar grandes empres\u00e1rios com o perd\u00e3o de suas d\u00edvidas e renunciar a bilh\u00f5es de reais, o Governo Federal cede \u00e0 press\u00e3o das ag\u00eancias internacionais de risco e usa a reforma da Previd\u00eancia como moeda de troca para que a nota do pa\u00eds n\u00e3o seja rebaixada.\r\n\r\n\r\nA den\u00fancia foi feita ontem (6), no Senado Federal, pelo procurador da Fazenda Nacional e presidente do SINPROFAZ, Achilles Frias. Assista: <a href=\"https:\/\/www.youtube.com\/watch?v=NMdc07xCLl0\">goo.gl\/hwJGyp<\/a>","_links":{"self":[{"href":"https:\/\/sinprofaz.org.br\/2024\/wp-json\/wp\/v2\/posts\/7735"}],"collection":[{"href":"https:\/\/sinprofaz.org.br\/2024\/wp-json\/wp\/v2\/posts"}],"about":[{"href":"https:\/\/sinprofaz.org.br\/2024\/wp-json\/wp\/v2\/types\/post"}],"author":[{"embeddable":true,"href":"https:\/\/sinprofaz.org.br\/2024\/wp-json\/wp\/v2\/users\/2"}],"replies":[{"embeddable":true,"href":"https:\/\/sinprofaz.org.br\/2024\/wp-json\/wp\/v2\/comments?post=7735"}],"version-history":[{"count":8,"href":"https:\/\/sinprofaz.org.br\/2024\/wp-json\/wp\/v2\/posts\/7735\/revisions"}],"predecessor-version":[{"id":7745,"href":"https:\/\/sinprofaz.org.br\/2024\/wp-json\/wp\/v2\/posts\/7735\/revisions\/7745"}],"wp:featuredmedia":[{"embeddable":true,"href":"https:\/\/sinprofaz.org.br\/2024\/wp-json\/wp\/v2\/media\/7741"}],"wp:attachment":[{"href":"https:\/\/sinprofaz.org.br\/2024\/wp-json\/wp\/v2\/media?parent=7735"}],"wp:term":[{"taxonomy":"category","embeddable":true,"href":"https:\/\/sinprofaz.org.br\/2024\/wp-json\/wp\/v2\/categories?post=7735"},{"taxonomy":"post_tag","embeddable":true,"href":"https:\/\/sinprofaz.org.br\/2024\/wp-json\/wp\/v2\/tags?post=7735"}],"curies":[{"name":"wp","href":"https:\/\/api.w.org\/{rel}","templated":true}]}}