{"id":7723,"date":"2018-02-06T18:27:30","date_gmt":"2018-02-06T18:27:30","guid":{"rendered":"http:\/\/www.sinprofaz.org.br\/?p=7723"},"modified":"2018-02-06T18:48:22","modified_gmt":"2018-02-06T18:48:22","slug":"nota-de-repudio-4","status":"publish","type":"post","link":"https:\/\/sinprofaz.org.br\/2024\/noticias\/nota-de-repudio-4\/","title":{"rendered":"NOTA DE REP\u00daDIO"},"content":{"rendered":"<p>O Sindicato Nacional dos Procuradores da Fazenda Nacional vem repudiar o uso do perfil oficial da Advocacia-Geral da Uni\u00e3o (AGU), no Facebook, como propaganda pol\u00edtica, visando a aprova\u00e7\u00e3o da imoral e injusta reforma da Previd\u00eancia.<\/p>\n<p>A AGU, como institui\u00e7\u00e3o de Estado, n\u00e3o pode servir para interesses pol\u00edtico-partid\u00e1rios. O projeto n\u00e3o visa resolver os problemas da Previd\u00eancia, mas apenas privatizar o gerenciamento de recursos bilion\u00e1rios do custeio desse importante sistema.<\/p>\n<p>Trata-se, mais uma vez, do uso indevido da m\u00e1quina p\u00fablica para fins pol\u00edticos. H\u00e1 not\u00edcias de acordos n\u00e3o republicanos, utiliza\u00e7\u00e3o excessiva de verbas p\u00fablicas em publicidade, negocia\u00e7\u00e3o de cargos estrat\u00e9gicos da na\u00e7\u00e3o por apoio e, agora, utiliza\u00e7\u00e3o de redes sociais oficiais para aprova\u00e7\u00e3o da reforma.<\/p>\n<p>Os atuais e futuros aposentados n\u00e3o quebrar\u00e3o o pa\u00eds. O futuro do Brasil \u00e9 sonegado diariamente pelos in\u00fameros perd\u00f5es de d\u00edvidas bilion\u00e1rias, sucateamento das carreiras de Estado e pela corrup\u00e7\u00e3o.<\/p>\n<p>&nbsp;<\/p>\n<p style=\"text-align: center;\">Sindicato Nacional dos Procuradores da Fazenda Nacional<\/p>\n","protected":false},"excerpt":{"rendered":"<p>O Sindicato Nacional dos Procuradores da Fazenda Nacional vem repudiar o uso do perfil oficial da Advocacia-Geral da Uni\u00e3o no Facebook como propaganda pol\u00edtica, visando a aprova\u00e7\u00e3o da imoral e injusta reforma da Previd\u00eancia.<\/p>\n","protected":false},"author":2,"featured_media":2630,"comment_status":"open","ping_status":"open","sticky":false,"template":"","format":"standard","meta":{"footnotes":""},"categories":[8],"tags":[43,32,25],"featured_image_url":"https:\/\/sinprofaz.org.br\/2024\/wp-content\/uploads\/2016\/01\/logo-sinprofaz1.jpg","character_count":542,"formatted_date":"06\/02\/2018 - 18:27","contentNovo":"O Sindicato Nacional dos Procuradores da Fazenda Nacional vem repudiar o uso do perfil oficial da Advocacia-Geral da Uni\u00e3o (AGU), no Facebook, como propaganda pol\u00edtica, visando a aprova\u00e7\u00e3o da imoral e injusta reforma da Previd\u00eancia.\r\n\r\nA AGU, como institui\u00e7\u00e3o de Estado, n\u00e3o pode servir para interesses pol\u00edtico-partid\u00e1rios. O projeto n\u00e3o visa resolver os problemas da Previd\u00eancia, mas apenas privatizar o gerenciamento de recursos bilion\u00e1rios do custeio desse importante sistema.\r\n\r\nTrata-se, mais uma vez, do uso indevido da m\u00e1quina p\u00fablica para fins pol\u00edticos. H\u00e1 not\u00edcias de acordos n\u00e3o republicanos, utiliza\u00e7\u00e3o excessiva de verbas p\u00fablicas em publicidade, negocia\u00e7\u00e3o de cargos estrat\u00e9gicos da na\u00e7\u00e3o por apoio e, agora, utiliza\u00e7\u00e3o de redes sociais oficiais para aprova\u00e7\u00e3o da reforma.\r\n\r\nOs atuais e futuros aposentados n\u00e3o quebrar\u00e3o o pa\u00eds. O futuro do Brasil \u00e9 sonegado diariamente pelos in\u00fameros perd\u00f5es de d\u00edvidas bilion\u00e1rias, sucateamento das carreiras de Estado e pela corrup\u00e7\u00e3o.\r\n\r\n&nbsp;\r\n<p style=\"text-align: center;\">Sindicato Nacional dos Procuradores da Fazenda Nacional<\/p>","_links":{"self":[{"href":"https:\/\/sinprofaz.org.br\/2024\/wp-json\/wp\/v2\/posts\/7723"}],"collection":[{"href":"https:\/\/sinprofaz.org.br\/2024\/wp-json\/wp\/v2\/posts"}],"about":[{"href":"https:\/\/sinprofaz.org.br\/2024\/wp-json\/wp\/v2\/types\/post"}],"author":[{"embeddable":true,"href":"https:\/\/sinprofaz.org.br\/2024\/wp-json\/wp\/v2\/users\/2"}],"replies":[{"embeddable":true,"href":"https:\/\/sinprofaz.org.br\/2024\/wp-json\/wp\/v2\/comments?post=7723"}],"version-history":[{"count":7,"href":"https:\/\/sinprofaz.org.br\/2024\/wp-json\/wp\/v2\/posts\/7723\/revisions"}],"predecessor-version":[{"id":7730,"href":"https:\/\/sinprofaz.org.br\/2024\/wp-json\/wp\/v2\/posts\/7723\/revisions\/7730"}],"wp:featuredmedia":[{"embeddable":true,"href":"https:\/\/sinprofaz.org.br\/2024\/wp-json\/wp\/v2\/media\/2630"}],"wp:attachment":[{"href":"https:\/\/sinprofaz.org.br\/2024\/wp-json\/wp\/v2\/media?parent=7723"}],"wp:term":[{"taxonomy":"category","embeddable":true,"href":"https:\/\/sinprofaz.org.br\/2024\/wp-json\/wp\/v2\/categories?post=7723"},{"taxonomy":"post_tag","embeddable":true,"href":"https:\/\/sinprofaz.org.br\/2024\/wp-json\/wp\/v2\/tags?post=7723"}],"curies":[{"name":"wp","href":"https:\/\/api.w.org\/{rel}","templated":true}]}}